{"id":36918,"date":"2025-05-15T13:52:34","date_gmt":"2025-05-15T19:52:34","guid":{"rendered":"https:\/\/elmexiquense.vip\/?p=36918"},"modified":"2025-05-15T13:52:36","modified_gmt":"2025-05-15T19:52:36","slug":"dif-ixtapaluca-reconoce-la-labor-docente-y-rinde-homenaje-a-olivia-arvizu-en-el-dia-del-maestro","status":"publish","type":"post","link":"https:\/\/elmexiquense.vip\/?p=36918","title":{"rendered":"DIF Ixtapaluca reconoce la labor docente y rinde homenaje a Olivia Arvizu en el D\u00eda del Maestro >>>"},"content":{"rendered":"\n<p><strong>#Ixtapaluca, #Edom\u00e9x<\/strong>.- El Sistema DIF Ixtapaluca extendi\u00f3 una c\u00e1lida felicitaci\u00f3n a todas las maestras y maestros en el marco de la celebraci\u00f3n del D\u00eda del Maestro, reconociendo su dedicaci\u00f3n, vocaci\u00f3n y el papel fundamental que desempe\u00f1an en la formaci\u00f3n de futuras generaciones. A trav\u00e9s de un mensaje institucional, se destac\u00f3 que su labor no solo educa, sino que transforma, orienta y deja huellas imborrables en la vida de ni\u00f1as, ni\u00f1os y j\u00f3venes.<\/p>\n\n\n\n<p>La instituci\u00f3n reconoci\u00f3 el esfuerzo diario del magisterio, as\u00ed como su infinita paciencia y compromiso con el desarrollo integral de la ni\u00f1ez y juventud. En este contexto, se hizo un especial reconocimiento a la presidenta del DIF Ixtapaluca, Olivia Arvizu, quien durante muchos a\u00f1os se desempe\u00f1\u00f3 como docente, demostrando un profundo amor por la ense\u00f1anza y siendo ejemplo de entrega, empat\u00eda y pasi\u00f3n.<\/p>\n\n\n\n<p>Asimismo, se rindi\u00f3 homenaje a todas las docentes que prestan sus servicios en los Centros de Desarrollo Infantil del DIF Ixtapaluca. La instituci\u00f3n subray\u00f3 que su dedicaci\u00f3n es clave para que las ni\u00f1as y ni\u00f1os crezcan en entornos seguros, amorosos y propicios para el aprendizaje.<\/p>\n\n\n\n<p>El mensaje concluy\u00f3 con un agradecimiento a quienes siembran conocimiento y cultivan sue\u00f1os, celebrando no solo su labor, sino tambi\u00e9n su vocaci\u00f3n, entrega y gran coraz\u00f3n.<\/p>\n\n\n\n<p><strong>#ElMexiquenseVIP<\/strong> &#8211; <a href=\"https:\/\/www.facebook.com\/ElMexiquenseVIP\/\"><strong>El Mexiquense VIP<\/strong><\/a><\/p>\n","protected":false},"excerpt":{"rendered":"<p>#Ixtapaluca, #Edom\u00e9x.- El Sistema DIF Ixtapaluca extendi\u00f3 una c\u00e1lida felicitaci\u00f3n a todas las maestras y maestros en el marco de<\/p>\n","protected":false},"author":8,"featured_media":36919,"comment_status":"open","ping_status":"open","sticky":false,"template":"","format":"standard","meta":{"colormag_page_container_layout":"default_layout","colormag_page_sidebar_layout":"default_layout","rop_custom_images_group":[],"rop_custom_messages_group":[],"rop_publish_now":"yes","rop_publish_now_accounts":{"facebook_102468208940364_894887317217274":""},"rop_publish_now_history":[],"rop_publish_now_status":"pending","footnotes":""},"categories":[683],"tags":[379,376,217,136,378,377],"class_list":["post-36918","post","type-post","status-publish","format-standard","has-post-thumbnail","hentry","category-dif","tag-en-vivo","tag-enterate","tag-gobierno-de-mexico","tag-gobierno-del-estado-de-mexico","tag-ultimahora","tag-ultimas-noticias"],"_links":{"self":[{"href":"https:\/\/elmexiquense.vip\/index.php?rest_route=\/wp\/v2\/posts\/36918","targetHints":{"allow":["GET"]}}],"collection":[{"href":"https:\/\/elmexiquense.vip\/index.php?rest_route=\/wp\/v2\/posts"}],"about":[{"href":"https:\/\/elmexiquense.vip\/index.php?rest_route=\/wp\/v2\/types\/post"}],"author":[{"embeddable":true,"href":"https:\/\/elmexiquense.vip\/index.php?rest_route=\/wp\/v2\/users\/8"}],"replies":[{"embeddable":true,"href":"https:\/\/elmexiquense.vip\/index.php?rest_route=%2Fwp%2Fv2%2Fcomments&post=36918"}],"version-history":[{"count":1,"href":"https:\/\/elmexiquense.vip\/index.php?rest_route=\/wp\/v2\/posts\/36918\/revisions"}],"predecessor-version":[{"id":36920,"href":"https:\/\/elmexiquense.vip\/index.php?rest_route=\/wp\/v2\/posts\/36918\/revisions\/36920"}],"wp:featuredmedia":[{"embeddable":true,"href":"https:\/\/elmexiquense.vip\/index.php?rest_route=\/wp\/v2\/media\/36919"}],"wp:attachment":[{"href":"https:\/\/elmexiquense.vip\/index.php?rest_route=%2Fwp%2Fv2%2Fmedia&parent=36918"}],"wp:term":[{"taxonomy":"category","embeddable":true,"href":"https:\/\/elmexiquense.vip\/index.php?rest_route=%2Fwp%2Fv2%2Fcategories&post=36918"},{"taxonomy":"post_tag","embeddable":true,"href":"https:\/\/elmexiquense.vip\/index.php?rest_route=%2Fwp%2Fv2%2Ftags&post=36918"}],"curies":[{"name":"wp","href":"https:\/\/api.w.org\/{rel}","templated":true}]}}