{"id":37650,"date":"2025-06-16T13:00:00","date_gmt":"2025-06-16T19:00:00","guid":{"rendered":"https:\/\/elmexiquense.vip\/?p=37650"},"modified":"2025-06-16T13:59:43","modified_gmt":"2025-06-16T19:59:43","slug":"alcaldesa-romina-contreras-presente-en-el-inicio-del-seminario-fiscalizacion-avances-y-retos-en-el-estado-de-mexico-rominacdv-huixquigob","status":"publish","type":"post","link":"https:\/\/elmexiquense.vip\/?p=37650","title":{"rendered":"Alcaldesa Romina Contreras, presente en el inicio del seminario \u201cFiscalizaci\u00f3n: Avances y Retos en el Estado de M\u00e9xico\u201d \/ @RominaCDV @HuixquiGob >>>"},"content":{"rendered":"\n<p><strong>#EstadoDeM\u00e9xico<\/strong>, <strong>#M\u00e9xico<\/strong>.- Este martes, la presidenta municipal de Huixquilucan, <strong>Romina Contreras Carrasco<\/strong>, estuvo presente en el inicio del seminario <strong>\u201cFiscalizaci\u00f3n: Avances y Retos en el Estado de M\u00e9xico\u201d<\/strong>. El evento fue encabezado por la gobernadora<strong> Delfina G\u00f3mez \u00c1lvarez<\/strong> y reuni\u00f3 a diversas autoridades estatales y municipales. El seminario tiene como objetivo principal fortalecer los mecanismos de transparencia y control en el uso de los recursos p\u00fablicos. La participaci\u00f3n de Contreras Carrasco destac\u00f3 el compromiso del municipio con la rendici\u00f3n de cuentas. Su presencia reafirma la importancia de trabajar en conjunto por una mejor gesti\u00f3n gubernamental.<\/p>\n\n\n\n<p>Durante el evento, <strong>Romina Contreras<\/strong> expres\u00f3 su respaldo a los procesos de fiscalizaci\u00f3n como herramientas clave para mejorar la administraci\u00f3n p\u00fablica. Se\u00f1al\u00f3 que en <strong>#Huixquilucan <\/strong>se continuar\u00e1 promoviendo una cultura de transparencia. Esta postura busca brindar certeza a la ciudadan\u00eda sobre el uso adecuado del dinero p\u00fablico. Contreras Carrasco subray\u00f3 la relevancia de estos ejercicios para generar confianza social. El fortalecimiento institucional, dijo, debe ir de la mano con la participaci\u00f3n ciudadana.<\/p>\n\n\n\n<figure class=\"wp-block-image aligncenter size-medium\"><img loading=\"lazy\" decoding=\"async\" width=\"300\" height=\"200\" src=\"https:\/\/elmexiquense.vip\/wp-content\/uploads\/2025\/06\/romina-1-300x200.jpg\" alt=\"\" class=\"wp-image-37652\" srcset=\"https:\/\/elmexiquense.vip\/wp-content\/uploads\/2025\/06\/romina-1-300x200.jpg 300w, https:\/\/elmexiquense.vip\/wp-content\/uploads\/2025\/06\/romina-1.jpg 592w\" sizes=\"auto, (max-width: 300px) 100vw, 300px\" \/><\/figure>\n\n\n\n<p>La presidenta municipal reafirm\u00f3 que su administraci\u00f3n ser\u00e1 aliada permanente de la rendici\u00f3n de cuentas. Asegur\u00f3 que es fundamental garantizar que los recursos lleguen a donde realmente se necesitan. Para ello, se impulsar\u00e1n pr\u00e1cticas de evaluaci\u00f3n constante en todos los niveles del gobierno municipal. Estas acciones permitir\u00e1n una mejora continua en los servicios ofrecidos a la poblaci\u00f3n. El objetivo es construir un gobierno honesto, eficiente y cercano a la gente.<\/p>\n\n\n\n<p>Finalmente, Contreras Carrasco destac\u00f3 que la buena administraci\u00f3n se refleja en resultados concretos para la ciudadan\u00eda. Reiter\u00f3 su compromiso de trabajar de la mano con el gobierno estatal en temas de fiscalizaci\u00f3n. Enfatiz\u00f3 que la colaboraci\u00f3n entre niveles de gobierno es esencial para fortalecer la democracia. Asimismo, hizo un llamado a otros municipios a sumarse a este esfuerzo de transparencia. El evento concluy\u00f3 con mesas de trabajo y conferencias para el an\u00e1lisis de los retos actuales.<\/p>\n\n\n\n<figure class=\"wp-block-image aligncenter size-full\"><img loading=\"lazy\" decoding=\"async\" width=\"592\" height=\"395\" src=\"https:\/\/elmexiquense.vip\/wp-content\/uploads\/2025\/06\/romina-2.jpg\" alt=\"\" class=\"wp-image-37651\" srcset=\"https:\/\/elmexiquense.vip\/wp-content\/uploads\/2025\/06\/romina-2.jpg 592w, https:\/\/elmexiquense.vip\/wp-content\/uploads\/2025\/06\/romina-2-300x200.jpg 300w\" sizes=\"auto, (max-width: 592px) 100vw, 592px\" \/><\/figure>\n\n\n\n<p><\/p>\n","protected":false},"excerpt":{"rendered":"<p>#EstadoDeM\u00e9xico, #M\u00e9xico.- Este martes, la presidenta municipal de Huixquilucan, Romina Contreras Carrasco, estuvo presente en el inicio del seminario \u201cFiscalizaci\u00f3n:<\/p>\n","protected":false},"author":1,"featured_media":37651,"comment_status":"open","ping_status":"open","sticky":false,"template":"","format":"standard","meta":{"colormag_page_container_layout":"default_layout","colormag_page_sidebar_layout":"default_layout","rop_custom_images_group":[],"rop_custom_messages_group":[],"rop_publish_now":"initial","rop_publish_now_accounts":{"facebook_102468208940364_894887317217274":""},"rop_publish_now_history":[],"rop_publish_now_status":"pending","footnotes":""},"categories":[73],"tags":[515,436,787,177,91,379,45,376,217,136,149,486,414,378,377],"class_list":["post-37650","post","type-post","status-publish","format-standard","has-post-thumbnail","hentry","category-sobresaliente","tag-anuar-azar-figueroa","tag-cdm-pan-huixquilucan","tag-claudia-sheinbaum-pardo","tag-delfina-gomez-alvarez","tag-dif-huixquilucan","tag-en-vivo","tag-enrique-vargas-del-villar","tag-enterate","tag-gobierno-de-mexico","tag-gobierno-del-estado-de-mexico","tag-gobierno-municipal-de-huixquilucan","tag-miguel-angel-ramirez-zorro","tag-romina-contreras-carrasco","tag-ultimahora","tag-ultimas-noticias"],"_links":{"self":[{"href":"https:\/\/elmexiquense.vip\/index.php?rest_route=\/wp\/v2\/posts\/37650","targetHints":{"allow":["GET"]}}],"collection":[{"href":"https:\/\/elmexiquense.vip\/index.php?rest_route=\/wp\/v2\/posts"}],"about":[{"href":"https:\/\/elmexiquense.vip\/index.php?rest_route=\/wp\/v2\/types\/post"}],"author":[{"embeddable":true,"href":"https:\/\/elmexiquense.vip\/index.php?rest_route=\/wp\/v2\/users\/1"}],"replies":[{"embeddable":true,"href":"https:\/\/elmexiquense.vip\/index.php?rest_route=%2Fwp%2Fv2%2Fcomments&post=37650"}],"version-history":[{"count":1,"href":"https:\/\/elmexiquense.vip\/index.php?rest_route=\/wp\/v2\/posts\/37650\/revisions"}],"predecessor-version":[{"id":37653,"href":"https:\/\/elmexiquense.vip\/index.php?rest_route=\/wp\/v2\/posts\/37650\/revisions\/37653"}],"wp:featuredmedia":[{"embeddable":true,"href":"https:\/\/elmexiquense.vip\/index.php?rest_route=\/wp\/v2\/media\/37651"}],"wp:attachment":[{"href":"https:\/\/elmexiquense.vip\/index.php?rest_route=%2Fwp%2Fv2%2Fmedia&parent=37650"}],"wp:term":[{"taxonomy":"category","embeddable":true,"href":"https:\/\/elmexiquense.vip\/index.php?rest_route=%2Fwp%2Fv2%2Fcategories&post=37650"},{"taxonomy":"post_tag","embeddable":true,"href":"https:\/\/elmexiquense.vip\/index.php?rest_route=%2Fwp%2Fv2%2Ftags&post=37650"}],"curies":[{"name":"wp","href":"https:\/\/api.w.org\/{rel}","templated":true}]}}