{"id":40771,"date":"2025-11-05T22:11:28","date_gmt":"2025-11-06T04:11:28","guid":{"rendered":"https:\/\/elmexiquense.vip\/?p=40771"},"modified":"2025-11-05T22:11:28","modified_gmt":"2025-11-06T04:11:28","slug":"en-tecamac-difem-certifica-a-unidad-medica-mandarinas-faculta-la-expedicion-de-certificados-de-discapacidad-rosi_wong-ayuntatec2025","status":"publish","type":"post","link":"https:\/\/elmexiquense.vip\/?p=40771","title":{"rendered":"En Tec\u00e1mac, DIFEM certifica a Unidad M\u00e9dica Mandarinas: Faculta la expedici\u00f3n de certificados de discapacidad \/ @rosi_wong @AyuntaTec2025 >>>"},"content":{"rendered":"\n<p><strong>#Tec\u00e1mac<\/strong>,\u00a0<strong>#EstadoDeM\u00e9xico<\/strong>.-\u00a0El <strong>Sistema Municipal DIF de Tec\u00e1mac<\/strong> recibi\u00f3 del <strong>DIF Estado de M\u00e9xico (DIFEM)<\/strong> la <strong>certificaci\u00f3n oficial que acredita a la Unidad M\u00e9dica Mandarinas como Centro de Valoraci\u00f3n y Expedici\u00f3n del Certificado Electr\u00f3nico de Discapacidad (CEVADECE)<\/strong>. Este <strong>importante reconocimiento<\/strong> faculta a la unidad para <strong>evaluar formalmente el tipo y grado de discapacidad<\/strong> de los ciudadanos.<br>La medida tiene como objetivo <strong>mejorar de forma significativa los servicios de salud<\/strong>, en especial para la <strong>poblaci\u00f3n vulnerable del municipio<\/strong>.<\/p>\n\n\n\n<hr class=\"wp-block-separator has-alpha-channel-opacity\"\/>\n\n\n\n<h3 class=\"wp-block-heading\"><strong>Compromiso Municipal con Servicios Gratuitos<\/strong><\/h3>\n\n\n\n<p>La <strong>presidenta municipal, Rosi Wong Romero<\/strong>, mantiene un <strong>firme compromiso de optimizar la atenci\u00f3n m\u00e9dica<\/strong> en todas las <strong>Unidades del DIF Tec\u00e1mac<\/strong> y de <strong>garantizar servicios de calidad y gratuitos<\/strong>.<br>Por su parte, la <strong>directora del DIF Tec\u00e1mac, Roc\u00edo Miguel Hern\u00e1ndez<\/strong>, al <strong>recibir la placa de acreditaci\u00f3n<\/strong>, destac\u00f3 que <strong>el tr\u00e1mite para obtener el certificado ser\u00e1 totalmente gratuito<\/strong>, lo que representa un <strong>beneficio directo para quienes m\u00e1s lo necesitan<\/strong>. Los interesados <strong>podr\u00e1n realizar el tr\u00e1mite a partir de este mi\u00e9rcoles<\/strong>, acerc\u00e1ndose a una atenci\u00f3n m\u00e1s accesible e inclusiva.<\/p>\n\n\n\n<hr class=\"wp-block-separator has-alpha-channel-opacity\"\/>\n\n\n\n<h3 class=\"wp-block-heading\"><strong>Tr\u00e1mite Fundamental para la Inclusi\u00f3n<\/strong><\/h3>\n\n\n\n<p>El <strong>Certificado Electr\u00f3nico de Discapacidad<\/strong> es un <strong>documento esencial<\/strong> que <strong>abre la puerta a m\u00faltiples beneficios y programas de apoyo social<\/strong>. Este <strong>aval oficial<\/strong> permite a las personas <strong>acceder a servicios de rehabilitaci\u00f3n<\/strong>, <strong>recibir ayudas funcionales<\/strong> y <strong>participar en programas orientados a mejorar su calidad de vida e inclusi\u00f3n social<\/strong>. Con esta acreditaci\u00f3n, la <strong>Unidad M\u00e9dica Mandarinas<\/strong> queda <strong>oficialmente facultada para emitir este documento vital<\/strong> para la poblaci\u00f3n tecamaquense.<\/p>\n\n\n\n<figure class=\"wp-block-image aligncenter size-medium\"><img loading=\"lazy\" decoding=\"async\" width=\"300\" height=\"188\" src=\"https:\/\/elmexiquense.vip\/wp-content\/uploads\/2025\/11\/teca-2-e1762401983182-300x188.jpeg\" alt=\"\" class=\"wp-image-40772\"\/><\/figure>\n\n\n\n<hr class=\"wp-block-separator has-alpha-channel-opacity\"\/>\n\n\n\n<h3 class=\"wp-block-heading\"><strong>Mejora en la Cobertura y Atenci\u00f3n Asistencial<\/strong><\/h3>\n\n\n\n<p>La <strong>certificaci\u00f3n de la Unidad M\u00e9dica Mandarinas<\/strong> fue entregada por <strong>Rafael Laurencio Castillo<\/strong>, <strong>subdirector de Rehabilitaci\u00f3n de Personas con Discapacidad del DIFEM<\/strong>, y recibida por <strong>Roc\u00edo Miguel Hern\u00e1ndez<\/strong>, junto a la <strong>Dra. Beatriz Antonio Mendoza<\/strong>. Con esta <strong>nueva facultad<\/strong>, <strong>Tec\u00e1mac ampl\u00eda su cobertura y atenci\u00f3n a personas con discapacidad<\/strong>, fortaleciendo su red asistencial. El municipio <strong>integra ahora el CEVADECE a su Centro de Rehabilitaci\u00f3n (CER)<\/strong>, ubicado en <strong>Tec\u00e1mac Centro<\/strong>, consolidando una atenci\u00f3n m\u00e9dica m\u00e1s completa y cercana.<\/p>\n\n\n\n<hr class=\"wp-block-separator has-alpha-channel-opacity\"\/>\n\n\n\n<h3 class=\"wp-block-heading\"><strong>Doble Capacidad para la Atenci\u00f3n de la Discapacidad<\/strong><\/h3>\n\n\n\n<p>La <strong>incorporaci\u00f3n de la Unidad M\u00e9dica Mandarinas como CEVADECE<\/strong> complementa la <strong>oferta de servicios asistenciales<\/strong> ya existentes en la localidad. Antes, la poblaci\u00f3n <strong>depend\u00eda \u00fanicamente del Centro de Rehabilitaci\u00f3n (CER)<\/strong> del Gobierno del Estado, ubicado en <strong>Tec\u00e1mac Centro<\/strong>. Ahora, el <strong>DIF Municipal<\/strong> cuenta con <strong>una segunda sede especializada<\/strong>, lo que garantiza <strong>mayor capacidad de respuesta<\/strong>, <strong>mejor accesibilidad<\/strong> y <strong>una atenci\u00f3n m\u00e1s eficiente para la poblaci\u00f3n vulnerable de todo el municipio<\/strong>.<\/p>\n\n\n\n<p><strong>#ElMexiquenseVIP<\/strong>\u00a0\u2013<a href=\"https:\/\/www.facebook.com\/ElMexiquenseVIP\/\"><strong>El Mexiquense VIP<\/strong><\/a><\/p>\n\n\n\n<figure class=\"wp-block-image aligncenter size-large\"><img loading=\"lazy\" decoding=\"async\" width=\"1024\" height=\"652\" src=\"https:\/\/elmexiquense.vip\/wp-content\/uploads\/2025\/11\/teca-1-e1762402157453-1024x652.jpeg\" alt=\"\" class=\"wp-image-40773\"\/><\/figure>\n","protected":false},"excerpt":{"rendered":"<p>#Tec\u00e1mac,\u00a0#EstadoDeM\u00e9xico.-\u00a0El Sistema Municipal DIF de Tec\u00e1mac recibi\u00f3 del DIF Estado de M\u00e9xico (DIFEM) la certificaci\u00f3n oficial que acredita a la<\/p>\n","protected":false},"author":1,"featured_media":40773,"comment_status":"open","ping_status":"open","sticky":false,"template":"","format":"standard","meta":{"colormag_page_container_layout":"default_layout","colormag_page_sidebar_layout":"default_layout","rop_custom_images_group":[],"rop_custom_messages_group":[],"rop_publish_now":"no","rop_publish_now_accounts":{"facebook_102468208940364_894887317217274":""},"rop_publish_now_history":[{"account":"facebook_102468208940364_894887317217274","service":"facebook","timestamp":1762402306,"status":"success"}],"rop_publish_now_status":"done","footnotes":""},"categories":[34],"tags":[88,787,177,474,379,376,217,136,770,55,762,461,786,789,378,377],"class_list":["post-40771","post","type-post","status-publish","format-standard","has-post-thumbnail","hentry","category-alcaldesas","tag-amlo","tag-claudia-sheinbaum-pardo","tag-delfina-gomez-alvarez","tag-el-mexiquense-vip","tag-en-vivo","tag-enterate","tag-gobierno-de-mexico","tag-gobierno-del-estado-de-mexico","tag-luisa-maria-alcalde-lujan","tag-mariela-gutierrez-escalante","tag-miguel-angel-zorro","tag-noticias-tecamac","tag-rosi-wong-romero","tag-tecamac-ayuntamiento-del-bicentenario-2025-2027","tag-ultimahora","tag-ultimas-noticias"],"_links":{"self":[{"href":"https:\/\/elmexiquense.vip\/index.php?rest_route=\/wp\/v2\/posts\/40771","targetHints":{"allow":["GET"]}}],"collection":[{"href":"https:\/\/elmexiquense.vip\/index.php?rest_route=\/wp\/v2\/posts"}],"about":[{"href":"https:\/\/elmexiquense.vip\/index.php?rest_route=\/wp\/v2\/types\/post"}],"author":[{"embeddable":true,"href":"https:\/\/elmexiquense.vip\/index.php?rest_route=\/wp\/v2\/users\/1"}],"replies":[{"embeddable":true,"href":"https:\/\/elmexiquense.vip\/index.php?rest_route=%2Fwp%2Fv2%2Fcomments&post=40771"}],"version-history":[{"count":1,"href":"https:\/\/elmexiquense.vip\/index.php?rest_route=\/wp\/v2\/posts\/40771\/revisions"}],"predecessor-version":[{"id":40774,"href":"https:\/\/elmexiquense.vip\/index.php?rest_route=\/wp\/v2\/posts\/40771\/revisions\/40774"}],"wp:featuredmedia":[{"embeddable":true,"href":"https:\/\/elmexiquense.vip\/index.php?rest_route=\/wp\/v2\/media\/40773"}],"wp:attachment":[{"href":"https:\/\/elmexiquense.vip\/index.php?rest_route=%2Fwp%2Fv2%2Fmedia&parent=40771"}],"wp:term":[{"taxonomy":"category","embeddable":true,"href":"https:\/\/elmexiquense.vip\/index.php?rest_route=%2Fwp%2Fv2%2Fcategories&post=40771"},{"taxonomy":"post_tag","embeddable":true,"href":"https:\/\/elmexiquense.vip\/index.php?rest_route=%2Fwp%2Fv2%2Ftags&post=40771"}],"curies":[{"name":"wp","href":"https:\/\/api.w.org\/{rel}","templated":true}]}}