{"id":40775,"date":"2025-11-05T22:23:34","date_gmt":"2025-11-06T04:23:34","guid":{"rendered":"https:\/\/elmexiquense.vip\/?p=40775"},"modified":"2025-11-05T22:24:24","modified_gmt":"2025-11-06T04:24:24","slug":"entregan-nuevo-arcotecho-cumplen-promesa-y-fortalecen-infraestructura-educativa-en-cuautitlan-juanita_carri-ayytocuautitlan","status":"publish","type":"post","link":"https:\/\/elmexiquense.vip\/?p=40775","title":{"rendered":"Entregan nuevo arcotecho en Cuautitl\u00e1n: Cumplen promesa y fortalecen infraestructura educativa \/ @Juanita_Carri @AyytoCuautitlan"},"content":{"rendered":"\n<p><strong>#Cuautitl\u00e1n, #EstadoDeM\u00e9xico<\/strong>.-\u00a0 La <strong>presidenta municipal, Juanita Carrillo<\/strong>, encabez\u00f3 la <strong>entrega de un nuevo arcotecho en la Escuela Primaria Jes\u00fas Reyes Heroles<\/strong>, cumpliendo as\u00ed su <strong>promesa de gesti\u00f3n enfocada en el bienestar y la transformaci\u00f3n de Cuautitl\u00e1n<\/strong>. La Edil reafirm\u00f3 su convicci\u00f3n al se\u00f1alar: <strong>\u00abLlegamos para transformar y cambiar la vida de las y los cuautitlenses con obras de calidad y un uso eficiente de los recursos p\u00fablicos.\u00bb<\/strong> Anunci\u00f3 que, <strong>antes de concluir la administraci\u00f3n, todas las escuelas del municipio contar\u00e1n con esta infraestructura<\/strong>, garantizando <strong>espacios dignos y funcionales para la comunidad educativa<\/strong>.<\/p>\n\n\n\n<hr class=\"wp-block-separator has-alpha-channel-opacity\"\/>\n\n\n\n<h3 class=\"wp-block-heading\"><strong>Inversi\u00f3n en Sue\u00f1os y en el Futuro de la Ni\u00f1ez<\/strong><\/h3>\n\n\n\n<p>Esta <strong>obra, la tercera entregada en planteles de educaci\u00f3n b\u00e1sica y media superior durante el a\u00f1o<\/strong>, representa para la alcaldesa <strong>m\u00e1s que una mejora f\u00edsica<\/strong>, siendo <strong>una inversi\u00f3n directa en la seguridad y el futuro de la ni\u00f1ez cuautitlense<\/strong>. <strong>Juanita Carrillo<\/strong> destac\u00f3: <strong>\u00abAqu\u00ed no solo construimos techos, construimos los sue\u00f1os de nuestros ni\u00f1os y ni\u00f1as. Ellos son lo m\u00e1s importante para un gobierno que piensa en el futuro de Cuautitl\u00e1n.\u00bb<\/strong> El esfuerzo refleja la <strong>prioridad que el gobierno municipal otorga a la educaci\u00f3n como base del desarrollo social<\/strong>.<\/p>\n\n\n\n<hr class=\"wp-block-separator has-alpha-channel-opacity\"\/>\n\n\n\n<h3 class=\"wp-block-heading\"><strong>Un Espacio Digno y Seguro para la Comunidad<\/strong><\/h3>\n\n\n\n<p>El <strong>director de Obras P\u00fablicas, Felipe M\u00e9ndez<\/strong>, detall\u00f3 que el <strong>nuevo arcotecho fue construido con diez columnas de acero, vigas met\u00e1licas y una cubierta con malla de seguridad de alta durabilidad<\/strong>.<br>Esta <strong>s\u00f3lida estructura<\/strong> permitir\u00e1 a la comunidad escolar <strong>realizar actividades deportivas, c\u00edvicas y culturales con mayor comodidad y seguridad<\/strong>. Adem\u00e1s, gracias a una <strong>administraci\u00f3n responsable y transparente de los recursos p\u00fablicos<\/strong>, la obra <strong>se entreg\u00f3 con pintura y reforzamientos adicionales sin generar sobrecostos<\/strong>, demostrando eficiencia y compromiso.<\/p>\n\n\n\n<figure class=\"wp-block-image aligncenter size-medium\"><img loading=\"lazy\" decoding=\"async\" width=\"300\" height=\"202\" src=\"https:\/\/elmexiquense.vip\/wp-content\/uploads\/2025\/11\/juani-2-1-e1762402595513-300x202.jpeg\" alt=\"\" class=\"wp-image-40776\"\/><\/figure>\n\n\n\n<hr class=\"wp-block-separator has-alpha-channel-opacity\"\/>\n\n\n\n<h3 class=\"wp-block-heading\"><strong>Llamado al Fortalecimiento de Lazos Afectivos<\/strong><\/h3>\n\n\n\n<p>Durante su mensaje, <strong>Juanita Carrillo<\/strong> reconoci\u00f3 la <strong>labor formativa de las y los docentes<\/strong> y <strong>hizo un llamado a los padres de familia para fortalecer los lazos afectivos con sus hijos<\/strong>. La presidenta municipal expres\u00f3: <strong>\u00abCada d\u00eda, dediquemos unos minutos a decirles cu\u00e1nto los queremos. Los ni\u00f1os necesitan sentirse acompa\u00f1ados, guiados y protegidos.\u00bb<\/strong> Afirm\u00f3 que la <strong>dignificaci\u00f3n de la escuela, como su \u201csegunda casa\u201d<\/strong>, es un <strong>paso fundamental en el acompa\u00f1amiento integral de la ni\u00f1ez cuautitlense<\/strong>.<\/p>\n\n\n\n<hr class=\"wp-block-separator has-alpha-channel-opacity\"\/>\n\n\n\n<h3 class=\"wp-block-heading\"><strong>Cumpliendo Solicitudes Hist\u00f3ricas con Honestidad<\/strong><\/h3>\n\n\n\n<p>La <strong>directora de la escuela beneficiada<\/strong> agradeci\u00f3 p\u00fablicamente a la alcaldesa <strong>por atender una solicitud que llevaba m\u00e1s de cuatro d\u00e9cadas sin resolverse<\/strong>, acci\u00f3n que <strong>mejorar\u00e1 significativamente el aprendizaje y la convivencia escolar<\/strong>. Al concluir el evento, <strong>Juanita Carrillo<\/strong> reiter\u00f3 que su administraci\u00f3n <strong>mantendr\u00e1 el enfoque en fortalecer la infraestructura educativa<\/strong>, aseverando: <strong>\u00abEn Cuautitl\u00e1n estamos cumpliendo compromisos. Este arcotecho es una muestra de que cuando se gobierna con honestidad y amor por la gente, los resultados se ven y se disfrutan en comunidad.\u00bb<\/strong><\/p>\n\n\n\n<p><strong>#ElMexiquenseVIP<\/strong>\u00a0\u2013<a href=\"https:\/\/www.facebook.com\/ElMexiquenseVIP\/\"><strong>El Mexiquense VIP<\/strong><\/a><\/p>\n\n\n\n<figure class=\"wp-block-image aligncenter size-large\"><img loading=\"lazy\" decoding=\"async\" width=\"1024\" height=\"668\" src=\"https:\/\/elmexiquense.vip\/wp-content\/uploads\/2025\/11\/juani-1-1-e1762402820903-1024x668.jpeg\" alt=\"\" class=\"wp-image-40777\"\/><\/figure>\n","protected":false},"excerpt":{"rendered":"<p>#Cuautitl\u00e1n, #EstadoDeM\u00e9xico.-\u00a0 La presidenta municipal, Juanita Carrillo, encabez\u00f3 la entrega de un nuevo arcotecho en la Escuela Primaria Jes\u00fas Reyes<\/p>\n","protected":false},"author":1,"featured_media":40777,"comment_status":"open","ping_status":"open","sticky":false,"template":"","format":"standard","meta":{"colormag_page_container_layout":"default_layout","colormag_page_sidebar_layout":"default_layout","rop_custom_images_group":[],"rop_custom_messages_group":[],"rop_publish_now":"no","rop_publish_now_accounts":{"facebook_102468208940364_894887317217274":""},"rop_publish_now_history":[{"account":"facebook_102468208940364_894887317217274","service":"facebook","timestamp":1762403031,"status":"success"}],"rop_publish_now_status":"done","footnotes":""},"categories":[34],"tags":[88,773,787,468,177,474,379,376,217,136,754,865,770,469,378,377],"class_list":["post-40775","post","type-post","status-publish","format-standard","has-post-thumbnail","hentry","category-alcaldesas","tag-amlo","tag-andres-manuel-lopez-beltran","tag-claudia-sheinbaum-pardo","tag-cuautitlan-mexico","tag-delfina-gomez-alvarez","tag-el-mexiquense-vip","tag-en-vivo","tag-enterate","tag-gobierno-de-mexico","tag-gobierno-del-estado-de-mexico","tag-juanita-carrillo-luna","tag-katia-michel-ramirez-r","tag-luisa-maria-alcalde-lujan","tag-noticias-cuautitlan","tag-ultimahora","tag-ultimas-noticias"],"_links":{"self":[{"href":"https:\/\/elmexiquense.vip\/index.php?rest_route=\/wp\/v2\/posts\/40775","targetHints":{"allow":["GET"]}}],"collection":[{"href":"https:\/\/elmexiquense.vip\/index.php?rest_route=\/wp\/v2\/posts"}],"about":[{"href":"https:\/\/elmexiquense.vip\/index.php?rest_route=\/wp\/v2\/types\/post"}],"author":[{"embeddable":true,"href":"https:\/\/elmexiquense.vip\/index.php?rest_route=\/wp\/v2\/users\/1"}],"replies":[{"embeddable":true,"href":"https:\/\/elmexiquense.vip\/index.php?rest_route=%2Fwp%2Fv2%2Fcomments&post=40775"}],"version-history":[{"count":2,"href":"https:\/\/elmexiquense.vip\/index.php?rest_route=\/wp\/v2\/posts\/40775\/revisions"}],"predecessor-version":[{"id":40779,"href":"https:\/\/elmexiquense.vip\/index.php?rest_route=\/wp\/v2\/posts\/40775\/revisions\/40779"}],"wp:featuredmedia":[{"embeddable":true,"href":"https:\/\/elmexiquense.vip\/index.php?rest_route=\/wp\/v2\/media\/40777"}],"wp:attachment":[{"href":"https:\/\/elmexiquense.vip\/index.php?rest_route=%2Fwp%2Fv2%2Fmedia&parent=40775"}],"wp:term":[{"taxonomy":"category","embeddable":true,"href":"https:\/\/elmexiquense.vip\/index.php?rest_route=%2Fwp%2Fv2%2Fcategories&post=40775"},{"taxonomy":"post_tag","embeddable":true,"href":"https:\/\/elmexiquense.vip\/index.php?rest_route=%2Fwp%2Fv2%2Ftags&post=40775"}],"curies":[{"name":"wp","href":"https:\/\/api.w.org\/{rel}","templated":true}]}}