{"id":40795,"date":"2025-11-06T19:05:05","date_gmt":"2025-11-07T01:05:05","guid":{"rendered":"https:\/\/elmexiquense.vip\/?p=40795"},"modified":"2025-11-06T19:05:05","modified_gmt":"2025-11-07T01:05:05","slug":"isaac-montoya-coloca-primera-piedra-del-c4-y-asegura-sera-uno-de-los-mas-modernos-con-tendencia-a-c5-dando-dignidad-a-la-guardia-municipal-isaacsolar-gobnau","status":"publish","type":"post","link":"https:\/\/elmexiquense.vip\/?p=40795","title":{"rendered":"Isaac Montoya coloca primera piedra del C4 y asegura: \u00abSer\u00e1 uno de los m\u00e1s modernos con tendencia a C5, dando dignidad a la Guardia Municipal\u00bb \/ @isaacsolar @GobNau >>>"},"content":{"rendered":"\n<p><strong><strong>#Naucalpan<\/strong>,\u00a0<strong>#EstadoDeM\u00e9xico<\/strong>.-<\/strong>\u00a0El <strong>Presidente Municipal Isaac Montoya M\u00e1rquez<\/strong> coloc\u00f3 la <strong>primera piedra del nuevo Centro de Comando, Control, Comunicaci\u00f3n y C\u00f3mputo (C4)<\/strong>, ubicado estrat\u00e9gicamente en el <strong>Predio La Victoria<\/strong>. Esta <strong>moderna instalaci\u00f3n<\/strong> sustituir\u00e1 al antiguo centro que oper\u00f3 durante casi <strong>20 a\u00f1os<\/strong> y que sufri\u00f3 el <strong>abandono de administraciones previas<\/strong>. El proyecto representa un <strong>paso decisivo en la dignificaci\u00f3n de la seguridad p\u00fablica municipal<\/strong> y en el <strong>compromiso con la tecnolog\u00eda<\/strong>.<\/p>\n\n\n\n<p>El Alcalde destac\u00f3 que la mejora en el <strong>Predio La Victoria<\/strong> permitir\u00e1 una <strong>\u201cconexi\u00f3n estrat\u00e9gica hacia cualquier parte del municipio\u201d<\/strong>, garantizando una <strong>mejor capacidad de reacci\u00f3n<\/strong>. Subray\u00f3 que, sin lugar a dudas, este se convertir\u00e1 en <strong>\u201cuno de los C4 m\u00e1s modernos\u201d<\/strong>, con una <strong>\u201ctendencia hacia un C5\u201d<\/strong>, mejor equipado y con <strong>espacios m\u00e1s agradables para el personal<\/strong>. El <strong>objetivo primordial<\/strong> es <strong>dotar a la Guardia Municipal de entornos tecnol\u00f3gicamente m\u00e1s eficientes<\/strong>.<\/p>\n\n\n\n<p>Este <strong>nuevo centro de monitoreo<\/strong> se perfila como una <strong>herramienta clave para reducir la incidencia delictiva<\/strong>, un <strong>compromiso refrendado con resultados tangibles<\/strong>. Seg\u00fan <strong>datos oficiales de la Fiscal\u00eda General de Justicia del Estado de M\u00e9xico<\/strong> y del <strong>Secretariado Ejecutivo del Sistema Nacional de Seguridad P\u00fablica<\/strong>, se registr\u00f3 una <strong>disminuci\u00f3n del 32.81% en delitos de alto impacto<\/strong>, en un comparativo del a\u00f1o <strong>2024 vs 2025<\/strong>. Esto significa <strong>1,904 delitos menos<\/strong> respecto al \u00faltimo a\u00f1o de la administraci\u00f3n anterior.<\/p>\n\n\n\n<figure class=\"wp-block-image aligncenter size-medium\"><img loading=\"lazy\" decoding=\"async\" width=\"300\" height=\"193\" src=\"https:\/\/elmexiquense.vip\/wp-content\/uploads\/2025\/11\/isa-2-3-e1762476987228-300x193.jpeg\" alt=\"\" class=\"wp-image-40796\"\/><\/figure>\n\n\n\n<p><strong>Montoya M\u00e1rquez<\/strong> enfatiz\u00f3 ante vecinos y autoridades que el <strong>modelo de seguridad se basa en la Proximidad Social<\/strong>, buscando <strong>integrar a los elementos con la comunidad<\/strong>. Anunci\u00f3 la <strong>pr\u00f3xima graduaci\u00f3n de alrededor de 200 nuevos elementos<\/strong> de la <strong>Academia de la Guardia Municipal<\/strong>, con el prop\u00f3sito de <strong>reforzar la seguridad y recuperar la confianza ciudadana<\/strong>. Apunt\u00f3 que <strong>la \u00fanica manera de reducir el \u00edndice delictivo es estrechar lazos entre las fuerzas del orden y los naucalpenses<\/strong>.<\/p>\n\n\n\n<p>El <strong>nuevo complejo<\/strong>, de <strong>3,211 metros cuadrados<\/strong>, tambi\u00e9n <strong>concentrar\u00e1 unidades y personal de Protecci\u00f3n Civil, Bomberos y Param\u00e9dicos<\/strong>, optimizando la <strong>capacidad de respuesta ante cualquier emergencia<\/strong>. La obra, de <strong>r\u00e1pida ejecuci\u00f3n mediante piezas prefabricadas<\/strong>, contar\u00e1 con un <strong>videowall de alta tecnolog\u00eda<\/strong> para <strong>monitorear en tiempo real<\/strong> las m\u00e1s de <strong>600 c\u00e1maras de videovigilancia<\/strong>.<br>El Alcalde reconoci\u00f3 la <strong>colaboraci\u00f3n del Secretario General del Suteym Secci\u00f3n Naucalpan, Tom\u00e1s Palomares Parra<\/strong>, por <strong>facilitar la reubicaci\u00f3n de almacenes y dignificar las condiciones laborales<\/strong>.<\/p>\n\n\n\n<p><strong>#ElMexiquenseVIP<\/strong>\u00a0\u2013<a href=\"https:\/\/www.facebook.com\/ElMexiquenseVIP\/\"><strong>El Mexiquense VIP<\/strong><\/a><\/p>\n\n\n\n<figure class=\"wp-block-image aligncenter size-large\"><img loading=\"lazy\" decoding=\"async\" width=\"1024\" height=\"731\" src=\"https:\/\/elmexiquense.vip\/wp-content\/uploads\/2025\/11\/isa-1-3-e1762477089782-1024x731.jpeg\" alt=\"\" class=\"wp-image-40797\"\/><\/figure>\n","protected":false},"excerpt":{"rendered":"<p>#Naucalpan,\u00a0#EstadoDeM\u00e9xico.-\u00a0El Presidente Municipal Isaac Montoya M\u00e1rquez coloc\u00f3 la primera piedra del nuevo Centro de Comando, Control, Comunicaci\u00f3n y C\u00f3mputo (C4),<\/p>\n","protected":false},"author":1,"featured_media":40797,"comment_status":"open","ping_status":"open","sticky":false,"template":"","format":"standard","meta":{"colormag_page_container_layout":"default_layout","colormag_page_sidebar_layout":"default_layout","rop_custom_images_group":[],"rop_custom_messages_group":[],"rop_publish_now":"no","rop_publish_now_accounts":{"facebook_102468208940364_894887317217274":""},"rop_publish_now_history":[{"account":"facebook_102468208940364_894887317217274","service":"facebook","timestamp":1762479372,"status":"success"}],"rop_publish_now_status":"done","footnotes":""},"categories":[29],"tags":[88,787,177,474,379,376,217,136,770,79,356,424,123,430,375,378,377],"class_list":["post-40795","post","type-post","status-publish","format-standard","has-post-thumbnail","hentry","category-destacados","tag-amlo","tag-claudia-sheinbaum-pardo","tag-delfina-gomez-alvarez","tag-el-mexiquense-vip","tag-en-vivo","tag-enterate","tag-gobierno-de-mexico","tag-gobierno-del-estado-de-mexico","tag-luisa-maria-alcalde-lujan","tag-secretara-de-salud","tag-secretaria-de-bienestar","tag-secretaria-de-comunicaciones-y-transportes","tag-secretaria-de-cultura","tag-secretaria-de-educacion","tag-secretaria-de-la-mujer","tag-ultimahora","tag-ultimas-noticias"],"_links":{"self":[{"href":"https:\/\/elmexiquense.vip\/index.php?rest_route=\/wp\/v2\/posts\/40795","targetHints":{"allow":["GET"]}}],"collection":[{"href":"https:\/\/elmexiquense.vip\/index.php?rest_route=\/wp\/v2\/posts"}],"about":[{"href":"https:\/\/elmexiquense.vip\/index.php?rest_route=\/wp\/v2\/types\/post"}],"author":[{"embeddable":true,"href":"https:\/\/elmexiquense.vip\/index.php?rest_route=\/wp\/v2\/users\/1"}],"replies":[{"embeddable":true,"href":"https:\/\/elmexiquense.vip\/index.php?rest_route=%2Fwp%2Fv2%2Fcomments&post=40795"}],"version-history":[{"count":1,"href":"https:\/\/elmexiquense.vip\/index.php?rest_route=\/wp\/v2\/posts\/40795\/revisions"}],"predecessor-version":[{"id":40798,"href":"https:\/\/elmexiquense.vip\/index.php?rest_route=\/wp\/v2\/posts\/40795\/revisions\/40798"}],"wp:featuredmedia":[{"embeddable":true,"href":"https:\/\/elmexiquense.vip\/index.php?rest_route=\/wp\/v2\/media\/40797"}],"wp:attachment":[{"href":"https:\/\/elmexiquense.vip\/index.php?rest_route=%2Fwp%2Fv2%2Fmedia&parent=40795"}],"wp:term":[{"taxonomy":"category","embeddable":true,"href":"https:\/\/elmexiquense.vip\/index.php?rest_route=%2Fwp%2Fv2%2Fcategories&post=40795"},{"taxonomy":"post_tag","embeddable":true,"href":"https:\/\/elmexiquense.vip\/index.php?rest_route=%2Fwp%2Fv2%2Ftags&post=40795"}],"curies":[{"name":"wp","href":"https:\/\/api.w.org\/{rel}","templated":true}]}}