{"id":40799,"date":"2025-11-06T19:35:54","date_gmt":"2025-11-07T01:35:54","guid":{"rendered":"https:\/\/elmexiquense.vip\/?p=40799"},"modified":"2025-11-06T19:35:54","modified_gmt":"2025-11-07T01:35:54","slug":"edomex-impulsa-la-ciencia-con-sentido-humano-y-voces-digitales-delfinagomeza-edomex","status":"publish","type":"post","link":"https:\/\/elmexiquense.vip\/?p=40799","title":{"rendered":"Edomex impulsa la ciencia con sentido humano y voces digitales\u00a0\/ @delfinagomeza @Edomex"},"content":{"rendered":"\n<p><strong>#EstadoDeM\u00e9xico<\/strong>,\u00a0<strong>#M\u00e9xico<\/strong>.- El <strong>Gobierno del Estado de M\u00e9xico<\/strong>, bajo el <strong>liderazgo de la Maestra Delfina G\u00f3mez \u00c1lvarez<\/strong>, <strong>acerc\u00f3 la ciencia a las juventudes<\/strong> de manera <strong>din\u00e1mica y con un sentido humano<\/strong> mediante el ciclo de conferencias <strong>\u201cDivulgadoras y Divulgadores\u201d<\/strong>. El evento, organizado por el <strong>Consejo Mexiquense de Ciencia y Tecnolog\u00eda (Comecyt)<\/strong>, se dirigi\u00f3 a <strong>estudiantes de educaci\u00f3n superior<\/strong> y cont\u00f3 con la participaci\u00f3n de <strong>destacados comunicadores del conocimiento<\/strong> como <strong>(Polilinker, Doctor Fisi\u00f3n y Jos\u00e9 Got\u00e9s Cano)<\/strong>.<\/p>\n\n\n\n<p><strong>Miguel \u00c1ngel Hern\u00e1ndez Espejel<\/strong>, titular de la <strong>Secretar\u00eda de Educaci\u00f3n, Ciencia, Tecnolog\u00eda e Innovaci\u00f3n (SECTI)<\/strong>, reconoci\u00f3 la <strong>labor apasionada de los comunicadores en la divulgaci\u00f3n cient\u00edfica<\/strong>. Destac\u00f3 que esta disciplina es clave para <strong>\u201cense\u00f1ar a pensar, despertar la curiosidad\u201d<\/strong> y demostrar que la ciencia <strong>\u201ctambi\u00e9n se construye con empat\u00eda y compromiso social\u201d<\/strong>. La <strong>SECTI<\/strong>, a trav\u00e9s del <strong>Comecyt<\/strong>, busca <strong>fomentar activamente una cultura cient\u00edfica accesible y cercana a la poblaci\u00f3n<\/strong>.<\/p>\n\n\n\n<p>Los expertos que compartieron sus experiencias fueron <strong>Paulina Aguilar (Polilinker)<\/strong>, ingeniera biotecn\u00f3loga y creadora de contenido educativo; <strong>Juan Jos\u00e9 Ag\u00fan Gonz\u00e1lez (Doctor Fisi\u00f3n)<\/strong>, f\u00edsico y astrof\u00edsico; y <strong>Jos\u00e9 Got\u00e9s Cano (Ciencia Rara)<\/strong>, coordinador de redes de la <strong>UNAM<\/strong>, reconocido entre los <strong>50 TikTok Changemakers 2025<\/strong> por su trabajo al <strong>explicar la crisis clim\u00e1tica y la biodiversidad con soluciones pr\u00e1cticas<\/strong>. Los tres resaltaron c\u00f3mo <strong>la ciencia puede inspirar, resolver problemas y transformar comunidades<\/strong>.<\/p>\n\n\n\n<p><strong>V\u00edctor Daniel \u00c1vila Akerberg<\/strong>, <strong>Director General del Comecyt<\/strong>, indic\u00f3 que las conferencias <strong>marcaron el cierre de actividades de la quinta edici\u00f3n del Mes de la Ciencia y la Tecnolog\u00eda<\/strong>. Este mes incluy\u00f3 <strong>talleres, observaciones astron\u00f3micas y la Feria de Ciencias e Ingenier\u00edas<\/strong>, entre otras iniciativas. Durante la clausura, se reconoci\u00f3 a los <strong>ganadores del videoconcurso \u201cCiencia en Corto\u201d<\/strong>, <strong>estudiantes que explicaron fen\u00f3menos cient\u00edficos con materiales originales, claros y accesibles<\/strong>.<\/p>\n\n\n\n<p><strong>#ElMexiquenseVIP<\/strong>\u00a0\u2013<a href=\"https:\/\/www.facebook.com\/ElMexiquenseVIP\/\"><strong>El Mexiquense VIP<\/strong><\/a><\/p>\n\n\n\n<figure class=\"wp-block-image aligncenter size-large\"><img loading=\"lazy\" decoding=\"async\" width=\"1024\" height=\"682\" src=\"https:\/\/elmexiquense.vip\/wp-content\/uploads\/2025\/11\/ultima-1024x682.jpg\" alt=\"\" class=\"wp-image-40800\"\/><\/figure>\n","protected":false},"excerpt":{"rendered":"<p>#EstadoDeM\u00e9xico,\u00a0#M\u00e9xico.- El Gobierno del Estado de M\u00e9xico, bajo el liderazgo de la Maestra Delfina G\u00f3mez \u00c1lvarez, acerc\u00f3 la ciencia a<\/p>\n","protected":false},"author":8,"featured_media":40800,"comment_status":"open","ping_status":"open","sticky":false,"template":"","format":"standard","meta":{"colormag_page_container_layout":"default_layout","colormag_page_sidebar_layout":"default_layout","rop_custom_images_group":[],"rop_custom_messages_group":[],"rop_publish_now":"no","rop_publish_now_accounts":{"facebook_102468208940364_894887317217274":""},"rop_publish_now_history":[{"account":"facebook_102468208940364_894887317217274","service":"facebook","timestamp":1762479376,"status":"success"}],"rop_publish_now_status":"done","footnotes":""},"categories":[33,30],"tags":[88,773,787,177,369,870,474,379,376,217,136,770,762,435],"class_list":["post-40799","post","type-post","status-publish","format-standard","has-post-thumbnail","hentry","category-eventos-especiales","category-ultima-hora","tag-amlo","tag-andres-manuel-lopez-beltran","tag-claudia-sheinbaum-pardo","tag-delfina-gomez-alvarez","tag-dif-estado-de-mexico","tag-edomex-2","tag-el-mexiquense-vip","tag-en-vivo","tag-enterate","tag-gobierno-de-mexico","tag-gobierno-del-estado-de-mexico","tag-luisa-maria-alcalde-lujan","tag-miguel-angel-zorro","tag-noticias-estado-de-mexico"],"_links":{"self":[{"href":"https:\/\/elmexiquense.vip\/index.php?rest_route=\/wp\/v2\/posts\/40799","targetHints":{"allow":["GET"]}}],"collection":[{"href":"https:\/\/elmexiquense.vip\/index.php?rest_route=\/wp\/v2\/posts"}],"about":[{"href":"https:\/\/elmexiquense.vip\/index.php?rest_route=\/wp\/v2\/types\/post"}],"author":[{"embeddable":true,"href":"https:\/\/elmexiquense.vip\/index.php?rest_route=\/wp\/v2\/users\/8"}],"replies":[{"embeddable":true,"href":"https:\/\/elmexiquense.vip\/index.php?rest_route=%2Fwp%2Fv2%2Fcomments&post=40799"}],"version-history":[{"count":1,"href":"https:\/\/elmexiquense.vip\/index.php?rest_route=\/wp\/v2\/posts\/40799\/revisions"}],"predecessor-version":[{"id":40801,"href":"https:\/\/elmexiquense.vip\/index.php?rest_route=\/wp\/v2\/posts\/40799\/revisions\/40801"}],"wp:featuredmedia":[{"embeddable":true,"href":"https:\/\/elmexiquense.vip\/index.php?rest_route=\/wp\/v2\/media\/40800"}],"wp:attachment":[{"href":"https:\/\/elmexiquense.vip\/index.php?rest_route=%2Fwp%2Fv2%2Fmedia&parent=40799"}],"wp:term":[{"taxonomy":"category","embeddable":true,"href":"https:\/\/elmexiquense.vip\/index.php?rest_route=%2Fwp%2Fv2%2Fcategories&post=40799"},{"taxonomy":"post_tag","embeddable":true,"href":"https:\/\/elmexiquense.vip\/index.php?rest_route=%2Fwp%2Fv2%2Ftags&post=40799"}],"curies":[{"name":"wp","href":"https:\/\/api.w.org\/{rel}","templated":true}]}}