{"id":40802,"date":"2025-11-06T20:38:19","date_gmt":"2025-11-07T02:38:19","guid":{"rendered":"https:\/\/elmexiquense.vip\/?p=40802"},"modified":"2025-11-06T20:38:19","modified_gmt":"2025-11-07T02:38:19","slug":"daniel-serrano-detalla-avances-en-infraestructura-y-agua-en-cuautitlan-izcalli-durante-su-conferencia-el-poder-del-pueblo-daniel_ser-gobizcalli","status":"publish","type":"post","link":"https:\/\/elmexiquense.vip\/?p=40802","title":{"rendered":"Daniel Serrano detalla avances en infraestructura y agua en Cuautitl\u00e1n Izcalli durante su conferencia \u201cEl Poder del Pueblo\u201d \/ @daniel_ser @GobIzcalli >>>"},"content":{"rendered":"\n<p><strong>#Cuautitl\u00e1nIzcalli<\/strong>,\u00a0#<strong>EstadoDeM\u00e9xico<\/strong>.- El <strong>Presidente Municipal, Daniel Serrano<\/strong>, utiliz\u00f3 su <strong>conferencia de prensa \u201cEl Poder del Pueblo\u201d<\/strong> para detallar los <strong>avances clave logrados durante la \u00faltima semana<\/strong> en los rubros de <strong>infraestructura, agua y seguridad<\/strong>. El <strong>informe semanal a la ciudadan\u00eda<\/strong> destac\u00f3 <strong>importantes inauguraciones y arranques de obra<\/strong> ejecutados en las zonas de <strong>Infonavit Norte, Ejido El Socorro, Pueblo Santa B\u00e1rbara y Bosques de Morelos<\/strong>. La administraci\u00f3n reafirma as\u00ed su <strong>compromiso de gesti\u00f3n con todas las comunidades del municipio<\/strong>.<\/p>\n\n\n\n<p>En el \u00e1mbito <strong>hidr\u00e1ulico<\/strong>, un <strong>logro significativo<\/strong> fue la <strong>reapertura del Pozo Santa Mar\u00eda Tianguistengo<\/strong>, el cual fue devuelto a sus pobladores. Esto fue posible gracias a una serie de <strong>mesas de di\u00e1logo, intermediaci\u00f3n y compromisos<\/strong> establecidos entre las <strong>autoridades estatales, municipales y un comit\u00e9 de habitantes<\/strong>. La decisi\u00f3n se tom\u00f3 tras la <strong>clausura previa del pozo por la extracci\u00f3n y venta irregular de agua<\/strong>, asegurando ahora un <strong>uso transparente del recurso<\/strong>.<\/p>\n\n\n\n<p>Como parte de la <strong>estrategia de acercamiento entre el gobierno y los habitantes<\/strong>, se anunci\u00f3 la puesta en marcha de la audiencia denominada <strong>\u201cD\u00eda del Pueblo\u201d<\/strong>. Esta nueva iniciativa consiste en <strong>llevar a las comunidades a los titulares de diferentes organismos de la administraci\u00f3n<\/strong>. El <strong>objetivo principal<\/strong> es <strong>avanzar en la soluci\u00f3n de las problem\u00e1ticas locales de manera directa e inmediata<\/strong>, fortaleciendo la <strong>confianza y la participaci\u00f3n ciudadana<\/strong>.<\/p>\n\n\n\n<figure class=\"wp-block-image aligncenter size-medium\"><img loading=\"lazy\" decoding=\"async\" width=\"300\" height=\"225\" src=\"https:\/\/elmexiquense.vip\/wp-content\/uploads\/2025\/11\/dani-2-e1762482878359-300x225.jpeg\" alt=\"\" class=\"wp-image-40803\"\/><\/figure>\n\n\n\n<p>El <strong>Presidente Municipal<\/strong> tambi\u00e9n inform\u00f3 sobre los <strong>avances en las labores de reencarpetamiento y bacheo<\/strong> que se realizan en las <strong>laterales de la autopista M\u00e9xico\u2013Quer\u00e9taro, en direcci\u00f3n sur<\/strong>. Estas <strong>intervenciones urgentes<\/strong> han sido atendidas a petici\u00f3n de los <strong>automovilistas que transitan diariamente por la zona<\/strong> y que se han visto afectados por el deterioro. La <strong>mejora de la movilidad y la seguridad vial<\/strong> es una <strong>prioridad para la gesti\u00f3n en curso<\/strong>.<\/p>\n\n\n\n<p>En materia de <strong>seguridad<\/strong>, y en respuesta a <strong>varias denuncias ciudadanas<\/strong>, se anunci\u00f3 la <strong>clausura de cuatro bares ubicados en el Pueblo de Santa B\u00e1rbara<\/strong>. Estos establecimientos carec\u00edan de <strong>licencia de funcionamiento<\/strong> y generaban <strong>alteraci\u00f3n del orden, peleas callejeras y ruido excesivo<\/strong>. Con estas <strong>acciones contundentes<\/strong>, el <strong>Gobierno Municipal de Cuautitl\u00e1n Izcalli<\/strong> reafirma su <strong>compromiso de escuchar las voces de todas y todos<\/strong> y de <strong>garantizar la tranquilidad de sus habitantes<\/strong>.<\/p>\n\n\n\n<p><strong>#ElMexiquenseVIP<\/strong>\u00a0\u2013<a href=\"https:\/\/www.facebook.com\/ElMexiquenseVIP\/\"><strong>El Mexiquense VIP<\/strong><\/a><\/p>\n\n\n\n<figure class=\"wp-block-image aligncenter size-large\"><img loading=\"lazy\" decoding=\"async\" width=\"1024\" height=\"695\" src=\"https:\/\/elmexiquense.vip\/wp-content\/uploads\/2025\/11\/dani-1-e1762482943312-1024x695.jpeg\" alt=\"\" class=\"wp-image-40804\"\/><\/figure>\n","protected":false},"excerpt":{"rendered":"<p>#Cuautitl\u00e1nIzcalli,\u00a0#EstadoDeM\u00e9xico.- El Presidente Municipal, Daniel Serrano, utiliz\u00f3 su conferencia de prensa \u201cEl Poder del Pueblo\u201d para detallar los avances clave<\/p>\n","protected":false},"author":1,"featured_media":40804,"comment_status":"open","ping_status":"open","sticky":false,"template":"","format":"standard","meta":{"colormag_page_container_layout":"default_layout","colormag_page_sidebar_layout":"default_layout","rop_custom_images_group":[],"rop_custom_messages_group":[],"rop_publish_now":"no","rop_publish_now_accounts":{"facebook_102468208940364_894887317217274":""},"rop_publish_now_history":[{"account":"facebook_102468208940364_894887317217274","service":"facebook","timestamp":1762483120,"status":"success"}],"rop_publish_now_status":"done","footnotes":""},"categories":[73],"tags":[88,787,758,177,100,474,379,376,217,136,613,770,762,688,378,377],"class_list":["post-40802","post","type-post","status-publish","format-standard","has-post-thumbnail","hentry","category-sobresaliente","tag-amlo","tag-claudia-sheinbaum-pardo","tag-daniel-serrano-palacios","tag-delfina-gomez-alvarez","tag-dif-cuautitlan-izcalli","tag-el-mexiquense-vip","tag-en-vivo","tag-enterate","tag-gobierno-de-mexico","tag-gobierno-del-estado-de-mexico","tag-gobierno-municipal-de-cuautitlan-izcalli","tag-luisa-maria-alcalde-lujan","tag-miguel-angel-zorro","tag-noticias-cuautitlan-izcalli","tag-ultimahora","tag-ultimas-noticias"],"_links":{"self":[{"href":"https:\/\/elmexiquense.vip\/index.php?rest_route=\/wp\/v2\/posts\/40802","targetHints":{"allow":["GET"]}}],"collection":[{"href":"https:\/\/elmexiquense.vip\/index.php?rest_route=\/wp\/v2\/posts"}],"about":[{"href":"https:\/\/elmexiquense.vip\/index.php?rest_route=\/wp\/v2\/types\/post"}],"author":[{"embeddable":true,"href":"https:\/\/elmexiquense.vip\/index.php?rest_route=\/wp\/v2\/users\/1"}],"replies":[{"embeddable":true,"href":"https:\/\/elmexiquense.vip\/index.php?rest_route=%2Fwp%2Fv2%2Fcomments&post=40802"}],"version-history":[{"count":1,"href":"https:\/\/elmexiquense.vip\/index.php?rest_route=\/wp\/v2\/posts\/40802\/revisions"}],"predecessor-version":[{"id":40805,"href":"https:\/\/elmexiquense.vip\/index.php?rest_route=\/wp\/v2\/posts\/40802\/revisions\/40805"}],"wp:featuredmedia":[{"embeddable":true,"href":"https:\/\/elmexiquense.vip\/index.php?rest_route=\/wp\/v2\/media\/40804"}],"wp:attachment":[{"href":"https:\/\/elmexiquense.vip\/index.php?rest_route=%2Fwp%2Fv2%2Fmedia&parent=40802"}],"wp:term":[{"taxonomy":"category","embeddable":true,"href":"https:\/\/elmexiquense.vip\/index.php?rest_route=%2Fwp%2Fv2%2Fcategories&post=40802"},{"taxonomy":"post_tag","embeddable":true,"href":"https:\/\/elmexiquense.vip\/index.php?rest_route=%2Fwp%2Fv2%2Ftags&post=40802"}],"curies":[{"name":"wp","href":"https:\/\/api.w.org\/{rel}","templated":true}]}}