{"id":40806,"date":"2025-11-07T13:43:54","date_gmt":"2025-11-07T19:43:54","guid":{"rendered":"https:\/\/elmexiquense.vip\/?p=40806"},"modified":"2025-11-07T13:43:54","modified_gmt":"2025-11-07T19:43:54","slug":"mexico-y-francia-refuerzan-lazos-de-amistad-y-cooperacion-durante-visita-oficial-del-presidente-emmanuel-macron-a-palacio-nacional-claudiashein-gobiernomx","status":"publish","type":"post","link":"https:\/\/elmexiquense.vip\/?p=40806","title":{"rendered":"M\u00e9xico y Francia refuerzan lazos de amistad y cooperaci\u00f3n durante visita oficial del presidente Emmanuel Macron a Palacio Nacional \/ @Claudiashein @GobiernoMX >>>"},"content":{"rendered":"\n<p><strong>#GobiernoFederal<\/strong>,\u00a0<strong>#M\u00e9xico<\/strong>.- La <strong>Presidenta de M\u00e9xico, Claudia Sheinbaum Pardo<\/strong>, recibi\u00f3 con todos los honores de Estado a su hom\u00f3logo de la Rep\u00fablica Francesa, <strong>Emmanuel Macron<\/strong>, en el hist\u00f3rico <strong>Palacio Nacional<\/strong>. La significativa visita del mandatario galo subraya el inter\u00e9s mutuo por <strong>\u00abfortalecer el respeto mutuo, el di\u00e1logo y la hermandad entre nuestros pueblos\u00bb<\/strong>, tal como expres\u00f3 la propia mandataria mexicana a trav\u00e9s de sus canales de comunicaci\u00f3n social. La ceremonia oficial se llev\u00f3 a cabo en el <strong>Patio de Honor<\/strong>, escenario donde la solemnidad se marc\u00f3 con la <strong>entonaci\u00f3n de los himnos nacionales<\/strong> de ambas naciones.<\/p>\n\n\n\n<p>La recepci\u00f3n oficial culmin\u00f3 con la tradicional <strong>fotograf\u00eda oficial<\/strong> de los dos Jefes de Estado, momento que precedi\u00f3 a los encuentros de trabajo programados para la jornada. Acompa\u00f1ando a la <strong>Presidenta Sheinbaum Pardo<\/strong> en este trascendental encuentro de diplomacia internacional, estuvieron presentes altos funcionarios de su Gabinete. Destacaron los secretarios de Relaciones Exteriores, <strong>Juan Ram\u00f3n de la Fuente<\/strong>; de Hacienda y Cr\u00e9dito P\u00fablico, <strong>Edgar Amador Zamora<\/strong>; de Econom\u00eda, <strong>Marcelo Ebrard Casaubon<\/strong>; y de Ciencia, Humanidades, Tecnolog\u00eda e Innovaci\u00f3n, <strong>Rosaura Ruiz Guti\u00e9rrez<\/strong>.<\/p>\n\n\n\n<p>Por su parte, el <strong>Presidente de la Rep\u00fablica Francesa, Emmanuel Macron<\/strong>, arrib\u00f3 a M\u00e9xico con una robusta delegaci\u00f3n oficial que reflej\u00f3 la importancia de la relaci\u00f3n bilateral. Entre los acompa\u00f1antes del mandatario franc\u00e9s se encontraban el ministro de Europa y de Asuntos Exteriores, <strong>Jean-No\u00ebl Barrot<\/strong>, y la ministra de Cultura, <strong>Rachida Dati<\/strong>. La presencia de estos funcionarios de alto nivel enfatiza la <strong>profundidad de la agenda<\/strong> que se abordar\u00eda, abarcando temas desde la cooperaci\u00f3n econ\u00f3mica hasta la colaboraci\u00f3n cultural y cient\u00edfica.<\/p>\n\n\n\n<p>El nutrido contingente de ambos gobiernos atestigu\u00f3 el inicio de las conversaciones, que buscar\u00e1n impulsar una <strong>agenda com\u00fan<\/strong> y definir nuevos mecanismos de colaboraci\u00f3n. Por la parte mexicana, tambi\u00e9n participaron la embajadora de M\u00e9xico en Francia, <strong>Blanca Jim\u00e9nez<\/strong>, y el director general del Instituto Nacional de Antropolog\u00eda e Historia (INAH), <strong>Joel Omar V\u00e1zquez Herrera<\/strong>. Esta amplia representaci\u00f3n de funcionarios de ambas naciones confirma la <strong>voluntad de trabajo conjunto<\/strong> para ampliar los lazos estrat\u00e9gicos en \u00e1reas clave para el desarrollo bilateral.<\/p>\n\n\n\n<p><strong>#ElMexiquenseVIP\u00a0\u2013<a href=\"https:\/\/www.facebook.com\/ElMexiquenseVIP\/\">El Mexiquense VIP<\/a><\/strong><\/p>\n\n\n\n<figure class=\"wp-block-image aligncenter size-full\"><img loading=\"lazy\" decoding=\"async\" width=\"650\" height=\"400\" src=\"https:\/\/elmexiquense.vip\/wp-content\/uploads\/2025\/11\/cla-0.png\" alt=\"\" class=\"wp-image-40807\" srcset=\"https:\/\/elmexiquense.vip\/wp-content\/uploads\/2025\/11\/cla-0.png 650w, https:\/\/elmexiquense.vip\/wp-content\/uploads\/2025\/11\/cla-0-300x185.png 300w\" sizes=\"auto, (max-width: 650px) 100vw, 650px\" \/><\/figure>\n","protected":false},"excerpt":{"rendered":"<p>#GobiernoFederal,\u00a0#M\u00e9xico.- La Presidenta de M\u00e9xico, Claudia Sheinbaum Pardo, recibi\u00f3 con todos los honores de Estado a su hom\u00f3logo de la<\/p>\n","protected":false},"author":8,"featured_media":40807,"comment_status":"open","ping_status":"open","sticky":false,"template":"","format":"standard","meta":{"colormag_page_container_layout":"default_layout","colormag_page_sidebar_layout":"default_layout","rop_custom_images_group":[],"rop_custom_messages_group":[],"rop_publish_now":"no","rop_publish_now_accounts":{"facebook_102468208940364_894887317217274":""},"rop_publish_now_history":[{"account":"facebook_102468208940364_894887317217274","service":"facebook","timestamp":1762544651,"status":"success"}],"rop_publish_now_status":"done","footnotes":""},"categories":[31],"tags":[88,787,177,474,379,376,217,136,770,79,356,424,123,430,375,378,377],"class_list":["post-40806","post","type-post","status-publish","format-standard","has-post-thumbnail","hentry","category-principales","tag-amlo","tag-claudia-sheinbaum-pardo","tag-delfina-gomez-alvarez","tag-el-mexiquense-vip","tag-en-vivo","tag-enterate","tag-gobierno-de-mexico","tag-gobierno-del-estado-de-mexico","tag-luisa-maria-alcalde-lujan","tag-secretara-de-salud","tag-secretaria-de-bienestar","tag-secretaria-de-comunicaciones-y-transportes","tag-secretaria-de-cultura","tag-secretaria-de-educacion","tag-secretaria-de-la-mujer","tag-ultimahora","tag-ultimas-noticias"],"_links":{"self":[{"href":"https:\/\/elmexiquense.vip\/index.php?rest_route=\/wp\/v2\/posts\/40806","targetHints":{"allow":["GET"]}}],"collection":[{"href":"https:\/\/elmexiquense.vip\/index.php?rest_route=\/wp\/v2\/posts"}],"about":[{"href":"https:\/\/elmexiquense.vip\/index.php?rest_route=\/wp\/v2\/types\/post"}],"author":[{"embeddable":true,"href":"https:\/\/elmexiquense.vip\/index.php?rest_route=\/wp\/v2\/users\/8"}],"replies":[{"embeddable":true,"href":"https:\/\/elmexiquense.vip\/index.php?rest_route=%2Fwp%2Fv2%2Fcomments&post=40806"}],"version-history":[{"count":1,"href":"https:\/\/elmexiquense.vip\/index.php?rest_route=\/wp\/v2\/posts\/40806\/revisions"}],"predecessor-version":[{"id":40808,"href":"https:\/\/elmexiquense.vip\/index.php?rest_route=\/wp\/v2\/posts\/40806\/revisions\/40808"}],"wp:featuredmedia":[{"embeddable":true,"href":"https:\/\/elmexiquense.vip\/index.php?rest_route=\/wp\/v2\/media\/40807"}],"wp:attachment":[{"href":"https:\/\/elmexiquense.vip\/index.php?rest_route=%2Fwp%2Fv2%2Fmedia&parent=40806"}],"wp:term":[{"taxonomy":"category","embeddable":true,"href":"https:\/\/elmexiquense.vip\/index.php?rest_route=%2Fwp%2Fv2%2Fcategories&post=40806"},{"taxonomy":"post_tag","embeddable":true,"href":"https:\/\/elmexiquense.vip\/index.php?rest_route=%2Fwp%2Fv2%2Ftags&post=40806"}],"curies":[{"name":"wp","href":"https:\/\/api.w.org\/{rel}","templated":true}]}}