{"id":40823,"date":"2025-11-07T16:22:10","date_gmt":"2025-11-07T22:22:10","guid":{"rendered":"https:\/\/elmexiquense.vip\/?p=40823"},"modified":"2025-11-07T16:22:10","modified_gmt":"2025-11-07T22:22:10","slug":"historico-gobierno-del-estado-de-mexico-logra-el-nacimiento-de-un-aguila-real-en-el-parque-ecologico-zacango-delfinagomeza-edomex","status":"publish","type":"post","link":"https:\/\/elmexiquense.vip\/?p=40823","title":{"rendered":"\u00a1Hist\u00f3rico! Gobierno del Estado de M\u00e9xico logra el nacimiento de un \u00e1guila real en el Parque Ecol\u00f3gico Zacango \/ @delfinagomeza @Edomex"},"content":{"rendered":"\n<p><strong>#EstadoDeM\u00e9xico<\/strong>,\u00a0<strong>#M\u00e9xico<\/strong>.-\u00a0<strong>El Gobierno del Estado de M\u00e9xico<\/strong> alcanz\u00f3 un <strong>logro hist\u00f3rico en sus pol\u00edticas de conservaci\u00f3n de fauna silvestre<\/strong>, al registrar en marzo pasado <strong>el nacimiento de un ejemplar de \u00e1guila real<\/strong>. Este suceso es relevante, pues marca <strong>la primera reproducci\u00f3n exitosa de la especie <em>Aquila chrysaetos<\/em><\/strong> conseguida dentro de las instalaciones del <strong>Parque Ecol\u00f3gico Zacango<\/strong>. El nacimiento constituye un <strong>hito resultado directo del Programa de Conservaci\u00f3n del \u00c1guila Real<\/strong>, implementado por los especialistas del parque.<\/p>\n\n\n\n<p>Este <strong>\u00e9xito reproductivo<\/strong> fue posible gracias a la implementaci\u00f3n de <strong>t\u00e9cnicas de manejo que priorizaron el respeto al comportamiento natural de la especie<\/strong>, incluyendo <strong>el apareamiento natural y la ausencia de contacto humano directo<\/strong>. Durante los dos primeros meses de vida, <strong>m\u00e9dicos veterinarios de Zacango<\/strong> realizaron un <strong>monitoreo constante de su crecimiento<\/strong>, adem\u00e1s de <strong>ex\u00e1menes para asegurar su desarrollo \u00f3ptimo y la ausencia de par\u00e1sitos<\/strong>.<\/p>\n\n\n\n<p>Actualmente, la <strong>cr\u00eda de \u00e1guila convive en el mismo recinto con sus padres<\/strong>, ejemplares que provienen del <strong>Parque de Conservaci\u00f3n de Vida Silvestre Africam Safari en Puebla<\/strong>. La llegada de los progenitores se concret\u00f3 bajo un <strong>convenio reproductivo firmado en marzo de 2021<\/strong> con el <strong>Parque Ecol\u00f3gico Zacango<\/strong>, el cual es administrado por la <strong>Comisi\u00f3n Estatal de Parques Naturales y de la Fauna (Cepanaf)<\/strong>. Con la finalidad de garantizar su buen desarrollo, <strong>la cr\u00eda a\u00fan no se encuentra en exhibici\u00f3n al p\u00fablico general<\/strong>.<\/p>\n\n\n\n<p>Con este <strong>notable nacimiento<\/strong>, el <strong>Gobierno de la Maestra Delfina G\u00f3mez<\/strong> reafirma su <strong>compromiso con la protecci\u00f3n y conservaci\u00f3n de la vida silvestre<\/strong> mediante su <strong>pol\u00edtica de bienestar animal<\/strong>. Este logro subraya <strong>la suma de esfuerzos con instituciones externas para fortalecer la conservaci\u00f3n de especies en peligro de extinci\u00f3n<\/strong>. El <strong>\u00e1guila real<\/strong>, un <strong>ave rapaz que puede medir hasta un metro con una envergadura de alas superior a los dos metros<\/strong>, es un <strong>s\u00edmbolo nacional que se busca preservar<\/strong>.<\/p>\n\n\n\n<p><strong>#ElMexiquenseVIP<\/strong>\u00a0\u2013<a href=\"https:\/\/www.facebook.com\/ElMexiquenseVIP\/\"><strong>El Mexiquense VIP<\/strong><\/a><\/p>\n\n\n\n<figure class=\"wp-block-image aligncenter size-large\"><img loading=\"lazy\" decoding=\"async\" width=\"1024\" height=\"682\" src=\"https:\/\/elmexiquense.vip\/wp-content\/uploads\/2025\/11\/secre-2-1024x682.jpg\" alt=\"\" class=\"wp-image-40824\"\/><\/figure>\n","protected":false},"excerpt":{"rendered":"<p>#EstadoDeM\u00e9xico,\u00a0#M\u00e9xico.-\u00a0El Gobierno del Estado de M\u00e9xico alcanz\u00f3 un logro hist\u00f3rico en sus pol\u00edticas de conservaci\u00f3n de fauna silvestre, al registrar<\/p>\n","protected":false},"author":8,"featured_media":40824,"comment_status":"open","ping_status":"open","sticky":false,"template":"","format":"standard","meta":{"colormag_page_container_layout":"default_layout","colormag_page_sidebar_layout":"default_layout","rop_custom_images_group":[],"rop_custom_messages_group":[],"rop_publish_now":"no","rop_publish_now_accounts":{"facebook_102468208940364_894887317217274":""},"rop_publish_now_history":[{"account":"facebook_102468208940364_894887317217274","service":"facebook","timestamp":1762554162,"status":"success"}],"rop_publish_now_status":"done","footnotes":""},"categories":[690,107],"tags":[88,773,787,177,369,870,474,379,376,217,136,770,762,435],"class_list":["post-40823","post","type-post","status-publish","format-standard","has-post-thumbnail","hentry","category-legisladores","category-secretarias","tag-amlo","tag-andres-manuel-lopez-beltran","tag-claudia-sheinbaum-pardo","tag-delfina-gomez-alvarez","tag-dif-estado-de-mexico","tag-edomex-2","tag-el-mexiquense-vip","tag-en-vivo","tag-enterate","tag-gobierno-de-mexico","tag-gobierno-del-estado-de-mexico","tag-luisa-maria-alcalde-lujan","tag-miguel-angel-zorro","tag-noticias-estado-de-mexico"],"_links":{"self":[{"href":"https:\/\/elmexiquense.vip\/index.php?rest_route=\/wp\/v2\/posts\/40823","targetHints":{"allow":["GET"]}}],"collection":[{"href":"https:\/\/elmexiquense.vip\/index.php?rest_route=\/wp\/v2\/posts"}],"about":[{"href":"https:\/\/elmexiquense.vip\/index.php?rest_route=\/wp\/v2\/types\/post"}],"author":[{"embeddable":true,"href":"https:\/\/elmexiquense.vip\/index.php?rest_route=\/wp\/v2\/users\/8"}],"replies":[{"embeddable":true,"href":"https:\/\/elmexiquense.vip\/index.php?rest_route=%2Fwp%2Fv2%2Fcomments&post=40823"}],"version-history":[{"count":1,"href":"https:\/\/elmexiquense.vip\/index.php?rest_route=\/wp\/v2\/posts\/40823\/revisions"}],"predecessor-version":[{"id":40825,"href":"https:\/\/elmexiquense.vip\/index.php?rest_route=\/wp\/v2\/posts\/40823\/revisions\/40825"}],"wp:featuredmedia":[{"embeddable":true,"href":"https:\/\/elmexiquense.vip\/index.php?rest_route=\/wp\/v2\/media\/40824"}],"wp:attachment":[{"href":"https:\/\/elmexiquense.vip\/index.php?rest_route=%2Fwp%2Fv2%2Fmedia&parent=40823"}],"wp:term":[{"taxonomy":"category","embeddable":true,"href":"https:\/\/elmexiquense.vip\/index.php?rest_route=%2Fwp%2Fv2%2Fcategories&post=40823"},{"taxonomy":"post_tag","embeddable":true,"href":"https:\/\/elmexiquense.vip\/index.php?rest_route=%2Fwp%2Fv2%2Ftags&post=40823"}],"curies":[{"name":"wp","href":"https:\/\/api.w.org\/{rel}","templated":true}]}}