{"id":40826,"date":"2025-11-07T17:14:36","date_gmt":"2025-11-07T23:14:36","guid":{"rendered":"https:\/\/elmexiquense.vip\/?p=40826"},"modified":"2025-11-07T17:14:36","modified_gmt":"2025-11-07T23:14:36","slug":"resultado-inmediato-recuperan-moto-robada-alcaldesa-ana-castro-y-comisario-reiteran-trabajo-24-7-por-la-seguridad-y-la-paz-social-en-tultitlan-25_27tultitlan","status":"publish","type":"post","link":"https:\/\/elmexiquense.vip\/?p=40826","title":{"rendered":"Resultado inmediato: Recuperan moto robada; alcaldesa Ana Castro y Comisario reiteran trabajo \u201c24\/7\u201d por la seguridad y la paz social en Tultitl\u00e1n \/ @25_27Tultitlan >>>"},"content":{"rendered":"\n<p><strong>#Tultitl\u00e1n<\/strong>,\u00a0<strong>#EstadoDeM\u00e9xico<\/strong>.- La <strong>alcaldesa Ana Castro Fern\u00e1ndez<\/strong> y la <strong>Direcci\u00f3n de Seguridad Ciudadana y Vialidad de Tultitl\u00e1n<\/strong>, bajo el mando del <strong>Comisario Roberto Escobar Calder\u00f3n<\/strong>, han <strong>refrendado su compromiso con el bienestar de todas las familias del municipio<\/strong>. Como parte de los <strong>operativos de vigilancia intensificados en la zona sur<\/strong>, <strong>elementos de seguridad lograron la recuperaci\u00f3n de una motocicleta<\/strong> que contaba con <strong>reporte de robo<\/strong>. Esta acci\u00f3n subraya la <strong>respuesta inmediata de las fuerzas del orden<\/strong> ante los <strong>incidentes delictivos<\/strong>.<\/p>\n\n\n\n<p>El <strong>Comisario Roberto Escobar Calder\u00f3n<\/strong> inform\u00f3 que, <strong>\u00abGracias a la oportuna intervenci\u00f3n de nuestros elementos, el veh\u00edculo fue entregado a su propietario\u00bb<\/strong>, quien manifest\u00f3 su <strong>agradecimiento por la dedicaci\u00f3n y compromiso del personal operativo<\/strong>. La <strong>Presidenta Municipal, Ana Castro Fern\u00e1ndez<\/strong>, reitera su <strong>compromiso inquebrantable con la ciudadan\u00eda<\/strong>, asegurando que su administraci\u00f3n trabaja <strong>\u201c24\/7\u201d<\/strong> para garantizar la <strong>seguridad y la paz social en la demarcaci\u00f3n<\/strong>.<\/p>\n\n\n\n<figure class=\"wp-block-image aligncenter size-medium\"><img loading=\"lazy\" decoding=\"async\" width=\"300\" height=\"265\" src=\"https:\/\/elmexiquense.vip\/wp-content\/uploads\/2025\/11\/poli-tul-2-300x265.jpg\" alt=\"\" class=\"wp-image-40828\" srcset=\"https:\/\/elmexiquense.vip\/wp-content\/uploads\/2025\/11\/poli-tul-2-300x265.jpg 300w, https:\/\/elmexiquense.vip\/wp-content\/uploads\/2025\/11\/poli-tul-2.jpg 311w\" sizes=\"auto, (max-width: 300px) 100vw, 300px\" \/><\/figure>\n\n\n\n<p>El <strong>jefe policiaco<\/strong> destac\u00f3 que el <strong>\u00abprop\u00f3sito primordial\u00bb<\/strong> de estos <strong>operativos de vigilancia en Tultitl\u00e1n<\/strong> va m\u00e1s all\u00e1 de la recuperaci\u00f3n de bienes robados. La estrategia busca <strong>fortalecer activamente la proximidad social con los habitantes<\/strong> y, consecuentemente, <strong>fomentar la confianza ciudadana en su cuerpo de seguridad<\/strong>. Esta <strong>visi\u00f3n humanizada de la seguridad<\/strong> es fundamental para la <strong>construcci\u00f3n de la paz<\/strong>.<\/p>\n\n\n\n<p>La <strong>efectiva labor de la Direcci\u00f3n de Seguridad Ciudadana y Vialidad<\/strong> se consolida como un <strong>pilar para la tranquilidad de los tultitlenses<\/strong>, demostrando <strong>resultados palpables en la prevenci\u00f3n y combate al delito<\/strong>. La <strong>coordinaci\u00f3n entre la alcaldesa y el Comisario<\/strong> asegura una <strong>estrategia de seguridad integral y continua<\/strong>, enfocada en la <strong>protecci\u00f3n del patrimonio y la vida de los ciudadanos<\/strong>.<\/p>\n\n\n\n<p><strong>#ElMexiquenseVIP<\/strong>\u00a0\u2013<a href=\"https:\/\/www.facebook.com\/ElMexiquenseVIP\/\"><strong>El Mexiquense VIP<\/strong><\/a><\/p>\n\n\n\n<hr class=\"wp-block-separator has-alpha-channel-opacity\"\/>\n\n\n\n<figure class=\"wp-block-image aligncenter size-full\"><img loading=\"lazy\" decoding=\"async\" width=\"500\" height=\"278\" src=\"https:\/\/elmexiquense.vip\/wp-content\/uploads\/2025\/11\/poli-Tulti-1.jpg\" alt=\"\" class=\"wp-image-40827\" srcset=\"https:\/\/elmexiquense.vip\/wp-content\/uploads\/2025\/11\/poli-Tulti-1.jpg 500w, https:\/\/elmexiquense.vip\/wp-content\/uploads\/2025\/11\/poli-Tulti-1-300x167.jpg 300w\" sizes=\"auto, (max-width: 500px) 100vw, 500px\" \/><\/figure>\n","protected":false},"excerpt":{"rendered":"<p>#Tultitl\u00e1n,\u00a0#EstadoDeM\u00e9xico.- La alcaldesa Ana Castro Fern\u00e1ndez y la Direcci\u00f3n de Seguridad Ciudadana y Vialidad de Tultitl\u00e1n, bajo el mando del<\/p>\n","protected":false},"author":1,"featured_media":40827,"comment_status":"open","ping_status":"open","sticky":false,"template":"","format":"standard","meta":{"colormag_page_container_layout":"default_layout","colormag_page_sidebar_layout":"default_layout","rop_custom_images_group":[],"rop_custom_messages_group":[],"rop_publish_now":"no","rop_publish_now_accounts":{"facebook_102468208940364_894887317217274":""},"rop_publish_now_history":[{"account":"facebook_102468208940364_894887317217274","service":"facebook","timestamp":1762557299,"status":"success"}],"rop_publish_now_status":"done","footnotes":""},"categories":[874],"tags":[88,749,773,787,177,102,474,49,379,376,217,136,521,770,435,439,794,378,377],"class_list":["post-40826","post","type-post","status-publish","format-standard","has-post-thumbnail","hentry","category-seguridad-y-proteccion-civil","tag-amlo","tag-ana-castro-fernandez","tag-andres-manuel-lopez-beltran","tag-claudia-sheinbaum-pardo","tag-delfina-gomez-alvarez","tag-dif-tultitlan","tag-el-mexiquense-vip","tag-elena-garcia-martinez","tag-en-vivo","tag-enterate","tag-gobierno-de-mexico","tag-gobierno-del-estado-de-mexico","tag-higinio-martinez-miranda","tag-luisa-maria-alcalde-lujan","tag-noticias-estado-de-mexico","tag-noticias-tultitlan","tag-roberto-escobar-calderon","tag-ultimahora","tag-ultimas-noticias"],"_links":{"self":[{"href":"https:\/\/elmexiquense.vip\/index.php?rest_route=\/wp\/v2\/posts\/40826","targetHints":{"allow":["GET"]}}],"collection":[{"href":"https:\/\/elmexiquense.vip\/index.php?rest_route=\/wp\/v2\/posts"}],"about":[{"href":"https:\/\/elmexiquense.vip\/index.php?rest_route=\/wp\/v2\/types\/post"}],"author":[{"embeddable":true,"href":"https:\/\/elmexiquense.vip\/index.php?rest_route=\/wp\/v2\/users\/1"}],"replies":[{"embeddable":true,"href":"https:\/\/elmexiquense.vip\/index.php?rest_route=%2Fwp%2Fv2%2Fcomments&post=40826"}],"version-history":[{"count":1,"href":"https:\/\/elmexiquense.vip\/index.php?rest_route=\/wp\/v2\/posts\/40826\/revisions"}],"predecessor-version":[{"id":40829,"href":"https:\/\/elmexiquense.vip\/index.php?rest_route=\/wp\/v2\/posts\/40826\/revisions\/40829"}],"wp:featuredmedia":[{"embeddable":true,"href":"https:\/\/elmexiquense.vip\/index.php?rest_route=\/wp\/v2\/media\/40827"}],"wp:attachment":[{"href":"https:\/\/elmexiquense.vip\/index.php?rest_route=%2Fwp%2Fv2%2Fmedia&parent=40826"}],"wp:term":[{"taxonomy":"category","embeddable":true,"href":"https:\/\/elmexiquense.vip\/index.php?rest_route=%2Fwp%2Fv2%2Fcategories&post=40826"},{"taxonomy":"post_tag","embeddable":true,"href":"https:\/\/elmexiquense.vip\/index.php?rest_route=%2Fwp%2Fv2%2Ftags&post=40826"}],"curies":[{"name":"wp","href":"https:\/\/api.w.org\/{rel}","templated":true}]}}