{"id":40836,"date":"2025-11-08T15:50:10","date_gmt":"2025-11-08T21:50:10","guid":{"rendered":"https:\/\/elmexiquense.vip\/?p=40836"},"modified":"2025-11-08T15:54:16","modified_gmt":"2025-11-08T21:54:16","slug":"entrega-claudia-sheinbaum-510-escrituras-en-tepic-y-reafirma-el-derecho-a-una-vivienda-digna-claudiashein-gobiernomx","status":"publish","type":"post","link":"https:\/\/elmexiquense.vip\/?p=40836","title":{"rendered":"Claudia Sheinbaum entrega 510 escrituras en Tepic y reafirma el derecho a una vivienda digna \/ @Claudiashein @GobiernoMX >>>"},"content":{"rendered":"\n<p><strong>#GobiernoFederal<\/strong>,\u00a0<strong>#M\u00e9xico<\/strong>.-\u00a0En la <strong>ciudad de Tepic, Nayarit<\/strong>, la <strong>Presidenta Claudia Sheinbaum Pardo<\/strong> encabez\u00f3 un <strong>acto de justicia social<\/strong> al entregar <strong>510 escrituras y constancias de reducci\u00f3n de saldo<\/strong> a familias beneficiarias del programa <strong>Vivienda para el Bienestar<\/strong>. Esta acci\u00f3n representa un <strong>alivio real<\/strong> para trabajadoras y trabajadores que durante a\u00f1os enfrentaron <strong>cr\u00e9ditos hipotecarios impagables<\/strong> originados en el periodo neoliberal, situaci\u00f3n que hoy comienza a revertirse con la <strong>Cuarta Transformaci\u00f3n de la vida p\u00fablica<\/strong>. La mandataria subray\u00f3 que este programa <strong>garantiza que el valor de la vivienda jam\u00e1s exceda el monto original del cr\u00e9dito<\/strong>, consolidando as\u00ed el <strong>derecho a una vivienda digna<\/strong> como principio de justicia social.<\/p>\n\n\n\n<p>Durante su mensaje, la <strong>Presidenta Sheinbaum<\/strong> destac\u00f3 el sentido profundo de esta medida: <strong>\u201cHoy entregamos este gran descuento que se est\u00e1 haciendo por justicia, porque entendemos la palabra justicia en su m\u00e1s amplio sentido: justicia para las y los trabajadores, justicia social, justicia laboral, justicia ambiental y un verdadero sistema de justicia en nuestro pa\u00eds que funcione, porque durante muchos a\u00f1os tambi\u00e9n solo estuvo al servicio de unos cuantos.\u201d<\/strong> Con esta visi\u00f3n humanista, la mandataria reafirm\u00f3 el compromiso de su gobierno de colocar el bienestar de las familias en el centro de las pol\u00edticas p\u00fablicas.<\/p>\n\n\n\n<p>A nivel nacional, el programa beneficiar\u00e1 a <strong>cinco millones de derechohabientes del Infonavit<\/strong>, quienes acceder\u00e1n a <strong>condonaciones y quitas de saldos<\/strong> que transformar\u00e1n su calidad de vida. En <strong>Nayarit<\/strong>, la jornada permiti\u00f3 la <strong>entrega de 146 escrituras correspondientes a adeudos liberados del Infonavit<\/strong>, adem\u00e1s de <strong>107 del Fovissste<\/strong> y <strong>257 por parte del INSUS<\/strong>, organismos que suman esfuerzos para consolidar el <strong>bienestar patrimonial de las familias mexicanas<\/strong>.<\/p>\n\n\n\n<p>La <strong>secretaria Edna Elena Vega Rangel<\/strong> reconoci\u00f3 el <strong>liderazgo y la visi\u00f3n de la Presidenta Sheinbaum<\/strong>, a quien calific\u00f3 como <strong>autora y dise\u00f1adora del programa Vivienda para el Bienestar<\/strong>, que en Nayarit tiene la meta de otorgar <strong>23 mil cr\u00e9ditos<\/strong> y <strong>9 mil escrituras<\/strong>, beneficiando a <strong>82 mil personas<\/strong> y generando m\u00e1s de <strong>13 mil 500 empleos directos e indirectos<\/strong>. Este esfuerzo refleja una pol\u00edtica de vivienda centrada en la justicia y el desarrollo social.<\/p>\n\n\n\n<p>Por su parte, el <strong>director general del Infonavit, Octavio Romero Oropeza<\/strong>, inform\u00f3 que las <strong>146 liberaciones de hipoteca<\/strong> se suman a la entrega previa de <strong>5 mil 810 cr\u00e9ditos de vivienda<\/strong> en la regi\u00f3n, con una inversi\u00f3n de <strong>2 mil 900 millones de pesos<\/strong>. En el marco del impulso al <strong>desarrollo de Nayarit<\/strong>, la <strong>Presidenta Sheinbaum<\/strong> anunci\u00f3 la <strong>inauguraci\u00f3n de la carretera Tepic\u2013Compostela<\/strong> y el <strong>inicio de nuevos proyectos de infraestructura<\/strong>, entre ellos la <strong>construcci\u00f3n de un puente en la costa entre Bah\u00eda de Banderas y Puerto Vallarta<\/strong> y el <strong>puente de Tepic<\/strong>, obras que fortalecer\u00e1n la conectividad y el crecimiento econ\u00f3mico de la entidad.<\/p>\n\n\n\n<p><strong>#ElMexiquenseVIP\u00a0\u2013<a href=\"https:\/\/www.facebook.com\/ElMexiquenseVIP\/\">El Mexiquense VIP<\/a><\/strong><\/p>\n\n\n\n<figure class=\"wp-block-image aligncenter size-full\"><img loading=\"lazy\" decoding=\"async\" width=\"650\" height=\"400\" src=\"https:\/\/elmexiquense.vip\/wp-content\/uploads\/2025\/11\/clau-0-2.png\" alt=\"\" class=\"wp-image-40837\" srcset=\"https:\/\/elmexiquense.vip\/wp-content\/uploads\/2025\/11\/clau-0-2.png 650w, https:\/\/elmexiquense.vip\/wp-content\/uploads\/2025\/11\/clau-0-2-300x185.png 300w\" sizes=\"auto, (max-width: 650px) 100vw, 650px\" \/><\/figure>\n","protected":false},"excerpt":{"rendered":"<p>#GobiernoFederal,\u00a0#M\u00e9xico.-\u00a0En la ciudad de Tepic, Nayarit, la Presidenta Claudia Sheinbaum Pardo encabez\u00f3 un acto de justicia social al entregar 510<\/p>\n","protected":false},"author":8,"featured_media":40837,"comment_status":"open","ping_status":"open","sticky":false,"template":"","format":"standard","meta":{"colormag_page_container_layout":"default_layout","colormag_page_sidebar_layout":"default_layout","rop_custom_images_group":[],"rop_custom_messages_group":[],"rop_publish_now":"no","rop_publish_now_accounts":{"facebook_102468208940364_894887317217274":""},"rop_publish_now_history":[{"account":"facebook_102468208940364_894887317217274","service":"facebook","timestamp":1762638656,"status":"success"}],"rop_publish_now_status":"done","footnotes":""},"categories":[31],"tags":[88,787,177,474,379,376,217,136,770,79,356,424,123,430,375,378,377],"class_list":["post-40836","post","type-post","status-publish","format-standard","has-post-thumbnail","hentry","category-principales","tag-amlo","tag-claudia-sheinbaum-pardo","tag-delfina-gomez-alvarez","tag-el-mexiquense-vip","tag-en-vivo","tag-enterate","tag-gobierno-de-mexico","tag-gobierno-del-estado-de-mexico","tag-luisa-maria-alcalde-lujan","tag-secretara-de-salud","tag-secretaria-de-bienestar","tag-secretaria-de-comunicaciones-y-transportes","tag-secretaria-de-cultura","tag-secretaria-de-educacion","tag-secretaria-de-la-mujer","tag-ultimahora","tag-ultimas-noticias"],"_links":{"self":[{"href":"https:\/\/elmexiquense.vip\/index.php?rest_route=\/wp\/v2\/posts\/40836","targetHints":{"allow":["GET"]}}],"collection":[{"href":"https:\/\/elmexiquense.vip\/index.php?rest_route=\/wp\/v2\/posts"}],"about":[{"href":"https:\/\/elmexiquense.vip\/index.php?rest_route=\/wp\/v2\/types\/post"}],"author":[{"embeddable":true,"href":"https:\/\/elmexiquense.vip\/index.php?rest_route=\/wp\/v2\/users\/8"}],"replies":[{"embeddable":true,"href":"https:\/\/elmexiquense.vip\/index.php?rest_route=%2Fwp%2Fv2%2Fcomments&post=40836"}],"version-history":[{"count":2,"href":"https:\/\/elmexiquense.vip\/index.php?rest_route=\/wp\/v2\/posts\/40836\/revisions"}],"predecessor-version":[{"id":40839,"href":"https:\/\/elmexiquense.vip\/index.php?rest_route=\/wp\/v2\/posts\/40836\/revisions\/40839"}],"wp:featuredmedia":[{"embeddable":true,"href":"https:\/\/elmexiquense.vip\/index.php?rest_route=\/wp\/v2\/media\/40837"}],"wp:attachment":[{"href":"https:\/\/elmexiquense.vip\/index.php?rest_route=%2Fwp%2Fv2%2Fmedia&parent=40836"}],"wp:term":[{"taxonomy":"category","embeddable":true,"href":"https:\/\/elmexiquense.vip\/index.php?rest_route=%2Fwp%2Fv2%2Fcategories&post=40836"},{"taxonomy":"post_tag","embeddable":true,"href":"https:\/\/elmexiquense.vip\/index.php?rest_route=%2Fwp%2Fv2%2Ftags&post=40836"}],"curies":[{"name":"wp","href":"https:\/\/api.w.org\/{rel}","templated":true}]}}