{"id":40845,"date":"2025-11-08T20:48:35","date_gmt":"2025-11-09T02:48:35","guid":{"rendered":"https:\/\/elmexiquense.vip\/?p=40845"},"modified":"2025-11-08T20:48:35","modified_gmt":"2025-11-09T02:48:35","slug":"issemym-intensifica-estrategia-contra-el-cancer-de-mama-en-el-mes-rosa-delfinagomeza-edomex","status":"publish","type":"post","link":"https:\/\/elmexiquense.vip\/?p=40845","title":{"rendered":"ISSEMYM intensifica estrategia contra el c\u00e1ncer de mama en el \u201cMes Rosa\u201d\/ @delfinagomeza @Edomex"},"content":{"rendered":"\n<p><strong>#EstadoDeM\u00e9xico<\/strong>,\u00a0<strong>#M\u00e9xico<\/strong>.-\u00a0El <strong>Gobierno del Estado de M\u00e9xico<\/strong>, por medio del <strong>Instituto de Seguridad Social del Estado de M\u00e9xico y Municipios (ISSEMYM)<\/strong>, llev\u00f3 a cabo en octubre un <strong>notable reforzamiento de sus acciones estrat\u00e9gicas<\/strong> enfocadas en la <strong>prevenci\u00f3n y detecci\u00f3n temprana del c\u00e1ncer de mama<\/strong>, uni\u00e9ndose a la conmemoraci\u00f3n del <strong>\u201cMes Rosa\u201d<\/strong> internacional. Estas actividades subrayan el <strong>compromiso de la administraci\u00f3n estatal<\/strong>, encabezada por la <strong>Maestra Delfina G\u00f3mez \u00c1lvarez<\/strong>, con la <strong>salud y el bienestar de los sectores m\u00e1s vulnerables<\/strong> de la poblaci\u00f3n mexiquense, actuando bajo la filosof\u00eda de <strong>\u201cEl Poder de Servir\u201d<\/strong>. La <strong>campa\u00f1a<\/strong> busc\u00f3 <strong>crear conciencia profunda sobre la importancia de la revisi\u00f3n oportuna<\/strong> en la lucha contra esta enfermedad.<\/p>\n\n\n\n<p>Como parte integral de esta <strong>campa\u00f1a de sensibilizaci\u00f3n<\/strong>, el <strong>ISSEMYM<\/strong> ofreci\u00f3 <strong>pl\u00e1ticas de concientizaci\u00f3n en sus unidades m\u00e9dicas<\/strong>, acompa\u00f1adas de <strong>asesor\u00edas personalizadas<\/strong> que ense\u00f1aron la <strong>t\u00e9cnica adecuada para la autoexploraci\u00f3n mamaria<\/strong>, herramienta vital en la detecci\u00f3n precoz. Adem\u00e1s de la atenci\u00f3n directa a las usuarias, se organiz\u00f3 un <strong>foro especializado para la actualizaci\u00f3n de los profesionales m\u00e9dicos<\/strong>, cuyo contenido, de <strong>alto valor cient\u00edfico y pr\u00e1ctico<\/strong>, qued\u00f3 a disposici\u00f3n del p\u00fablico en general y del personal de salud a trav\u00e9s del <strong>canal institucional de YouTube<\/strong>, identificado como <strong>IssemymVideo<\/strong>.<\/p>\n\n\n\n<p>La <strong>solidaridad y la esperanza<\/strong> se materializaron en la <strong>imagen institucional del ISSEMYM<\/strong>, que <strong>ilumin\u00f3 de color rosa las fachadas de sus edificios administrativos y unidades m\u00e9dicas<\/strong>, sum\u00e1ndose as\u00ed a un <strong>s\u00edmbolo internacional de lucha<\/strong>. Espec\u00edficamente, en su <strong>edificio central<\/strong> y en el <strong>Centro Oncol\u00f3gico Estatal<\/strong> se colocaron <strong>mo\u00f1os representativos<\/strong>, buscando <strong>honrar a las pacientes<\/strong> y <strong>crear un ambiente de apoyo incondicional<\/strong> ante esta enfermedad que afecta mayoritariamente a mujeres en todo el mundo. Este <strong>gesto visual<\/strong> reafirm\u00f3 la <strong>importancia de la visibilidad y el acompa\u00f1amiento emocional<\/strong> en el proceso.<\/p>\n\n\n\n<p>Complementando las acciones de salud, la <strong>Asociaci\u00f3n Apoyo Voluntario ISSEMYM, A.C.<\/strong>, desempe\u00f1\u00f3 un <strong>rol crucial<\/strong> al realizar la <strong>emotiva entrega de cinco pelucas oncol\u00f3gicas y quince pr\u00f3tesis mamarias externas<\/strong> a mujeres beneficiarias del Instituto. Esta <strong>acci\u00f3n solidaria<\/strong> no solo representa un <strong>apoyo material<\/strong>, sino que tiene un <strong>profundo impacto emocional<\/strong>, contribuyendo significativamente a <strong>fortalecer la autoestima y la confianza<\/strong> de las pacientes durante y despu\u00e9s de sus tratamientos oncol\u00f3gicos. El <strong>respaldo de la sociedad civil organizada<\/strong> ampl\u00eda el <strong>alcance de la red de apoyo asistencial<\/strong>.<\/p>\n\n\n\n<p>El <strong>cierre de las actividades conmemorativas<\/strong> cont\u00f3 con la <strong>participaci\u00f3n activa de m\u00e1s de 350 mujeres<\/strong> en la <strong>cuarta edici\u00f3n de la Caminata por el D\u00eda Mundial de la Lucha contra el C\u00e1ncer de Mama<\/strong>, organizada por la <strong>Cl\u00ednica de Consulta Externa Alfredo del Mazo V\u00e9lez<\/strong>. El recorrido se extendi\u00f3 desde la sede de esta unidad hasta la <strong>emblem\u00e1tica Alameda Central de Toluca<\/strong>, llevando un <strong>mensaje unificado y poderoso<\/strong>: <strong>\u201cEl c\u00e1ncer se puede superar si se detecta a tiempo\u201d<\/strong>. El <strong>ISSEMYM<\/strong> ha asegurado que <strong>continuar\u00e1 impulsando decididamente programas de prevenci\u00f3n<\/strong>, promoviendo <strong>h\u00e1bitos saludables<\/strong> y <strong>generando espacios seguros de acompa\u00f1amiento<\/strong>.<\/p>\n\n\n\n<p><strong>#ElMexiquenseVIP<\/strong>\u00a0\u2013<a href=\"https:\/\/www.facebook.com\/ElMexiquenseVIP\/\"><strong>El Mexiquense VIP<\/strong><\/a><\/p>\n\n\n\n<figure class=\"wp-block-image aligncenter size-large\"><img loading=\"lazy\" decoding=\"async\" width=\"1024\" height=\"682\" src=\"https:\/\/elmexiquense.vip\/wp-content\/uploads\/2025\/11\/secre-3-1024x682.jpg\" alt=\"\" class=\"wp-image-40846\"\/><\/figure>\n","protected":false},"excerpt":{"rendered":"<p>#EstadoDeM\u00e9xico,\u00a0#M\u00e9xico.-\u00a0El Gobierno del Estado de M\u00e9xico, por medio del Instituto de Seguridad Social del Estado de M\u00e9xico y Municipios (ISSEMYM),<\/p>\n","protected":false},"author":8,"featured_media":40846,"comment_status":"open","ping_status":"open","sticky":false,"template":"","format":"standard","meta":{"colormag_page_container_layout":"default_layout","colormag_page_sidebar_layout":"default_layout","rop_custom_images_group":[],"rop_custom_messages_group":[],"rop_publish_now":"no","rop_publish_now_accounts":{"facebook_102468208940364_894887317217274":""},"rop_publish_now_history":[{"account":"facebook_102468208940364_894887317217274","service":"facebook","timestamp":1762656552,"status":"success"}],"rop_publish_now_status":"done","footnotes":""},"categories":[690,107],"tags":[88,773,787,177,369,870,474,379,376,217,136,770,762,435],"class_list":["post-40845","post","type-post","status-publish","format-standard","has-post-thumbnail","hentry","category-legisladores","category-secretarias","tag-amlo","tag-andres-manuel-lopez-beltran","tag-claudia-sheinbaum-pardo","tag-delfina-gomez-alvarez","tag-dif-estado-de-mexico","tag-edomex-2","tag-el-mexiquense-vip","tag-en-vivo","tag-enterate","tag-gobierno-de-mexico","tag-gobierno-del-estado-de-mexico","tag-luisa-maria-alcalde-lujan","tag-miguel-angel-zorro","tag-noticias-estado-de-mexico"],"_links":{"self":[{"href":"https:\/\/elmexiquense.vip\/index.php?rest_route=\/wp\/v2\/posts\/40845","targetHints":{"allow":["GET"]}}],"collection":[{"href":"https:\/\/elmexiquense.vip\/index.php?rest_route=\/wp\/v2\/posts"}],"about":[{"href":"https:\/\/elmexiquense.vip\/index.php?rest_route=\/wp\/v2\/types\/post"}],"author":[{"embeddable":true,"href":"https:\/\/elmexiquense.vip\/index.php?rest_route=\/wp\/v2\/users\/8"}],"replies":[{"embeddable":true,"href":"https:\/\/elmexiquense.vip\/index.php?rest_route=%2Fwp%2Fv2%2Fcomments&post=40845"}],"version-history":[{"count":1,"href":"https:\/\/elmexiquense.vip\/index.php?rest_route=\/wp\/v2\/posts\/40845\/revisions"}],"predecessor-version":[{"id":40847,"href":"https:\/\/elmexiquense.vip\/index.php?rest_route=\/wp\/v2\/posts\/40845\/revisions\/40847"}],"wp:featuredmedia":[{"embeddable":true,"href":"https:\/\/elmexiquense.vip\/index.php?rest_route=\/wp\/v2\/media\/40846"}],"wp:attachment":[{"href":"https:\/\/elmexiquense.vip\/index.php?rest_route=%2Fwp%2Fv2%2Fmedia&parent=40845"}],"wp:term":[{"taxonomy":"category","embeddable":true,"href":"https:\/\/elmexiquense.vip\/index.php?rest_route=%2Fwp%2Fv2%2Fcategories&post=40845"},{"taxonomy":"post_tag","embeddable":true,"href":"https:\/\/elmexiquense.vip\/index.php?rest_route=%2Fwp%2Fv2%2Ftags&post=40845"}],"curies":[{"name":"wp","href":"https:\/\/api.w.org\/{rel}","templated":true}]}}