{"id":40849,"date":"2025-11-10T16:52:06","date_gmt":"2025-11-10T22:52:06","guid":{"rendered":"https:\/\/elmexiquense.vip\/?p=40849"},"modified":"2025-11-10T16:52:06","modified_gmt":"2025-11-10T22:52:06","slug":"presentacion-oficial-de-la-copa-mundial-fifa-2026-una-fiesta-de-amistad-y-grandeza-cultural-claudiashein-gobiernomx","status":"publish","type":"post","link":"https:\/\/elmexiquense.vip\/?p=40849","title":{"rendered":"Presentaci\u00f3n oficial de la Copa Mundial FIFA 2026: Una fiesta de amistad y grandeza cultural \/ @Claudiashein @GobiernoMX >>>"},"content":{"rendered":"\n<p><strong>#GobiernoFederal<\/strong>,\u00a0<strong>#M\u00e9xico<\/strong>.-\u00a0Desde el emblem\u00e1tico <strong>Complejo Cultural Los Pinos<\/strong>, conocido como la <strong>\u201ccasa del pueblo\u201d<\/strong>, la <strong>Presidenta Claudia Sheinbaum Pardo<\/strong> present\u00f3 oficialmente la <strong>Copa Mundial FIFA 2026<\/strong>. La mandataria destac\u00f3 que este evento, cuya inauguraci\u00f3n ser\u00e1 el pr\u00f3ximo <strong>11 de junio en la Ciudad de M\u00e9xico<\/strong>, se vislumbra como una <strong>\u201cfiesta mundialista\u201d<\/strong> que desbordar\u00e1 alegr\u00eda y servir\u00e1 de plataforma para exhibir ante el mundo la <strong>s\u00f3lida amistad y uni\u00f3n entre M\u00e9xico, Canad\u00e1 y Estados Unidos<\/strong>. Subray\u00f3 que se trata de la <strong>oportunidad ideal para revelar la inmensa grandeza cultural de la naci\u00f3n<\/strong> y el momento hist\u00f3rico que atraviesa su pueblo empoderado.<\/p>\n\n\n\n<p>La Jefa del Ejecutivo enfatiz\u00f3 que la justa deportiva es un <strong>\u201cmomento para compartirle al mundo lo que somos, lo que es M\u00e9xico\u201d<\/strong>. Afirm\u00f3 que el pa\u00eds no solo es un lugar de enorme riqueza cultural, sino tambi\u00e9n un <strong>pueblo orgulloso de sus ra\u00edces, de su presente y su futuro<\/strong>, que se muestra ante el orbe con orgullo y fuerza. <strong>Sheinbaum Pardo<\/strong> asegur\u00f3 que <strong>M\u00e9xico est\u00e1 listo para recibir a los 5.5 millones de visitantes estimados<\/strong>, quienes inyectar\u00e1n una importante <strong>derrama econ\u00f3mica al pa\u00eds<\/strong>. Para recibirlos, se cuenta con la capacidad aeroportuaria de <strong>Guadalajara, Monterrey y los dos aeropuertos de la capital: el renovado Aeropuerto Internacional de la Ciudad de M\u00e9xico (AICM) y el Aeropuerto Internacional Felipe \u00c1ngeles (AIFA), conectado por tren con la CDMX<\/strong>.<\/p>\n\n\n\n<p>Adem\u00e1s del evento deportivo, la Presidenta anunci\u00f3 la pr\u00f3xima presentaci\u00f3n del <strong>Mundial Social<\/strong>, una serie de <strong>actividades paralelas que buscan trascender el \u00e1mbito futbol\u00edstico<\/strong>. Este programa incluye la <strong>construcci\u00f3n de canchas en todo el territorio nacional<\/strong> y la organizaci\u00f3n de <strong>\u201cMundialitos\u201d<\/strong> dirigidos a j\u00f3venes, ni\u00f1as, ni\u00f1os, adultos mayores y personas con discapacidad, junto con diversos torneos y los <strong>FIFA FEST<\/strong>, en coordinaci\u00f3n con la <strong>FIFA<\/strong>, para el disfrute del p\u00fablico general. Con un gesto significativo, inform\u00f3 que <strong>donar\u00e1 su boleto 001 a una ni\u00f1a o joven aficionada al f\u00fatbol<\/strong>, con el deseo de que este evento sea una <strong>oportunidad para que, en especial las mujeres, se sientan parte activa y puedan so\u00f1ar con este deporte<\/strong>.<\/p>\n\n\n\n<p>Durante la presentaci\u00f3n, la <strong>Presidenta Claudia Sheinbaum<\/strong> presenci\u00f3 una <strong>emotiva actuaci\u00f3n del Ballet Folkl\u00f3rico de la Secretar\u00eda de la Defensa Nacional<\/strong> y <strong>exhibiciones de jugadoras y jugadores en estilo libre de la FIFA M\u00e9xico<\/strong>. En un mensaje directo a la <strong>Selecci\u00f3n Mexicana<\/strong>, de cara a su participaci\u00f3n, les pidi\u00f3 que al saltar a la cancha piensen en el gran pa\u00eds que representan: <strong>\u201cM\u00e9xico es un pa\u00eds extraordinario con un pueblo excepcional y cada vez que toquen la cancha que piensen en eso: en nuestra historia, en lo que representamos, en el gran pa\u00eds que somos\u201d<\/strong>. Por su parte, la <strong>secretaria de Gobernaci\u00f3n, Rosa Icela Rodr\u00edguez Vel\u00e1zquez<\/strong>, destac\u00f3 que <strong>faltan 213 d\u00edas para el inicio<\/strong> de un evento que <strong>colocar\u00e1 a M\u00e9xico en la agenda internacional para mostrar su gastronom\u00eda, artesan\u00edas y biodiversidad<\/strong>.<\/p>\n\n\n\n<p>Finalmente, la <strong>coordinadora de los trabajos del Gobierno de M\u00e9xico, Gabriela Cuevas Barron<\/strong>, resalt\u00f3 que <strong>M\u00e9xico es la primera y \u00fanica naci\u00f3n en el mundo en albergar tres Copas Mundiales de la FIFA<\/strong>, compartiendo este <strong>2026<\/strong> el objetivo con <strong>Estados Unidos y Canad\u00e1<\/strong> de <strong>organizar el mejor Mundial en la historia<\/strong>. Inform\u00f3 que <strong>13 partidos se jugar\u00e1n en M\u00e9xico<\/strong>, en tres estadios \u2014<strong>Ciudad de M\u00e9xico, Monterrey y Guadalajara<\/strong>\u2014, y <strong>17 instalaciones servir\u00e1n como centros de entrenamiento<\/strong>. Mencion\u00f3 la <strong>elaboraci\u00f3n de un Plan Integral de Seguridad<\/strong> con las dependencias responsables y <strong>Protecci\u00f3n Civil<\/strong>. El esfuerzo busca <strong>transformar la derrama econ\u00f3mica estimada de entre 1.8 y 3 mil millones de d\u00f3lares (mdd) en m\u00e1s bienestar a trav\u00e9s de \u201cM\u00e9xico 2026\u201d<\/strong>, una serie de <strong>eventos p\u00fablicos y gratuitos en las 32 entidades del pa\u00eds<\/strong>.<\/p>\n\n\n\n<p><strong>#ElMexiquenseVIP\u00a0\u2013<a href=\"https:\/\/www.facebook.com\/ElMexiquenseVIP\/\">El Mexiquense VIP<\/a><\/strong><\/p>\n\n\n\n<figure class=\"wp-block-image aligncenter size-full\"><img loading=\"lazy\" decoding=\"async\" width=\"650\" height=\"400\" src=\"https:\/\/elmexiquense.vip\/wp-content\/uploads\/2025\/11\/clau-0-3.png\" alt=\"\" class=\"wp-image-40850\" srcset=\"https:\/\/elmexiquense.vip\/wp-content\/uploads\/2025\/11\/clau-0-3.png 650w, https:\/\/elmexiquense.vip\/wp-content\/uploads\/2025\/11\/clau-0-3-300x185.png 300w\" sizes=\"auto, (max-width: 650px) 100vw, 650px\" \/><\/figure>\n","protected":false},"excerpt":{"rendered":"<p>#GobiernoFederal,\u00a0#M\u00e9xico.-\u00a0Desde el emblem\u00e1tico Complejo Cultural Los Pinos, conocido como la \u201ccasa del pueblo\u201d, la Presidenta Claudia Sheinbaum Pardo present\u00f3 oficialmente<\/p>\n","protected":false},"author":1,"featured_media":40850,"comment_status":"open","ping_status":"open","sticky":false,"template":"","format":"standard","meta":{"colormag_page_container_layout":"default_layout","colormag_page_sidebar_layout":"default_layout","rop_custom_images_group":[],"rop_custom_messages_group":[],"rop_publish_now":"no","rop_publish_now_accounts":{"facebook_102468208940364_894887317217274":""},"rop_publish_now_history":[{"account":"facebook_102468208940364_894887317217274","service":"facebook","timestamp":1762815151,"status":"success"}],"rop_publish_now_status":"done","footnotes":""},"categories":[31],"tags":[88,787,177,474,379,376,217,136,770,79,356,424,123,430,375,378,377],"class_list":["post-40849","post","type-post","status-publish","format-standard","has-post-thumbnail","hentry","category-principales","tag-amlo","tag-claudia-sheinbaum-pardo","tag-delfina-gomez-alvarez","tag-el-mexiquense-vip","tag-en-vivo","tag-enterate","tag-gobierno-de-mexico","tag-gobierno-del-estado-de-mexico","tag-luisa-maria-alcalde-lujan","tag-secretara-de-salud","tag-secretaria-de-bienestar","tag-secretaria-de-comunicaciones-y-transportes","tag-secretaria-de-cultura","tag-secretaria-de-educacion","tag-secretaria-de-la-mujer","tag-ultimahora","tag-ultimas-noticias"],"_links":{"self":[{"href":"https:\/\/elmexiquense.vip\/index.php?rest_route=\/wp\/v2\/posts\/40849","targetHints":{"allow":["GET"]}}],"collection":[{"href":"https:\/\/elmexiquense.vip\/index.php?rest_route=\/wp\/v2\/posts"}],"about":[{"href":"https:\/\/elmexiquense.vip\/index.php?rest_route=\/wp\/v2\/types\/post"}],"author":[{"embeddable":true,"href":"https:\/\/elmexiquense.vip\/index.php?rest_route=\/wp\/v2\/users\/1"}],"replies":[{"embeddable":true,"href":"https:\/\/elmexiquense.vip\/index.php?rest_route=%2Fwp%2Fv2%2Fcomments&post=40849"}],"version-history":[{"count":1,"href":"https:\/\/elmexiquense.vip\/index.php?rest_route=\/wp\/v2\/posts\/40849\/revisions"}],"predecessor-version":[{"id":40851,"href":"https:\/\/elmexiquense.vip\/index.php?rest_route=\/wp\/v2\/posts\/40849\/revisions\/40851"}],"wp:featuredmedia":[{"embeddable":true,"href":"https:\/\/elmexiquense.vip\/index.php?rest_route=\/wp\/v2\/media\/40850"}],"wp:attachment":[{"href":"https:\/\/elmexiquense.vip\/index.php?rest_route=%2Fwp%2Fv2%2Fmedia&parent=40849"}],"wp:term":[{"taxonomy":"category","embeddable":true,"href":"https:\/\/elmexiquense.vip\/index.php?rest_route=%2Fwp%2Fv2%2Fcategories&post=40849"},{"taxonomy":"post_tag","embeddable":true,"href":"https:\/\/elmexiquense.vip\/index.php?rest_route=%2Fwp%2Fv2%2Ftags&post=40849"}],"curies":[{"name":"wp","href":"https:\/\/api.w.org\/{rel}","templated":true}]}}