{"id":40868,"date":"2025-11-10T20:18:52","date_gmt":"2025-11-11T02:18:52","guid":{"rendered":"https:\/\/elmexiquense.vip\/?p=40868"},"modified":"2025-11-10T20:18:52","modified_gmt":"2025-11-11T02:18:52","slug":"isaac-montoya-impulsa-la-transparencia-financiera-de-naucalpan-y-recibe-reconocimiento-estatal-isaacsolar-gobnau","status":"publish","type":"post","link":"https:\/\/elmexiquense.vip\/?p=40868","title":{"rendered":"Isaac Montoya impulsa la transparencia financiera de Naucalpan y recibe reconocimiento estatal \/ @isaacsolar @GobNau >>>"},"content":{"rendered":"\n<p><strong><strong>#Naucalpan<\/strong>,\u00a0<strong>#EstadoDeM\u00e9xico<\/strong>.-<\/strong>\u00a0El Gobierno de Naucalpan de Ju\u00e1rez, encabezado por el Presidente Municipal <strong>Isaac Montoya M\u00e1rquez<\/strong>, fue distinguido con la <strong>\u201cMenci\u00f3n Especial\u201d<\/strong> dentro del Reconocimiento al Esfuerzo Hacendario Municipal <strong>\u00abJos\u00e9 Mar\u00eda Morelos y Pav\u00f3n\u00bb<\/strong> en su Convocatoria 2025. Este importante logro se otorg\u00f3 porque el municipio obtuvo el puntaje m\u00e1s alto en el apartado de <strong>Manejo Adecuado de las Finanzas P\u00fablicas<\/strong>, destacando tras diez a\u00f1os sin recibir este tipo de distinciones. La Secretar\u00eda de Finanzas y el Instituto Hacendario Estatal (<strong>IHAEM<\/strong>) entregaron este galard\u00f3n durante la <strong>XXVI Reuni\u00f3n Estatal de Servidores P\u00fablicos Hacendarios<\/strong>, celebrada en el marco de la <strong>XXVI Asamblea Anual del Consejo Directivo del IHAEM<\/strong>.<\/p>\n\n\n\n<p>Este reconocimiento posiciona a Naucalpan por su <strong>manejo ejemplar de las finanzas p\u00fablicas<\/strong>, sobresaliendo entre los 125 municipios del Estado de M\u00e9xico gracias a diversas estrategias implementadas. Los indicadores clave que le valieron esta distinci\u00f3n incluyen la <strong>modernizaci\u00f3n en materia predial y catastral<\/strong>, la <strong>eficiencia en la gesti\u00f3n del recurso h\u00eddrico<\/strong> y un <strong>compromiso palpable con la formaci\u00f3n continua de sus servidores p\u00fablicos<\/strong>. Acompa\u00f1ado por la tesorera <strong>Claudia Oyoque<\/strong>, el Presidente Municipal subray\u00f3 que este logro es resultado de una s\u00f3lida recaudaci\u00f3n y de las <strong>\u00abbuenas pr\u00e1cticas\u00bb<\/strong> administrativas ejecutadas con la participaci\u00f3n activa de toda la ciudadan\u00eda.<\/p>\n\n\n\n<p>El alcalde <strong>Isaac Montoya<\/strong> enfatiz\u00f3 que el reconocimiento se debe a los habitantes de la localidad, declarando que <strong>\u00abesto es gracias a todas y todos los habitantes de Naucalpan\u00bb<\/strong>, un municipio donde actualmente se gobierna con <strong>\u00abcerteza, con confianza, con transparencia y sobre todo con cercan\u00eda\u00bb<\/strong>. Subray\u00f3 el compromiso de la administraci\u00f3n de seguir <strong>\u00abgobernando con la esperanza transformadora y con resultados\u00bb<\/strong>, asegurando que <strong>\u00abla mejor manera de decir, siempre ser\u00e1 el hacer\u00bb<\/strong>. Estos resultados son concordantes con el saneamiento de las finanzas municipales, que se concret\u00f3 en menos de diez meses mediante estrategias que generaron un ahorro considerable de cerca de <strong>2 mil 500 millones de pesos<\/strong>.<\/p>\n\n\n\n<figure class=\"wp-block-image aligncenter size-medium\"><img loading=\"lazy\" decoding=\"async\" width=\"300\" height=\"196\" src=\"https:\/\/elmexiquense.vip\/wp-content\/uploads\/2025\/11\/isa-2-4-e1762827292134-300x196.jpeg\" alt=\"\" class=\"wp-image-40869\"\/><\/figure>\n\n\n\n<p>Este saneamiento financiero es vital, ya que el Presidente Municipal ha reiterado en distintas ocasiones que los ahorros obtenidos se traducen directamente en <strong>\u00abm\u00e1s obra p\u00fablica y m\u00e1s programas en beneficio de la poblaci\u00f3n\u00bb<\/strong> naucalpense. El logro tambi\u00e9n armoniza con la reciente elevaci\u00f3n de las calificaciones de riesgo del municipio por parte de importantes agencias internacionales. En septiembre de 2024, las calificadoras <strong>HR Ratings<\/strong> y <strong>Verum<\/strong> elevaron la calificaci\u00f3n crediticia de Naucalpan de <strong>BBB- a BBB+<\/strong>, un avance de dos escalas que proyecta confianza en la estabilidad financiera.<\/p>\n\n\n\n<p>Adicionalmente, la calificaci\u00f3n para el cr\u00e9dito estructurado municipal fue ratificada por <strong>HR Ratings<\/strong> con <strong>AAA<\/strong> en junio de 2025, mientras que <strong>Verum<\/strong> tambi\u00e9n la elev\u00f3 a <strong>AAA<\/strong> en septiembre de 2025, mejorando la <strong>AA+<\/strong> registrada en 2024. Estos resultados reafirman el compromiso del Gobierno de Naucalpan con <strong>pr\u00e1cticas responsables y sostenibles en el manejo de los recursos p\u00fablicos<\/strong>, demostrando un compromiso de mejora continua ante presidentes y tesoreros municipales, as\u00ed como diputados de la Legislatura local. La entrega de este galard\u00f3n, que reconoce el buen desempe\u00f1o hacendario, se realiz\u00f3 en un acto concurrido que celebra los <strong>13 a\u00f1os<\/strong> de este reconocimiento.<\/p>\n\n\n\n<p><strong>#ElMexiquenseVIP<\/strong>\u00a0\u2013<a href=\"https:\/\/www.facebook.com\/ElMexiquenseVIP\/\"><strong>El Mexiquense VIP<\/strong><\/a><\/p>\n\n\n\n<figure class=\"wp-block-image aligncenter size-large\"><img loading=\"lazy\" decoding=\"async\" width=\"1024\" height=\"816\" src=\"https:\/\/elmexiquense.vip\/wp-content\/uploads\/2025\/11\/isa-1-4-e1762827410217-1024x816.jpeg\" alt=\"\" class=\"wp-image-40870\"\/><\/figure>\n","protected":false},"excerpt":{"rendered":"<p>#Naucalpan,\u00a0#EstadoDeM\u00e9xico.-\u00a0El Gobierno de Naucalpan de Ju\u00e1rez, encabezado por el Presidente Municipal Isaac Montoya M\u00e1rquez, fue distinguido con la \u201cMenci\u00f3n Especial\u201d<\/p>\n","protected":false},"author":1,"featured_media":40870,"comment_status":"open","ping_status":"open","sticky":false,"template":"","format":"standard","meta":{"colormag_page_container_layout":"default_layout","colormag_page_sidebar_layout":"default_layout","rop_custom_images_group":[],"rop_custom_messages_group":[],"rop_publish_now":"no","rop_publish_now_accounts":{"facebook_102468208940364_894887317217274":""},"rop_publish_now_history":[{"account":"facebook_102468208940364_894887317217274","service":"facebook","timestamp":1762827551,"status":"success"}],"rop_publish_now_status":"done","footnotes":""},"categories":[29],"tags":[88,787,177,474,379,376,217,136,770,79,356,424,123,430,375,378,377],"class_list":["post-40868","post","type-post","status-publish","format-standard","has-post-thumbnail","hentry","category-destacados","tag-amlo","tag-claudia-sheinbaum-pardo","tag-delfina-gomez-alvarez","tag-el-mexiquense-vip","tag-en-vivo","tag-enterate","tag-gobierno-de-mexico","tag-gobierno-del-estado-de-mexico","tag-luisa-maria-alcalde-lujan","tag-secretara-de-salud","tag-secretaria-de-bienestar","tag-secretaria-de-comunicaciones-y-transportes","tag-secretaria-de-cultura","tag-secretaria-de-educacion","tag-secretaria-de-la-mujer","tag-ultimahora","tag-ultimas-noticias"],"_links":{"self":[{"href":"https:\/\/elmexiquense.vip\/index.php?rest_route=\/wp\/v2\/posts\/40868","targetHints":{"allow":["GET"]}}],"collection":[{"href":"https:\/\/elmexiquense.vip\/index.php?rest_route=\/wp\/v2\/posts"}],"about":[{"href":"https:\/\/elmexiquense.vip\/index.php?rest_route=\/wp\/v2\/types\/post"}],"author":[{"embeddable":true,"href":"https:\/\/elmexiquense.vip\/index.php?rest_route=\/wp\/v2\/users\/1"}],"replies":[{"embeddable":true,"href":"https:\/\/elmexiquense.vip\/index.php?rest_route=%2Fwp%2Fv2%2Fcomments&post=40868"}],"version-history":[{"count":1,"href":"https:\/\/elmexiquense.vip\/index.php?rest_route=\/wp\/v2\/posts\/40868\/revisions"}],"predecessor-version":[{"id":40871,"href":"https:\/\/elmexiquense.vip\/index.php?rest_route=\/wp\/v2\/posts\/40868\/revisions\/40871"}],"wp:featuredmedia":[{"embeddable":true,"href":"https:\/\/elmexiquense.vip\/index.php?rest_route=\/wp\/v2\/media\/40870"}],"wp:attachment":[{"href":"https:\/\/elmexiquense.vip\/index.php?rest_route=%2Fwp%2Fv2%2Fmedia&parent=40868"}],"wp:term":[{"taxonomy":"category","embeddable":true,"href":"https:\/\/elmexiquense.vip\/index.php?rest_route=%2Fwp%2Fv2%2Fcategories&post=40868"},{"taxonomy":"post_tag","embeddable":true,"href":"https:\/\/elmexiquense.vip\/index.php?rest_route=%2Fwp%2Fv2%2Ftags&post=40868"}],"curies":[{"name":"wp","href":"https:\/\/api.w.org\/{rel}","templated":true}]}}