{"id":40889,"date":"2025-11-11T21:43:11","date_gmt":"2025-11-12T03:43:11","guid":{"rendered":"https:\/\/elmexiquense.vip\/?p=40889"},"modified":"2025-11-11T21:43:11","modified_gmt":"2025-11-12T03:43:11","slug":"claudia-sheinbaum-pardo-reporta-una-disminucion-del-37-en-homicidios-dolosos-reforzando-la-estrategia-de-seguridad-nacional-claudiashein-gobiernomx","status":"publish","type":"post","link":"https:\/\/elmexiquense.vip\/?p=40889","title":{"rendered":"Claudia Sheinbaum Pardo reporta una disminuci\u00f3n del 37% en homicidios dolosos, reforzando la estrategia de seguridad nacional \/ @Claudiashein @GobiernoMX >>>"},"content":{"rendered":"\n<p><strong>#GobiernoFederal<\/strong>,\u00a0<strong>#M\u00e9xico<\/strong>.-\u00a0La Presidenta de M\u00e9xico, <strong>Claudia Sheinbaum Pardo<\/strong>, anunci\u00f3 en su conferencia matutina <strong>\u00abLas ma\u00f1aneras del pueblo\u00bb<\/strong> una significativa disminuci\u00f3n del <strong>37 por ciento<\/strong> en el promedio diario de <strong>homicidios dolosos<\/strong> registrados entre septiembre de 2024 y octubre de 2025. Este descenso representa una reducci\u00f3n de <strong>32 v\u00edctimas diarias<\/strong> en promedio, pasando de 86.9 a 54.5, lo cual demuestra un cambio efectivo en la estrategia de seguridad nacional implementada por su administraci\u00f3n. La Mandataria enfatiz\u00f3 que esta estrategia se basa en dos pilares fundamentales: la <strong>Atenci\u00f3n a las Causas<\/strong> sociales y la implementaci\u00f3n de una pol\u00edtica de <strong>Cero Impunidad<\/strong> contra la delincuencia organizada.<\/p>\n\n\n\n<p>La <strong>Estrategia de Seguridad<\/strong> se sustenta en el fortalecimiento de la inteligencia, la investigaci\u00f3n y la coordinaci\u00f3n entre corporaciones, logrando la detenci\u00f3n de <strong>37 mil generadores de violencia<\/strong> en todo el pa\u00eds durante los primeros 13 meses de gobierno. <strong>Sheinbaum Pardo<\/strong> contrast\u00f3 estos resultados con los incrementos hist\u00f3ricos: un alza del <strong>148 por ciento<\/strong> de 2006 a 2012, y un aumento del 42 por ciento de 2012 a 2018, se\u00f1alando que con la Cuarta Transformaci\u00f3n la estrategia ha cambiado radicalmente, priorizando el <strong>bienestar<\/strong> y la <strong>justicia social<\/strong>. La Atenci\u00f3n a las Causas incluye educaci\u00f3n, cultura, deporte y la expansi\u00f3n de los programas de Bienestar a municipios que antes estaban desatendidos.<\/p>\n\n\n\n<p><strong>Marcela Figueroa Franco<\/strong>, titular del Secretariado Ejecutivo del Sistema Nacional de Seguridad P\u00fablica, detall\u00f3 que el promedio diario de homicidios dolosos a nivel nacional ha presentado una reducci\u00f3n del <strong>34 por ciento<\/strong> entre 2018 y los diez meses de 2025, al pasar de 100.5 a 66.1 v\u00edctimas. Inform\u00f3 que, de enero a octubre de 2025, siete entidades concentran el <strong>51 por ciento<\/strong> del total de los casos: Guanajuato, Chihuahua, Baja California, Sinaloa, Estado de M\u00e9xico, Guerrero y Michoac\u00e1n. Destac\u00f3 reducciones significativas en el promedio diario de homicidios de septiembre de 2024 a octubre de 2025 en Baja California (45 por ciento), Estado de M\u00e9xico (42 por ciento) y Nuevo Le\u00f3n (75 por ciento).<\/p>\n\n\n\n<p>Por su parte, el secretario de Seguridad y Protecci\u00f3n Ciudadana, <strong>Omar Garc\u00eda Harfuch<\/strong>, detall\u00f3 los resultados de la acci\u00f3n directa de las fuerzas de seguridad, informando que del 1 de octubre de 2024 al 31 de octubre de 2025, se logr\u00f3 la detenci\u00f3n de <strong>37,012 personas<\/strong> por delitos de alto impacto. Adem\u00e1s, se aseguraron <strong>18,981 armas de fuego<\/strong>, se incautaron cerca de <strong>300 toneladas de droga<\/strong>, incluyendo cuatro millones de pastillas de fentanilo, y se <strong>desmantelaron 1,614 laboratorios clandestinos<\/strong> y \u00e1reas de concentraci\u00f3n. Estos operativos de <strong>Cero Impunidad<\/strong> han contribuido significativamente a la reducci\u00f3n del <strong>46 por ciento<\/strong> en el promedio diario de delitos de alto impacto a nivel nacional desde 2018.<\/p>\n\n\n\n<p><strong>#ElMexiquenseVIP\u00a0\u2013<a href=\"https:\/\/www.facebook.com\/ElMexiquenseVIP\/\">El Mexiquense VIP<\/a><\/strong><\/p>\n\n\n\n<figure class=\"wp-block-image aligncenter size-full\"><img loading=\"lazy\" decoding=\"async\" width=\"650\" height=\"400\" src=\"https:\/\/elmexiquense.vip\/wp-content\/uploads\/2025\/11\/clau-0-4.png\" alt=\"\" class=\"wp-image-40890\" srcset=\"https:\/\/elmexiquense.vip\/wp-content\/uploads\/2025\/11\/clau-0-4.png 650w, https:\/\/elmexiquense.vip\/wp-content\/uploads\/2025\/11\/clau-0-4-300x185.png 300w\" sizes=\"auto, (max-width: 650px) 100vw, 650px\" \/><\/figure>\n","protected":false},"excerpt":{"rendered":"<p>#GobiernoFederal,\u00a0#M\u00e9xico.-\u00a0La Presidenta de M\u00e9xico, Claudia Sheinbaum Pardo, anunci\u00f3 en su conferencia matutina \u00abLas ma\u00f1aneras del pueblo\u00bb una significativa disminuci\u00f3n del<\/p>\n","protected":false},"author":8,"featured_media":40890,"comment_status":"open","ping_status":"open","sticky":false,"template":"","format":"standard","meta":{"colormag_page_container_layout":"default_layout","colormag_page_sidebar_layout":"default_layout","rop_custom_images_group":[],"rop_custom_messages_group":[],"rop_publish_now":"no","rop_publish_now_accounts":{"facebook_102468208940364_894887317217274":""},"rop_publish_now_history":[{"account":"facebook_102468208940364_894887317217274","service":"facebook","timestamp":1762919009,"status":"success"}],"rop_publish_now_status":"done","footnotes":""},"categories":[31],"tags":[88,787,177,474,379,376,217,136,770,79,356,424,123,430,375,378,377],"class_list":["post-40889","post","type-post","status-publish","format-standard","has-post-thumbnail","hentry","category-principales","tag-amlo","tag-claudia-sheinbaum-pardo","tag-delfina-gomez-alvarez","tag-el-mexiquense-vip","tag-en-vivo","tag-enterate","tag-gobierno-de-mexico","tag-gobierno-del-estado-de-mexico","tag-luisa-maria-alcalde-lujan","tag-secretara-de-salud","tag-secretaria-de-bienestar","tag-secretaria-de-comunicaciones-y-transportes","tag-secretaria-de-cultura","tag-secretaria-de-educacion","tag-secretaria-de-la-mujer","tag-ultimahora","tag-ultimas-noticias"],"_links":{"self":[{"href":"https:\/\/elmexiquense.vip\/index.php?rest_route=\/wp\/v2\/posts\/40889","targetHints":{"allow":["GET"]}}],"collection":[{"href":"https:\/\/elmexiquense.vip\/index.php?rest_route=\/wp\/v2\/posts"}],"about":[{"href":"https:\/\/elmexiquense.vip\/index.php?rest_route=\/wp\/v2\/types\/post"}],"author":[{"embeddable":true,"href":"https:\/\/elmexiquense.vip\/index.php?rest_route=\/wp\/v2\/users\/8"}],"replies":[{"embeddable":true,"href":"https:\/\/elmexiquense.vip\/index.php?rest_route=%2Fwp%2Fv2%2Fcomments&post=40889"}],"version-history":[{"count":1,"href":"https:\/\/elmexiquense.vip\/index.php?rest_route=\/wp\/v2\/posts\/40889\/revisions"}],"predecessor-version":[{"id":40891,"href":"https:\/\/elmexiquense.vip\/index.php?rest_route=\/wp\/v2\/posts\/40889\/revisions\/40891"}],"wp:featuredmedia":[{"embeddable":true,"href":"https:\/\/elmexiquense.vip\/index.php?rest_route=\/wp\/v2\/media\/40890"}],"wp:attachment":[{"href":"https:\/\/elmexiquense.vip\/index.php?rest_route=%2Fwp%2Fv2%2Fmedia&parent=40889"}],"wp:term":[{"taxonomy":"category","embeddable":true,"href":"https:\/\/elmexiquense.vip\/index.php?rest_route=%2Fwp%2Fv2%2Fcategories&post=40889"},{"taxonomy":"post_tag","embeddable":true,"href":"https:\/\/elmexiquense.vip\/index.php?rest_route=%2Fwp%2Fv2%2Ftags&post=40889"}],"curies":[{"name":"wp","href":"https:\/\/api.w.org\/{rel}","templated":true}]}}