{"id":40904,"date":"2025-11-12T18:16:30","date_gmt":"2025-11-13T00:16:30","guid":{"rendered":"https:\/\/elmexiquense.vip\/?p=40904"},"modified":"2025-11-12T18:16:30","modified_gmt":"2025-11-13T00:16:30","slug":"en-naucalpan-isaac-montoya-marquez-entrega-el-parque-oyamel-y-devuelve-la-vida-a-minas-coyote-isaacsolar-gobnau","status":"publish","type":"post","link":"https:\/\/elmexiquense.vip\/?p=40904","title":{"rendered":"En Naucalpan, Isaac Montoya M\u00e1rquez entrega el Parque Oyamel y devuelve la vida a Minas Coyote \/ @isaacsolar @GobNau >>>"},"content":{"rendered":"\n<p><strong><strong>#Naucalpan<\/strong>,\u00a0<strong>#EstadoDeM\u00e9xico<\/strong>.-<\/strong> El Gobierno de Naucalpan contin\u00faa marcando las <strong>Huellas de la Transformaci\u00f3n<\/strong> en las comunidades. El presidente municipal, <strong>Isaac Montoya M\u00e1rquez<\/strong>, encabez\u00f3 la entrega del <strong>Parque Oyamel<\/strong> en la colonia <strong>Minas Coyote<\/strong>, un espacio que pas\u00f3 de ser un lugar abandonado y lleno de basura a un sitio digno y seguro, recuperando incluso la vida nocturna gracias a la instalaci\u00f3n de <strong>nuevas luminarias<\/strong>. Este rescate integral beneficia directamente a vecinas y vecinos de <strong>Minas Coyote<\/strong>, <strong>Ampliaci\u00f3n Minas Coyote<\/strong> y <strong>Ampliaci\u00f3n Minas Palacio<\/strong>, brind\u00e1ndoles un nuevo lugar de esparcimiento y convivencia.<\/p>\n\n\n\n<p>La <strong>renovaci\u00f3n, adaptaci\u00f3n y rescate de espacios p\u00fablicos<\/strong> es una constante en Naucalpan, con el presidente municipal realizando, en promedio, tres eventos semanales para entregar obras que mejoran las condiciones de vida de las comunidades. Estas acciones incluyen la <strong>rehabilitaci\u00f3n de calles, canchas deportivas, bacheo y la instalaci\u00f3n de nuevas luminarias<\/strong>, todo bajo el enfoque del programa <strong>Huellas de la Transformaci\u00f3n<\/strong>. <strong>Montoya M\u00e1rquez<\/strong> record\u00f3 que el <strong>Parque Oyamel<\/strong> le trae recuerdos especiales, pues, como vecino cercano, acud\u00eda a caminar y a hacer deporte con su padre y sus primos.<\/p>\n\n\n\n<p>En el <strong>Parque Oyamel<\/strong>, la <strong>cancha de b\u00e1squetbol<\/strong> y los <strong>juegos infantiles<\/strong> lucen totalmente renovados, con pintura y una iluminaci\u00f3n id\u00f3nea para actividades nocturnas, lo que facilita que <strong>familias y deportistas<\/strong> disfruten de momentos de recreaci\u00f3n. El alcalde recalc\u00f3 que <strong>\u201cesta rehabilitaci\u00f3n va a permitir que sea un espacio m\u00e1s seguro, mucho m\u00e1s agradable para venir a practicar cualquier activaci\u00f3n f\u00edsica, finalmente es ir rescatando los espacios que hay que ir ocupando, y que hay que transformando para regenerar el tejido social\u201d<\/strong>.<\/p>\n\n\n\n<figure class=\"wp-block-image aligncenter size-medium\"><img loading=\"lazy\" decoding=\"async\" width=\"300\" height=\"259\" src=\"https:\/\/elmexiquense.vip\/wp-content\/uploads\/2025\/11\/isa-3-e1762992722629-300x259.jpeg\" alt=\"\" class=\"wp-image-40905\"\/><\/figure>\n\n\n\n<p>El programa <strong>Huellas de la Transformaci\u00f3n, Construyendo Bienestar para el Pueblo<\/strong>, busca resolver y atender las necesidades de las colonias manteniendo la cercan\u00eda con la gente; por ello, se robustece con la participaci\u00f3n de personal del <strong>OAPAS<\/strong>. El objetivo es atender, en una sola visita, la mayor cantidad de peticiones de los ciudadanos, combinando el <strong>mejoramiento de servicios p\u00fablicos<\/strong> con labores esenciales como <strong>desazolve y atenci\u00f3n a fugas de agua<\/strong>, como fue el caso en <strong>Minas Coyote<\/strong>.<\/p>\n\n\n\n<p>Como parte de la rehabilitaci\u00f3n, la <strong>Direcci\u00f3n de Servicios P\u00fablicos<\/strong> sustituy\u00f3 <strong>45 luminarias<\/strong> en el parque y calles aleda\u00f1as, utiliz\u00f3 <strong>30 toneladas de mezcla asf\u00e1ltica<\/strong> en vialidades deterioradas y realiz\u00f3 labores de <strong>balizamiento, clareo de \u00e1rboles e instalaci\u00f3n de botes de desechos s\u00f3lidos<\/strong>. En la entrega del parque, el presidente municipal, acompa\u00f1ado de personal del <strong>DIF Municipal<\/strong> y de servidores p\u00fablicos, fue testigo de c\u00f3mo <strong>madres y padres<\/strong> acud\u00edan inmediatamente con sus hijos a usar los juegos, y <strong>deportistas<\/strong> a jugar b\u00e1squetbol y f\u00fatbol.<\/p>\n\n\n\n<p><strong>Montoya M\u00e1rquez<\/strong> enfatiz\u00f3 que <strong>\u201cEste parque para m\u00ed tiene una carga muy especial; este espacio que lo veamos nuevamente brillando, que lo vayamos recuperando y dignificando para que tambi\u00e9n ustedes, como vecinos, puedan salir y disfrutar de un espacio de convivencia. Esto es a lo que nos referimos cuando decimos \u2018origen es destino\u2019; no podemos perder de vista nunca de d\u00f3nde venimos\u201d<\/strong>.<\/p>\n\n\n\n<p><strong>#ElMexiquenseVIP<\/strong>\u00a0\u2013<a href=\"https:\/\/www.facebook.com\/ElMexiquenseVIP\/\"><strong>El Mexiquense VIP<\/strong><\/a><\/p>\n\n\n\n<figure class=\"wp-block-image aligncenter size-large\"><img loading=\"lazy\" decoding=\"async\" width=\"1024\" height=\"642\" src=\"https:\/\/elmexiquense.vip\/wp-content\/uploads\/2025\/11\/isa-2-6-e1762992806325-1024x642.jpeg\" alt=\"\" class=\"wp-image-40906\"\/><\/figure>\n","protected":false},"excerpt":{"rendered":"<p>#Naucalpan,\u00a0#EstadoDeM\u00e9xico.- El Gobierno de Naucalpan contin\u00faa marcando las Huellas de la Transformaci\u00f3n en las comunidades. El presidente municipal, Isaac Montoya<\/p>\n","protected":false},"author":1,"featured_media":40906,"comment_status":"open","ping_status":"open","sticky":false,"template":"","format":"standard","meta":{"colormag_page_container_layout":"default_layout","colormag_page_sidebar_layout":"default_layout","rop_custom_images_group":[],"rop_custom_messages_group":[],"rop_publish_now":"no","rop_publish_now_accounts":{"facebook_102468208940364_894887317217274":""},"rop_publish_now_history":[{"account":"facebook_102468208940364_894887317217274","service":"facebook","timestamp":1762993020,"status":"success"}],"rop_publish_now_status":"done","footnotes":""},"categories":[29],"tags":[88,787,177,474,379,376,217,136,770,79,356,424,123,430,375,378,377],"class_list":["post-40904","post","type-post","status-publish","format-standard","has-post-thumbnail","hentry","category-destacados","tag-amlo","tag-claudia-sheinbaum-pardo","tag-delfina-gomez-alvarez","tag-el-mexiquense-vip","tag-en-vivo","tag-enterate","tag-gobierno-de-mexico","tag-gobierno-del-estado-de-mexico","tag-luisa-maria-alcalde-lujan","tag-secretara-de-salud","tag-secretaria-de-bienestar","tag-secretaria-de-comunicaciones-y-transportes","tag-secretaria-de-cultura","tag-secretaria-de-educacion","tag-secretaria-de-la-mujer","tag-ultimahora","tag-ultimas-noticias"],"_links":{"self":[{"href":"https:\/\/elmexiquense.vip\/index.php?rest_route=\/wp\/v2\/posts\/40904","targetHints":{"allow":["GET"]}}],"collection":[{"href":"https:\/\/elmexiquense.vip\/index.php?rest_route=\/wp\/v2\/posts"}],"about":[{"href":"https:\/\/elmexiquense.vip\/index.php?rest_route=\/wp\/v2\/types\/post"}],"author":[{"embeddable":true,"href":"https:\/\/elmexiquense.vip\/index.php?rest_route=\/wp\/v2\/users\/1"}],"replies":[{"embeddable":true,"href":"https:\/\/elmexiquense.vip\/index.php?rest_route=%2Fwp%2Fv2%2Fcomments&post=40904"}],"version-history":[{"count":1,"href":"https:\/\/elmexiquense.vip\/index.php?rest_route=\/wp\/v2\/posts\/40904\/revisions"}],"predecessor-version":[{"id":40907,"href":"https:\/\/elmexiquense.vip\/index.php?rest_route=\/wp\/v2\/posts\/40904\/revisions\/40907"}],"wp:featuredmedia":[{"embeddable":true,"href":"https:\/\/elmexiquense.vip\/index.php?rest_route=\/wp\/v2\/media\/40906"}],"wp:attachment":[{"href":"https:\/\/elmexiquense.vip\/index.php?rest_route=%2Fwp%2Fv2%2Fmedia&parent=40904"}],"wp:term":[{"taxonomy":"category","embeddable":true,"href":"https:\/\/elmexiquense.vip\/index.php?rest_route=%2Fwp%2Fv2%2Fcategories&post=40904"},{"taxonomy":"post_tag","embeddable":true,"href":"https:\/\/elmexiquense.vip\/index.php?rest_route=%2Fwp%2Fv2%2Ftags&post=40904"}],"curies":[{"name":"wp","href":"https:\/\/api.w.org\/{rel}","templated":true}]}}