{"id":40908,"date":"2025-11-12T18:51:14","date_gmt":"2025-11-13T00:51:14","guid":{"rendered":"https:\/\/elmexiquense.vip\/?p=40908"},"modified":"2025-11-12T18:51:14","modified_gmt":"2025-11-13T00:51:14","slug":"ninos-y-jovenes-mexiquenses-pueden-inscribirse-en-el-certamen-estatal-de-arte-2025-delfinagomeza-edomex","status":"publish","type":"post","link":"https:\/\/elmexiquense.vip\/?p=40908","title":{"rendered":"Ni\u00f1os y j\u00f3venes mexiquenses pueden inscribirse en el certamen estatal de arte 2025 \/ @delfinagomeza @Edomex"},"content":{"rendered":"\n<p><strong>#EstadoDeM\u00e9xico<\/strong>,\u00a0<strong>#M\u00e9xico<\/strong>.-\u00a0 El Gobierno del <strong>Estado de M\u00e9xico<\/strong>, a trav\u00e9s del <strong>Consejo Estatal de Poblaci\u00f3n (Coespo)<\/strong>, invita a <strong>ni\u00f1as, ni\u00f1os, adolescentes y juventudes mexiquenses<\/strong> a participar en la <strong>etapa estatal del Concurso Nacional de Dibujo y Pintura 2025<\/strong>, cuyo registro concluir\u00e1 el <strong>14 de noviembre<\/strong>. Este certamen busca fomentar la reflexi\u00f3n sobre la importancia de llegar a los 60 a\u00f1os activos, saludables y con una mejor calidad de vida, impulsando la creatividad desde temprana edad.<\/p>\n\n\n\n<p>Hoy vivimos m\u00e1s tiempo: mientras que en <strong>1975 la esperanza de vida al nacer en M\u00e9xico era de 64.41 a\u00f1os<\/strong>, para <strong>2025 se estima que alcanzar\u00e1 75.67 a\u00f1os<\/strong>. Este aumento resalta la necesidad de pensar en el bienestar y la actividad f\u00edsica, as\u00ed como en h\u00e1bitos saludables que promuevan un envejecimiento digno y activo.<\/p>\n\n\n\n<p>El <strong>Estado de M\u00e9xico<\/strong> es un territorio diverso en edades: <strong>14.51%<\/strong> corresponde a ni\u00f1as y ni\u00f1os menores de 9 a\u00f1os, <strong>16.33%<\/strong> a adolescentes de 10 a 19 a\u00f1os, <strong>16.86%<\/strong> a j\u00f3venes de 20 a 29 a\u00f1os, <strong>39.74%<\/strong> a personas de 30 a 59 a\u00f1os, y <strong>12.56%<\/strong> a personas de 60 a\u00f1os y m\u00e1s. Esta distribuci\u00f3n poblacional refuerza la importancia de involucrar a todas las generaciones en la construcci\u00f3n de un futuro saludable.<\/p>\n\n\n\n<p>El concurso busca que desde las primeras etapas de la vida, las y los mexiquenses <strong>imaginen c\u00f3mo construir un futuro m\u00e1s saludable, activo y digno<\/strong> para todas las generaciones. La participaci\u00f3n en este certamen fomenta la creatividad, el pensamiento cr\u00edtico y la conciencia sobre el bienestar integral a lo largo de la vida.<\/p>\n\n\n\n<p>Podr\u00e1n participar todas las personas de <strong>6 a 24 a\u00f1os<\/strong> residentes en el Estado de M\u00e9xico, distribuidas en las siguientes categor\u00edas: <strong>6 a 9 a\u00f1os, 10 a 12 a\u00f1os, 13 a 15 a\u00f1os, 16 a 19 a\u00f1os y 20 a 24 a\u00f1os<\/strong>. Las inscripciones est\u00e1n disponibles en: <strong><a href=\"https:\/\/www.sggedomex.gob.mx\/CDPI2025\/\">https:\/\/www.sggedomex.gob.mx\/CDPI2025\/<\/a><\/strong>, y se invita a los j\u00f3venes a formar parte de esta experiencia educativa y art\u00edstica.<\/p>\n\n\n\n<p>El <strong>Coespo<\/strong> otorgar\u00e1 <strong>reconocimientos y laptops<\/strong> a las y los ganadores estatales en cada categor\u00eda, incentivando el talento y el compromiso con la promoci\u00f3n de un envejecimiento activo y saludable. Este concurso representa una oportunidad \u00fanica para que las juventudes mexiquenses contribuyan con sus ideas y creatividad al bienestar de toda la comunidad.<\/p>\n\n\n\n<p><strong>#ElMexiquenseVIP<\/strong>\u00a0\u2013<a href=\"https:\/\/www.facebook.com\/ElMexiquenseVIP\/\"><strong>El Mexiquense VIP<\/strong><\/a><\/p>\n\n\n\n<figure class=\"wp-block-image aligncenter size-full\"><img loading=\"lazy\" decoding=\"async\" width=\"597\" height=\"489\" src=\"https:\/\/elmexiquense.vip\/wp-content\/uploads\/2025\/11\/secre-4.jpg\" alt=\"\" class=\"wp-image-40909\" srcset=\"https:\/\/elmexiquense.vip\/wp-content\/uploads\/2025\/11\/secre-4.jpg 597w, https:\/\/elmexiquense.vip\/wp-content\/uploads\/2025\/11\/secre-4-300x246.jpg 300w\" sizes=\"auto, (max-width: 597px) 100vw, 597px\" \/><\/figure>\n","protected":false},"excerpt":{"rendered":"<p>#EstadoDeM\u00e9xico,\u00a0#M\u00e9xico.-\u00a0 El Gobierno del Estado de M\u00e9xico, a trav\u00e9s del Consejo Estatal de Poblaci\u00f3n (Coespo), invita a ni\u00f1as, ni\u00f1os, adolescentes<\/p>\n","protected":false},"author":8,"featured_media":40909,"comment_status":"open","ping_status":"open","sticky":false,"template":"","format":"standard","meta":{"colormag_page_container_layout":"default_layout","colormag_page_sidebar_layout":"default_layout","rop_custom_images_group":[],"rop_custom_messages_group":[],"rop_publish_now":"no","rop_publish_now_accounts":{"facebook_102468208940364_894887317217274":""},"rop_publish_now_history":[{"account":"facebook_102468208940364_894887317217274","service":"facebook","timestamp":1762995125,"status":"success"}],"rop_publish_now_status":"done","footnotes":""},"categories":[33,107],"tags":[88,773,787,177,369,870,474,379,376,217,136,770,762],"class_list":["post-40908","post","type-post","status-publish","format-standard","has-post-thumbnail","hentry","category-eventos-especiales","category-secretarias","tag-amlo","tag-andres-manuel-lopez-beltran","tag-claudia-sheinbaum-pardo","tag-delfina-gomez-alvarez","tag-dif-estado-de-mexico","tag-edomex-2","tag-el-mexiquense-vip","tag-en-vivo","tag-enterate","tag-gobierno-de-mexico","tag-gobierno-del-estado-de-mexico","tag-luisa-maria-alcalde-lujan","tag-miguel-angel-zorro"],"_links":{"self":[{"href":"https:\/\/elmexiquense.vip\/index.php?rest_route=\/wp\/v2\/posts\/40908","targetHints":{"allow":["GET"]}}],"collection":[{"href":"https:\/\/elmexiquense.vip\/index.php?rest_route=\/wp\/v2\/posts"}],"about":[{"href":"https:\/\/elmexiquense.vip\/index.php?rest_route=\/wp\/v2\/types\/post"}],"author":[{"embeddable":true,"href":"https:\/\/elmexiquense.vip\/index.php?rest_route=\/wp\/v2\/users\/8"}],"replies":[{"embeddable":true,"href":"https:\/\/elmexiquense.vip\/index.php?rest_route=%2Fwp%2Fv2%2Fcomments&post=40908"}],"version-history":[{"count":1,"href":"https:\/\/elmexiquense.vip\/index.php?rest_route=\/wp\/v2\/posts\/40908\/revisions"}],"predecessor-version":[{"id":40910,"href":"https:\/\/elmexiquense.vip\/index.php?rest_route=\/wp\/v2\/posts\/40908\/revisions\/40910"}],"wp:featuredmedia":[{"embeddable":true,"href":"https:\/\/elmexiquense.vip\/index.php?rest_route=\/wp\/v2\/media\/40909"}],"wp:attachment":[{"href":"https:\/\/elmexiquense.vip\/index.php?rest_route=%2Fwp%2Fv2%2Fmedia&parent=40908"}],"wp:term":[{"taxonomy":"category","embeddable":true,"href":"https:\/\/elmexiquense.vip\/index.php?rest_route=%2Fwp%2Fv2%2Fcategories&post=40908"},{"taxonomy":"post_tag","embeddable":true,"href":"https:\/\/elmexiquense.vip\/index.php?rest_route=%2Fwp%2Fv2%2Ftags&post=40908"}],"curies":[{"name":"wp","href":"https:\/\/api.w.org\/{rel}","templated":true}]}}