{"id":40912,"date":"2025-11-13T20:59:13","date_gmt":"2025-11-14T02:59:13","guid":{"rendered":"https:\/\/elmexiquense.vip\/?p=40912"},"modified":"2025-11-13T20:59:13","modified_gmt":"2025-11-14T02:59:13","slug":"claudia-sheinbaum-impulsa-la-salud-en-tecamac-con-la-apertura-de-dos-nuevas-clinicas-del-issste-claudiashein-gobiernomx","status":"publish","type":"post","link":"https:\/\/elmexiquense.vip\/?p=40912","title":{"rendered":"Claudia Sheinbaum impulsa la salud en Tec\u00e1mac con la apertura de dos nuevas cl\u00ednicas del ISSSTE \/ @Claudiashein @GobiernoMX >>>"},"content":{"rendered":"\n<p><strong>#GobiernoFederal<\/strong>,\u00a0<strong>#M\u00e9xico<\/strong>.-\u00a0En un paso significativo para la salud p\u00fablica en el Estado de M\u00e9xico, la presidenta <strong>Claudia Sheinbaum Pardo<\/strong> inaugur\u00f3 el inicio de operaciones de las Cl\u00ednicas de Medicina Familiar <strong>\u201cJuana Bel\u00e9n Guti\u00e9rrez Ch\u00e1vez\u201d<\/strong> y <strong>\u201cH\u00e9roes Tec\u00e1mac\u201d<\/strong> del ISSSTE en Tec\u00e1mac. <strong>Con esta acci\u00f3n, el municipio eleva su capacidad de atenci\u00f3n<\/strong>, pasando de un consultorio de Atenci\u00f3n Familiar a una infraestructura robusta de diez consultorios de medicina general, diez de especialidades, veinte camas censables y tres quir\u00f3fanos, <strong>cumpliendo el compromiso con la mejora de los servicios sanitarios<\/strong>.<\/p>\n\n\n\n<p>La mandataria defendi\u00f3 firmemente la inversi\u00f3n en las instituciones p\u00fablicas, destacando: <strong>\u201cNosotros somos defensores de lo p\u00fablico, porque en la medida que se invierte en el ISSSTE, que se invierte en el IMSS, que se invierte en el IMSS Bienestar, en la medida que hay compromiso con el pueblo, los servicios de salud son cada vez mejores\u201d<\/strong>.<\/p>\n\n\n\n<p>Record\u00f3 que el Gobierno de M\u00e9xico, a trav\u00e9s de la Cuarta Transformaci\u00f3n, elimin\u00f3 los seguros de gastos m\u00e9dicos mayores para los funcionarios de confianza desde 2018, <strong>redirigiendo esos recursos a la atenci\u00f3n p\u00fablica en el ISSSTE<\/strong> para todos los trabajadores del Estado.<\/p>\n\n\n\n<p>El director general del ISSSTE, <strong>Mart\u00ed Batres Guadarrama<\/strong>, detall\u00f3 que la Cl\u00ednica <strong>\u201cJuana Bel\u00e9n Guti\u00e9rrez Ch\u00e1vez\u201d<\/strong> ya ofrece servicios de consulta general y especialidades como ginecolog\u00eda, medicina interna y oftalmolog\u00eda, mientras que la Cl\u00ednica <strong>\u201cH\u00e9roes Tec\u00e1mac\u201d<\/strong> incluir\u00e1 traumatolog\u00eda y gastroenterolog\u00eda.<\/p>\n\n\n\n<p><strong>La apertura de ambas cl\u00ednicas fue posible gracias a la colaboraci\u00f3n del gobierno municipal de Tec\u00e1mac<\/strong>, que otorg\u00f3 los espacios necesarios para ampliar la infraestructura y los servicios del ISSSTE, en beneficio directo de la derechohabiencia.<\/p>\n\n\n\n<p>Batres Guadarrama resumi\u00f3 el objetivo: <strong>\u201cEso es nuestro proyecto: mucha infraestructura p\u00fablica al servicio de la poblaci\u00f3n; salud p\u00fablica universal, gratuita, de calidad para la gente\u201d<\/strong>, enfocada en la clase trabajadora.<\/p>\n\n\n\n<p><strong>#ElMexiquenseVIP\u00a0\u2013<a href=\"https:\/\/www.facebook.com\/ElMexiquenseVIP\/\">El Mexiquense VIP<\/a><\/strong><\/p>\n\n\n\n<figure class=\"wp-block-image aligncenter size-full\"><img loading=\"lazy\" decoding=\"async\" width=\"650\" height=\"400\" src=\"https:\/\/elmexiquense.vip\/wp-content\/uploads\/2025\/11\/cla-0-1.png\" alt=\"\" class=\"wp-image-40913\" srcset=\"https:\/\/elmexiquense.vip\/wp-content\/uploads\/2025\/11\/cla-0-1.png 650w, https:\/\/elmexiquense.vip\/wp-content\/uploads\/2025\/11\/cla-0-1-300x185.png 300w\" sizes=\"auto, (max-width: 650px) 100vw, 650px\" \/><\/figure>\n","protected":false},"excerpt":{"rendered":"<p>#GobiernoFederal,\u00a0#M\u00e9xico.-\u00a0En un paso significativo para la salud p\u00fablica en el Estado de M\u00e9xico, la presidenta Claudia Sheinbaum Pardo inaugur\u00f3 el<\/p>\n","protected":false},"author":1,"featured_media":40913,"comment_status":"open","ping_status":"open","sticky":false,"template":"","format":"standard","meta":{"colormag_page_container_layout":"default_layout","colormag_page_sidebar_layout":"default_layout","rop_custom_images_group":[],"rop_custom_messages_group":[],"rop_publish_now":"no","rop_publish_now_accounts":{"facebook_102468208940364_894887317217274":""},"rop_publish_now_history":[{"account":"facebook_102468208940364_894887317217274","service":"facebook","timestamp":1763089175,"status":"success"}],"rop_publish_now_status":"done","footnotes":""},"categories":[31],"tags":[88,787,177,474,379,376,217,136,770,79,356,424,123,430,375,378,377],"class_list":["post-40912","post","type-post","status-publish","format-standard","has-post-thumbnail","hentry","category-principales","tag-amlo","tag-claudia-sheinbaum-pardo","tag-delfina-gomez-alvarez","tag-el-mexiquense-vip","tag-en-vivo","tag-enterate","tag-gobierno-de-mexico","tag-gobierno-del-estado-de-mexico","tag-luisa-maria-alcalde-lujan","tag-secretara-de-salud","tag-secretaria-de-bienestar","tag-secretaria-de-comunicaciones-y-transportes","tag-secretaria-de-cultura","tag-secretaria-de-educacion","tag-secretaria-de-la-mujer","tag-ultimahora","tag-ultimas-noticias"],"_links":{"self":[{"href":"https:\/\/elmexiquense.vip\/index.php?rest_route=\/wp\/v2\/posts\/40912","targetHints":{"allow":["GET"]}}],"collection":[{"href":"https:\/\/elmexiquense.vip\/index.php?rest_route=\/wp\/v2\/posts"}],"about":[{"href":"https:\/\/elmexiquense.vip\/index.php?rest_route=\/wp\/v2\/types\/post"}],"author":[{"embeddable":true,"href":"https:\/\/elmexiquense.vip\/index.php?rest_route=\/wp\/v2\/users\/1"}],"replies":[{"embeddable":true,"href":"https:\/\/elmexiquense.vip\/index.php?rest_route=%2Fwp%2Fv2%2Fcomments&post=40912"}],"version-history":[{"count":1,"href":"https:\/\/elmexiquense.vip\/index.php?rest_route=\/wp\/v2\/posts\/40912\/revisions"}],"predecessor-version":[{"id":40914,"href":"https:\/\/elmexiquense.vip\/index.php?rest_route=\/wp\/v2\/posts\/40912\/revisions\/40914"}],"wp:featuredmedia":[{"embeddable":true,"href":"https:\/\/elmexiquense.vip\/index.php?rest_route=\/wp\/v2\/media\/40913"}],"wp:attachment":[{"href":"https:\/\/elmexiquense.vip\/index.php?rest_route=%2Fwp%2Fv2%2Fmedia&parent=40912"}],"wp:term":[{"taxonomy":"category","embeddable":true,"href":"https:\/\/elmexiquense.vip\/index.php?rest_route=%2Fwp%2Fv2%2Fcategories&post=40912"},{"taxonomy":"post_tag","embeddable":true,"href":"https:\/\/elmexiquense.vip\/index.php?rest_route=%2Fwp%2Fv2%2Ftags&post=40912"}],"curies":[{"name":"wp","href":"https:\/\/api.w.org\/{rel}","templated":true}]}}