{"id":40939,"date":"2025-11-17T14:54:47","date_gmt":"2025-11-17T20:54:47","guid":{"rendered":"https:\/\/elmexiquense.vip\/?p=40939"},"modified":"2025-11-17T14:54:47","modified_gmt":"2025-11-17T20:54:47","slug":"pedro-rodriguez-villegas-celebra-el-triunfo-de-atizapan-tras-obtener-el-premio-iapem-2025-por-su-innovadora-ruta-contra-el-trabajo-infantil-pedro_rvillegas-gobatizapan","status":"publish","type":"post","link":"https:\/\/elmexiquense.vip\/?p=40939","title":{"rendered":"Pedro Rodr\u00edguez Villegas celebra el triunfo de Atizap\u00e1n tras obtener el Premio IAPEM 2025 por su innovadora ruta contra el trabajo infantil \/ @Pedro_RVillegas @GobAtizapan"},"content":{"rendered":"\n<p><strong>#Atizap\u00e1nDeZaragoza, #EstadoDeM\u00e9xico<\/strong>.-\u00a0El municipio de <strong>Atizap\u00e1n de Zaragoza<\/strong>, encabezado por el alcalde <strong>Pedro Rodr\u00edguez Villegas<\/strong>, ha alcanzado un <strong>hito notable<\/strong> al obtener el <strong>Primer Lugar del prestigioso Premio IAPEM a la Gesti\u00f3n Municipal 2025<\/strong>, consolidando su <strong>compromiso con la ni\u00f1ez y la adolescencia<\/strong>. El reconocimiento fue otorgado en la categor\u00eda <strong>Intermunicipal<\/strong> por su innovadora <strong>Ruta Intermunicipal de Erradicaci\u00f3n del Trabajo Infantil<\/strong>, una iniciativa fundamental que agrupa la <strong>colaboraci\u00f3n de 15 municipios del Valle de M\u00e9xico<\/strong>.<\/p>\n\n\n\n<p>Esta <strong>pol\u00edtica p\u00fablica de vanguardia<\/strong> no solo recibi\u00f3 el <strong>m\u00e1ximo galard\u00f3n<\/strong>, sino que tambi\u00e9n fue merecedora del <strong>Distintivo IAPEM Mujer<\/strong>, destacando su <strong>contribuci\u00f3n directa al Objetivo de Desarrollo Sostenible (ODS) 5 \u201cIgualdad de G\u00e9nero\u201d<\/strong>. Este distintivo reconoce la <strong>labor del municipio en la promoci\u00f3n de derechos equitativos y el empoderamiento de ni\u00f1as y mujeres<\/strong>, combatiendo la discriminaci\u00f3n y la violencia en el entorno laboral infantil.<\/p>\n\n\n\n<p>Adem\u00e1s de su liderazgo en la erradicaci\u00f3n del trabajo infantil, el municipio de <strong>Atizap\u00e1n de Zaragoza<\/strong> demostr\u00f3 <strong>excelencia en otros frentes de gesti\u00f3n p\u00fablica<\/strong>. En la categor\u00eda <strong>A1 \u201cProyectos de Continuidad\u201d<\/strong>, la administraci\u00f3n municipal se adjudic\u00f3 el <strong>Segundo Lugar<\/strong>, tambi\u00e9n con <strong>Distintivo IAPEM Mujer<\/strong>, por su robusto <strong>\u201cModelo para la Generaci\u00f3n de Confianza Institucional en la Seguridad P\u00fablica Municipal (2025-2027)\u201d<\/strong>.<\/p>\n\n\n\n<figure class=\"wp-block-image aligncenter size-medium\"><img loading=\"lazy\" decoding=\"async\" width=\"300\" height=\"300\" src=\"https:\/\/elmexiquense.vip\/wp-content\/uploads\/2025\/11\/pedro-2-1-300x300.jpeg\" alt=\"\" class=\"wp-image-40941\" srcset=\"https:\/\/elmexiquense.vip\/wp-content\/uploads\/2025\/11\/pedro-2-1-300x300.jpeg 300w, https:\/\/elmexiquense.vip\/wp-content\/uploads\/2025\/11\/pedro-2-1-1024x1024.jpeg 1024w, https:\/\/elmexiquense.vip\/wp-content\/uploads\/2025\/11\/pedro-2-1-150x150.jpeg 150w, https:\/\/elmexiquense.vip\/wp-content\/uploads\/2025\/11\/pedro-2-1-768x768.jpeg 768w, https:\/\/elmexiquense.vip\/wp-content\/uploads\/2025\/11\/pedro-2-1-600x600.jpeg 600w, https:\/\/elmexiquense.vip\/wp-content\/uploads\/2025\/11\/pedro-2-1.jpeg 1280w\" sizes=\"auto, (max-width: 300px) 100vw, 300px\" \/><\/figure>\n\n\n\n<p>El reconocimiento en esta misma categor\u00eda se extendi\u00f3 hasta el <strong>tercer puesto<\/strong>, otorgado igualmente a <strong>Atizap\u00e1n de Zaragoza<\/strong> por su proyecto de seguridad <strong>\u201cUnidad Municipal de Investigaci\u00f3n de Robo de Veh\u00edculos\u201d<\/strong>. Cabe destacar que la <strong>Ruta Intermunicipal de Erradicaci\u00f3n del Trabajo Infantil<\/strong> ha crecido exponencialmente desde su inicio en 2024, pasando de <strong>cuatro municipios fundadores a quince integrantes<\/strong> en la actualidad.<\/p>\n\n\n\n<p>Aunado a los premios principales, el municipio tambi\u00e9n recibi\u00f3 una <strong>Menci\u00f3n Honor\u00edfica<\/strong> en la categor\u00eda <strong>\u201cProyectos a desarrollar en el trienio 2025-2027\u201d<\/strong> por la iniciativa <strong>\u201cAtizap\u00e1n de Zaragoza. Ciudad entre el Agua\u201d<\/strong>. Estos reconocimientos reflejan una <strong>gesti\u00f3n integral enfocada en la innovaci\u00f3n y el servicio<\/strong>.<\/p>\n\n\n\n<p>La <strong>serie de galardones obtenidos<\/strong> subraya el <strong>compromiso del gobierno municipal<\/strong> con una <strong>administraci\u00f3n eficiente y sensible a las necesidades sociales<\/strong>, con especial \u00e9nfasis en la <strong>protecci\u00f3n de los derechos de la ni\u00f1ez<\/strong> y el fortalecimiento de la <strong>seguridad ciudadana<\/strong>. El alcalde <strong>Pedro Rodr\u00edguez Villegas<\/strong> reafirma, con estos logros, el <strong>liderazgo de Atizap\u00e1n de Zaragoza como municipio modelo en el Valle de M\u00e9xico<\/strong>.<\/p>\n\n\n\n<p><strong>#ElMexiquenseVIP<\/strong>\u00a0\u2013<a href=\"https:\/\/www.facebook.com\/ElMexiquenseVIP\/\"><strong>El Mexiquense VIP<\/strong><\/a><\/p>\n\n\n\n<figure class=\"wp-block-image aligncenter size-large\"><img loading=\"lazy\" decoding=\"async\" width=\"1024\" height=\"685\" src=\"https:\/\/elmexiquense.vip\/wp-content\/uploads\/2025\/11\/pedro-1-e1763412643753-1024x685.jpeg\" alt=\"\" class=\"wp-image-40940\"\/><\/figure>\n","protected":false},"excerpt":{"rendered":"<p>#Atizap\u00e1nDeZaragoza, #EstadoDeM\u00e9xico.-\u00a0El municipio de Atizap\u00e1n de Zaragoza, encabezado por el alcalde Pedro Rodr\u00edguez Villegas, ha alcanzado un hito notable al<\/p>\n","protected":false},"author":1,"featured_media":40940,"comment_status":"open","ping_status":"open","sticky":false,"template":"","format":"standard","meta":{"colormag_page_container_layout":"default_layout","colormag_page_sidebar_layout":"default_layout","rop_custom_images_group":[],"rop_custom_messages_group":[],"rop_publish_now":"no","rop_publish_now_accounts":{"facebook_102468208940364_894887317217274":""},"rop_publish_now_history":[{"account":"facebook_102468208940364_894887317217274","service":"facebook","timestamp":1763416640,"status":"success"}],"rop_publish_now_status":"done","footnotes":""},"categories":[29],"tags":[515,787,177,764,474,379,376,217,136,777,762,492,744,691,493,383],"class_list":["post-40939","post","type-post","status-publish","format-standard","has-post-thumbnail","hentry","category-destacados","tag-anuar-azar-figueroa","tag-claudia-sheinbaum-pardo","tag-delfina-gomez-alvarez","tag-dif-atizapan-de-zaragoza","tag-el-mexiquense-vip","tag-en-vivo","tag-enterate","tag-gobierno-de-mexico","tag-gobierno-del-estado-de-mexico","tag-jorge-romero-herrera","tag-miguel-angel-zorro","tag-municipio-de-atizapan-de-zaragoza","tag-noticias-atizapan-de-zaragoza","tag-patricia-arevalo-rubio","tag-pedro-rodriguez-villegas","tag-ultima-hora"],"_links":{"self":[{"href":"https:\/\/elmexiquense.vip\/index.php?rest_route=\/wp\/v2\/posts\/40939","targetHints":{"allow":["GET"]}}],"collection":[{"href":"https:\/\/elmexiquense.vip\/index.php?rest_route=\/wp\/v2\/posts"}],"about":[{"href":"https:\/\/elmexiquense.vip\/index.php?rest_route=\/wp\/v2\/types\/post"}],"author":[{"embeddable":true,"href":"https:\/\/elmexiquense.vip\/index.php?rest_route=\/wp\/v2\/users\/1"}],"replies":[{"embeddable":true,"href":"https:\/\/elmexiquense.vip\/index.php?rest_route=%2Fwp%2Fv2%2Fcomments&post=40939"}],"version-history":[{"count":1,"href":"https:\/\/elmexiquense.vip\/index.php?rest_route=\/wp\/v2\/posts\/40939\/revisions"}],"predecessor-version":[{"id":40942,"href":"https:\/\/elmexiquense.vip\/index.php?rest_route=\/wp\/v2\/posts\/40939\/revisions\/40942"}],"wp:featuredmedia":[{"embeddable":true,"href":"https:\/\/elmexiquense.vip\/index.php?rest_route=\/wp\/v2\/media\/40940"}],"wp:attachment":[{"href":"https:\/\/elmexiquense.vip\/index.php?rest_route=%2Fwp%2Fv2%2Fmedia&parent=40939"}],"wp:term":[{"taxonomy":"category","embeddable":true,"href":"https:\/\/elmexiquense.vip\/index.php?rest_route=%2Fwp%2Fv2%2Fcategories&post=40939"},{"taxonomy":"post_tag","embeddable":true,"href":"https:\/\/elmexiquense.vip\/index.php?rest_route=%2Fwp%2Fv2%2Ftags&post=40939"}],"curies":[{"name":"wp","href":"https:\/\/api.w.org\/{rel}","templated":true}]}}