{"id":40943,"date":"2025-11-17T20:18:12","date_gmt":"2025-11-18T02:18:12","guid":{"rendered":"https:\/\/elmexiquense.vip\/?p=40943"},"modified":"2025-11-18T20:32:18","modified_gmt":"2025-11-19T02:32:18","slug":"raciel-perez-cruz-impulsa-la-transformacion-ecologica-de-tlalnepantla-y-recibe-el-premio-al-merito-ambiental-2025-racielperezc_-gob_tlalne","status":"publish","type":"post","link":"https:\/\/elmexiquense.vip\/?p=40943","title":{"rendered":"\u00a0Raciel P\u00e9rez Cruz impulsa la transformaci\u00f3n ecol\u00f3gica de Tlalnepantla y recibe el Premio al M\u00e9rito Ambiental 2025 \/ @RacielPerezC_ @Gob_Tlalne >>"},"content":{"rendered":"\n<p><strong>#Tlalnepantla<\/strong>, #<strong>EstadoDeM\u00e9xico<\/strong>.-\u00a0El municipio de <strong>Tlalnepantla<\/strong> ha sido reconocido por su firme compromiso con la <strong>preservaci\u00f3n y conservaci\u00f3n de sus espacios verdes<\/strong>, una labor diaria fundamental para la demarcaci\u00f3n. Gracias a estas acciones de <strong>impacto ecol\u00f3gico<\/strong>, el <strong>Presidente Municipal, Raciel P\u00e9rez Cruz<\/strong>, recibi\u00f3 el prestigioso <strong>Premio al M\u00e9rito Ambiental 2025<\/strong>. Este galard\u00f3n subraya la eficacia de una <strong>gesti\u00f3n enfocada en el bienestar ciudadano y la sustentabilidad ambiental<\/strong> dentro del Estado de M\u00e9xico.<\/p>\n\n\n\n<p>La distinci\u00f3n fue entregada por la <strong>Secretaria del Medio Ambiente y Desarrollo Sostenible a nivel estatal, Alhely Rubio Arronis<\/strong>, en el emblem\u00e1tico <strong>Cosmovitral Jard\u00edn Bot\u00e1nico de Toluca<\/strong>. El alcalde <strong>P\u00e9rez Cruz<\/strong> recibi\u00f3 el premio con una <strong>Menci\u00f3n Honor\u00edfica en la categor\u00eda de Autoridades Locales<\/strong>, espec\u00edficamente por la implementaci\u00f3n exitosa del <strong>\u201cOperativo Colibr\u00ed\u201d<\/strong>, una <strong>pol\u00edtica p\u00fablica de transformaci\u00f3n ecol\u00f3gica<\/strong>.<\/p>\n\n\n\n<p>A trav\u00e9s de la <strong>Direcci\u00f3n General de Sustentabilidad Ambiental<\/strong>, el Gobierno de <strong>Tlalnepantla<\/strong> impulsa esta pol\u00edtica con el objetivo de lograr la <strong>transformaci\u00f3n ecol\u00f3gica de parques, jardines y \u00e1reas verdes<\/strong>. Para hacer efectiva esta meta, se llev\u00f3 a cabo un profundo <strong>proceso de reorganizaci\u00f3n y modernizaci\u00f3n del servicio p\u00fablico<\/strong>, optimizando los recursos humanos y materiales dedicados al mantenimiento de la <strong>infraestructura verde municipal<\/strong>.<\/p>\n\n\n\n<figure class=\"wp-block-image aligncenter size-medium\"><img loading=\"lazy\" decoding=\"async\" width=\"300\" height=\"166\" src=\"https:\/\/elmexiquense.vip\/wp-content\/uploads\/2025\/11\/raci-2-4-e1763413930954-300x166.jpeg\" alt=\"\" class=\"wp-image-40944\"\/><\/figure>\n\n\n\n<p>Para estas acciones, fue necesaria la <strong>reestructuraci\u00f3n de 15 cuadrillas operativas<\/strong>, integradas por un total de <strong>186 personas servidoras p\u00fablicas<\/strong>, adem\u00e1s de una <strong>ampliaci\u00f3n del 66 por ciento del parque vehicular y maquinaria pesada<\/strong>. Este personal trabaja diariamente en turnos matutinos y vespertinos, brindando <strong>18 diferentes servicios especializados<\/strong> para el rescate y mantenimiento constante de los parques y jardines.<\/p>\n\n\n\n<p>Durante el primer a\u00f1o de Gobierno, se efectuaron <strong>63 dispositivos del \u201cOperativo Colibr\u00ed\u201d<\/strong> \u201438 en la zona Poniente y 25 en Oriente\u2014 que lograron la <strong>transformaci\u00f3n de 83 parques, jardines y camellones<\/strong> que se encontraban en mal estado y deterioro. Con la rehabilitaci\u00f3n de estos espacios se garantiza a <strong>las y los habitantes el derecho humano a un medio ambiente sano<\/strong> y se eleva su <strong>calidad de vida<\/strong>.<\/p>\n\n\n\n<p>La transformaci\u00f3n de estos espacios no solo <strong>embellece el entorno<\/strong>, sino que tambi\u00e9n permite contar con <strong>lugares m\u00e1s seguros para la ciudadan\u00eda<\/strong>, fomentando que <strong>las y los vecinos se apropien de ellos<\/strong>. Este enfoque es crucial para la <strong>reconstrucci\u00f3n del tejido social<\/strong>, la <strong>reconexi\u00f3n con la naturaleza<\/strong> y la <strong>conservaci\u00f3n de la biodiversidad<\/strong> en <strong>Tlalnepantla<\/strong>.<\/p>\n\n\n\n<p><strong>#ElMexiquenseVIP<\/strong>\u00a0\u2013<a href=\"https:\/\/www.facebook.com\/ElMexiquenseVIP\/\"><strong>El Mexiquense VIP<\/strong><\/a><\/p>\n\n\n\n<figure class=\"wp-block-image aligncenter size-large\"><img loading=\"lazy\" decoding=\"async\" width=\"1024\" height=\"562\" src=\"https:\/\/elmexiquense.vip\/wp-content\/uploads\/2025\/11\/raci-1-4-e1763414026673-1024x562.jpeg\" alt=\"\" class=\"wp-image-40945\"\/><\/figure>\n","protected":false},"excerpt":{"rendered":"<p>#Tlalnepantla, #EstadoDeM\u00e9xico.-\u00a0El municipio de Tlalnepantla ha sido reconocido por su firme compromiso con la preservaci\u00f3n y conservaci\u00f3n de sus espacios<\/p>\n","protected":false},"author":1,"featured_media":40945,"comment_status":"open","ping_status":"open","sticky":false,"template":"","format":"standard","meta":{"colormag_page_container_layout":"default_layout","colormag_page_sidebar_layout":"default_layout","rop_custom_images_group":[],"rop_custom_messages_group":[],"rop_publish_now":"no","rop_publish_now_accounts":{"facebook_102468208940364_894887317217274":""},"rop_publish_now_history":[{"account":"facebook_102468208940364_894887317217274","service":"facebook","timestamp":1763416645,"status":"success"}],"rop_publish_now_status":"done","footnotes":""},"categories":[33,29],"tags":[88,773,787,177,602,474,379,376,217,599,136,770,486,152,51,378,377],"class_list":["post-40943","post","type-post","status-publish","format-standard","has-post-thumbnail","hentry","category-eventos-especiales","category-destacados","tag-amlo","tag-andres-manuel-lopez-beltran","tag-claudia-sheinbaum-pardo","tag-delfina-gomez-alvarez","tag-dif-tlalnepantla","tag-el-mexiquense-vip","tag-en-vivo","tag-enterate","tag-gobierno-de-mexico","tag-gobierno-de-tlalnepantla-de-baz","tag-gobierno-del-estado-de-mexico","tag-luisa-maria-alcalde-lujan","tag-miguel-angel-ramirez-zorro","tag-municipio-de-tlalnepantla-de-baz","tag-raciel-perez-cruz","tag-ultimahora","tag-ultimas-noticias"],"_links":{"self":[{"href":"https:\/\/elmexiquense.vip\/index.php?rest_route=\/wp\/v2\/posts\/40943","targetHints":{"allow":["GET"]}}],"collection":[{"href":"https:\/\/elmexiquense.vip\/index.php?rest_route=\/wp\/v2\/posts"}],"about":[{"href":"https:\/\/elmexiquense.vip\/index.php?rest_route=\/wp\/v2\/types\/post"}],"author":[{"embeddable":true,"href":"https:\/\/elmexiquense.vip\/index.php?rest_route=\/wp\/v2\/users\/1"}],"replies":[{"embeddable":true,"href":"https:\/\/elmexiquense.vip\/index.php?rest_route=%2Fwp%2Fv2%2Fcomments&post=40943"}],"version-history":[{"count":1,"href":"https:\/\/elmexiquense.vip\/index.php?rest_route=\/wp\/v2\/posts\/40943\/revisions"}],"predecessor-version":[{"id":40946,"href":"https:\/\/elmexiquense.vip\/index.php?rest_route=\/wp\/v2\/posts\/40943\/revisions\/40946"}],"wp:featuredmedia":[{"embeddable":true,"href":"https:\/\/elmexiquense.vip\/index.php?rest_route=\/wp\/v2\/media\/40945"}],"wp:attachment":[{"href":"https:\/\/elmexiquense.vip\/index.php?rest_route=%2Fwp%2Fv2%2Fmedia&parent=40943"}],"wp:term":[{"taxonomy":"category","embeddable":true,"href":"https:\/\/elmexiquense.vip\/index.php?rest_route=%2Fwp%2Fv2%2Fcategories&post=40943"},{"taxonomy":"post_tag","embeddable":true,"href":"https:\/\/elmexiquense.vip\/index.php?rest_route=%2Fwp%2Fv2%2Ftags&post=40943"}],"curies":[{"name":"wp","href":"https:\/\/api.w.org\/{rel}","templated":true}]}}