{"id":40947,"date":"2025-11-17T15:56:53","date_gmt":"2025-11-17T21:56:53","guid":{"rendered":"https:\/\/elmexiquense.vip\/?p=40947"},"modified":"2025-11-17T15:57:50","modified_gmt":"2025-11-17T21:57:50","slug":"difem-realiza-trenzaton-2025-y-recolecta-1630-trenzas-para-apoyar-a-pacientes-con-cancer-delfinagomeza-edomex","status":"publish","type":"post","link":"https:\/\/elmexiquense.vip\/?p=40947","title":{"rendered":"DIFEM realiza Trenzat\u00f3n 2025 y recolecta 1,630 trenzas para apoyar a pacientes con c\u00e1ncer \/ @delfinagomeza @Edomex"},"content":{"rendered":"\n<p><strong>#EstadoDeM\u00e9xico<\/strong>,\u00a0<strong>#M\u00e9xico<\/strong>.-\u00a0Con la visi\u00f3n humanista y el respaldo de la <strong>Gobernadora Delfina G\u00f3mez \u00c1lvarez<\/strong>, el <strong>Sistema para el Desarrollo Integral de la Familia del Estado de M\u00e9xico (DIFEM)<\/strong> llev\u00f3 a cabo una exitosa colecta de cabello en el <strong>Trenzat\u00f3n 2025<\/strong>. Se lograron recolectar <strong>mil 630 donaciones de trenzas<\/strong>, un esfuerzo solidario crucial para la elaboraci\u00f3n de <strong>pelucas oncol\u00f3gicas<\/strong> destinadas a pacientes que enfrentan tratamientos contra el c\u00e1ncer. Estas pelucas son un <strong>s\u00edmbolo de amor y esperanza<\/strong> que fortalece la autoestima y el bienestar emocional de quienes las reciben.<\/p>\n\n\n\n<p>La <strong>directora general del DIFEM, Karina Labastida Sotelo<\/strong>, lidera esta iniciativa, la cual se realiza en estrecha coordinaci\u00f3n con las asociaciones <strong>\u201cM\u00e9xico Sonr\u00ede\u201d<\/strong>, <strong>\u201cAmoxkalli\u201d<\/strong> y <strong>\u201cAMANC\u201d<\/strong>. Estas alianzas solidarias son fundamentales para transformar cada trenza donada en un <strong>apoyo tangible<\/strong> para <strong>ni\u00f1as, ni\u00f1os, adolescentes y mujeres<\/strong>. La <strong>Licenciada Labastida Sotelo<\/strong> agradeci\u00f3 profundamente a los <strong>sistemas municipales DIF<\/strong> y a la <strong>sociedad civil<\/strong> por sumarse a esta causa.<\/p>\n\n\n\n<p>La colaboraci\u00f3n con estas asociaciones no solo facilita la entrega de pelucas, sino que tambi\u00e9n permite brindar a los pacientes oncol\u00f3gicos un <strong>apoyo integral<\/strong>, que incluye <strong>atenci\u00f3n psicol\u00f3gica y de tanatolog\u00eda, talleres y pl\u00e1ticas especializadas<\/strong>. Este respaldo es posible gracias a los insumos e ingresos obtenidos de las ventas generadas durante el <strong>Bazar DIFEM<\/strong> y la puesta en escena de la obra <strong>\u201cLa Dama de Negro\u201d<\/strong>.<\/p>\n\n\n\n<p>El <strong>DIFEM<\/strong> inform\u00f3 que la <strong>recolecci\u00f3n de trenzas se realizar\u00e1 de manera permanente<\/strong> y se establecer\u00e1n <strong>m\u00f3dulos itinerantes<\/strong> en distintas sedes, promoviendo acciones que fortalecen la <strong>red de apoyo a los pacientes oncol\u00f3gicos<\/strong>. Con estas iniciativas, el organismo asistencial impulsa la <strong>empat\u00eda y la participaci\u00f3n ciudadana<\/strong>, fomentando un pa\u00eds m\u00e1s solidario.<\/p>\n\n\n\n<p><strong>#ElMexiquenseVIP<\/strong>\u00a0\u2013<a href=\"https:\/\/www.facebook.com\/ElMexiquenseVIP\/\"><strong>El Mexiquense VIP<\/strong><\/a><\/p>\n\n\n\n<figure class=\"wp-block-image aligncenter size-large\"><img loading=\"lazy\" decoding=\"async\" width=\"1024\" height=\"686\" src=\"https:\/\/elmexiquense.vip\/wp-content\/uploads\/2025\/11\/secre-edo-e1763416470363-1024x686.jpg\" alt=\"\" class=\"wp-image-40948\"\/><\/figure>\n","protected":false},"excerpt":{"rendered":"<p>#EstadoDeM\u00e9xico,\u00a0#M\u00e9xico.-\u00a0Con la visi\u00f3n humanista y el respaldo de la Gobernadora Delfina G\u00f3mez \u00c1lvarez, el Sistema para el Desarrollo Integral de<\/p>\n","protected":false},"author":8,"featured_media":40948,"comment_status":"open","ping_status":"open","sticky":false,"template":"","format":"standard","meta":{"colormag_page_container_layout":"default_layout","colormag_page_sidebar_layout":"default_layout","rop_custom_images_group":[],"rop_custom_messages_group":[],"rop_publish_now":"no","rop_publish_now_accounts":{"facebook_102468208940364_894887317217274":""},"rop_publish_now_history":[{"account":"facebook_102468208940364_894887317217274","service":"facebook","timestamp":1763416650,"status":"success"}],"rop_publish_now_status":"done","footnotes":""},"categories":[33,107],"tags":[88,773,787,177,369,870,474,379,376,217,136,770,762],"class_list":["post-40947","post","type-post","status-publish","format-standard","has-post-thumbnail","hentry","category-eventos-especiales","category-secretarias","tag-amlo","tag-andres-manuel-lopez-beltran","tag-claudia-sheinbaum-pardo","tag-delfina-gomez-alvarez","tag-dif-estado-de-mexico","tag-edomex-2","tag-el-mexiquense-vip","tag-en-vivo","tag-enterate","tag-gobierno-de-mexico","tag-gobierno-del-estado-de-mexico","tag-luisa-maria-alcalde-lujan","tag-miguel-angel-zorro"],"_links":{"self":[{"href":"https:\/\/elmexiquense.vip\/index.php?rest_route=\/wp\/v2\/posts\/40947","targetHints":{"allow":["GET"]}}],"collection":[{"href":"https:\/\/elmexiquense.vip\/index.php?rest_route=\/wp\/v2\/posts"}],"about":[{"href":"https:\/\/elmexiquense.vip\/index.php?rest_route=\/wp\/v2\/types\/post"}],"author":[{"embeddable":true,"href":"https:\/\/elmexiquense.vip\/index.php?rest_route=\/wp\/v2\/users\/8"}],"replies":[{"embeddable":true,"href":"https:\/\/elmexiquense.vip\/index.php?rest_route=%2Fwp%2Fv2%2Fcomments&post=40947"}],"version-history":[{"count":1,"href":"https:\/\/elmexiquense.vip\/index.php?rest_route=\/wp\/v2\/posts\/40947\/revisions"}],"predecessor-version":[{"id":40949,"href":"https:\/\/elmexiquense.vip\/index.php?rest_route=\/wp\/v2\/posts\/40947\/revisions\/40949"}],"wp:featuredmedia":[{"embeddable":true,"href":"https:\/\/elmexiquense.vip\/index.php?rest_route=\/wp\/v2\/media\/40948"}],"wp:attachment":[{"href":"https:\/\/elmexiquense.vip\/index.php?rest_route=%2Fwp%2Fv2%2Fmedia&parent=40947"}],"wp:term":[{"taxonomy":"category","embeddable":true,"href":"https:\/\/elmexiquense.vip\/index.php?rest_route=%2Fwp%2Fv2%2Fcategories&post=40947"},{"taxonomy":"post_tag","embeddable":true,"href":"https:\/\/elmexiquense.vip\/index.php?rest_route=%2Fwp%2Fv2%2Ftags&post=40947"}],"curies":[{"name":"wp","href":"https:\/\/api.w.org\/{rel}","templated":true}]}}