{"id":40957,"date":"2025-11-18T19:20:00","date_gmt":"2025-11-19T01:20:00","guid":{"rendered":"https:\/\/elmexiquense.vip\/?p=40957"},"modified":"2025-11-18T19:20:35","modified_gmt":"2025-11-19T01:20:35","slug":"la-victoria-del-danzon-anima-la-feria-de-mujeres-emprendedoras-en-nicolas-romero-gobiernonicolas","status":"publish","type":"post","link":"https:\/\/elmexiquense.vip\/?p=40957","title":{"rendered":"La victoria del danz\u00f3n anima la Feria de Mujeres Emprendedoras en Nicol\u00e1s Romero \/ @GobiernoNicolas"},"content":{"rendered":"\n<p><strong>#EstadoDeM\u00e9xico<\/strong>,\u00a0<strong>#M\u00e9xico<\/strong>.- La Explanada Municipal de Nicol\u00e1s Romero fue el vibrante escenario de la Feria de Mujeres Emprendedoras, un evento que cobr\u00f3 un realce especial con la distinguida presencia de la Presidenta Municipal, Maestra <strong>Yoselin Mendoza<\/strong>. El momento m\u00e1s aplaudido e inspirador de la jornada lleg\u00f3 con la participaci\u00f3n estelar del grupo <strong>\u00abLa Victoria del Danz\u00f3n\u00bb<\/strong>, un ensamble intergeneracional que demostr\u00f3 el poder de la danza como motor de la <strong>alegr\u00eda y el emprendimiento<\/strong>.<\/p>\n\n\n\n<p>Este grupo de talentosos bailarines, todos usuarios activos de la casa de d\u00eda para Personas Adultas Mayores <strong>\u00abLa Victoria\u00bb<\/strong>, ubicada en San Pedro Centro, deslumbr\u00f3 al p\u00fablico. Su presentaci\u00f3n se enmarc\u00f3 dentro del evento \u00abMujer Emprendedora\u00bb, coordinado por la Direcci\u00f3n de las Mujeres. La coreograf\u00eda en danz\u00f3n que ofrecieron deleit\u00f3 a los asistentes, quienes reconocieron la <strong>vitalidad y destreza<\/strong> de sus pasos.<\/p>\n\n\n\n<figure class=\"wp-block-image aligncenter size-medium\"><img loading=\"lazy\" decoding=\"async\" width=\"300\" height=\"225\" src=\"https:\/\/elmexiquense.vip\/wp-content\/uploads\/2025\/11\/dif-2-300x225.jpg\" alt=\"\" class=\"wp-image-40958\" srcset=\"https:\/\/elmexiquense.vip\/wp-content\/uploads\/2025\/11\/dif-2-300x225.jpg 300w, https:\/\/elmexiquense.vip\/wp-content\/uploads\/2025\/11\/dif-2.jpg 590w\" sizes=\"auto, (max-width: 300px) 100vw, 300px\" \/><\/figure>\n\n\n\n<p>El danz\u00f3n no solo funcion\u00f3 como un atractivo cultural, sino tambi\u00e9n como un s\u00edmbolo de la <strong>inclusi\u00f3n y el bienestar<\/strong> que se promueve en el municipio. La presencia del grupo <strong>\u00abLa Victoria del Danz\u00f3n\u00bb<\/strong> reafirm\u00f3 el compromiso de la administraci\u00f3n con los adultos mayores y las iniciativas que fomentan un envejecimiento activo. Su \u00e9xito es la <strong>\u00abVictoria\u00bb<\/strong> de un esp\u00edritu comunitario inquebrantable.<\/p>\n\n\n\n<p>El DIF de Nicol\u00e1s Romero aprovech\u00f3 la ocasi\u00f3n para reiterar una valiosa invitaci\u00f3n a la comunidad: <strong>\u00abRecuerda que puedes ayudar a tus pap\u00e1s y abuelitos a llegar y con gusto los recibiremos\u00bb<\/strong>. Este mensaje subraya la importancia de la <strong>participaci\u00f3n familiar<\/strong> para integrar a los adultos mayores en estos espacios de <strong>cultura y desarrollo social<\/strong>.<\/p>\n\n\n\n<p><strong>#ElMexiquenseVIP<\/strong>\u00a0\u2013<a href=\"https:\/\/www.facebook.com\/ElMexiquenseVIP\/\"><strong>El Mexiquense VIP<\/strong><\/a><\/p>\n\n\n\n<figure class=\"wp-block-image aligncenter size-full\"><img loading=\"lazy\" decoding=\"async\" width=\"650\" height=\"400\" src=\"https:\/\/elmexiquense.vip\/wp-content\/uploads\/2025\/11\/dif-1.jpg\" alt=\"\" class=\"wp-image-40959\" srcset=\"https:\/\/elmexiquense.vip\/wp-content\/uploads\/2025\/11\/dif-1.jpg 650w, https:\/\/elmexiquense.vip\/wp-content\/uploads\/2025\/11\/dif-1-300x185.jpg 300w\" sizes=\"auto, (max-width: 650px) 100vw, 650px\" \/><\/figure>\n","protected":false},"excerpt":{"rendered":"<p>#EstadoDeM\u00e9xico,\u00a0#M\u00e9xico.- La Explanada Municipal de Nicol\u00e1s Romero fue el vibrante escenario de la Feria de Mujeres Emprendedoras, un evento que<\/p>\n","protected":false},"author":1,"featured_media":40959,"comment_status":"open","ping_status":"open","sticky":false,"template":"","format":"standard","meta":{"colormag_page_container_layout":"default_layout","colormag_page_sidebar_layout":"default_layout","rop_custom_images_group":[],"rop_custom_messages_group":[],"rop_publish_now":"no","rop_publish_now_accounts":{"facebook_102468208940364_894887317217274":""},"rop_publish_now_history":[{"account":"facebook_102468208940364_894887317217274","service":"facebook","timestamp":1763515223,"status":"success"}],"rop_publish_now_status":"done","footnotes":""},"categories":[683,31],"tags":[88,787,177,531,474,379,376,217,136,839,865,770,846,378,377,838],"class_list":["post-40957","post","type-post","status-publish","format-standard","has-post-thumbnail","hentry","category-dif","category-principales","tag-amlo","tag-claudia-sheinbaum-pardo","tag-delfina-gomez-alvarez","tag-dif-nicolas-romero","tag-el-mexiquense-vip","tag-en-vivo","tag-enterate","tag-gobierno-de-mexico","tag-gobierno-del-estado-de-mexico","tag-gobierno-municipal-de-nicolas-romero","tag-katia-michel-ramirez-r","tag-luisa-maria-alcalde-lujan","tag-noticias-nicolas-romero","tag-ultimahora","tag-ultimas-noticias","tag-yoselin-mendoza-ramirez"],"_links":{"self":[{"href":"https:\/\/elmexiquense.vip\/index.php?rest_route=\/wp\/v2\/posts\/40957","targetHints":{"allow":["GET"]}}],"collection":[{"href":"https:\/\/elmexiquense.vip\/index.php?rest_route=\/wp\/v2\/posts"}],"about":[{"href":"https:\/\/elmexiquense.vip\/index.php?rest_route=\/wp\/v2\/types\/post"}],"author":[{"embeddable":true,"href":"https:\/\/elmexiquense.vip\/index.php?rest_route=\/wp\/v2\/users\/1"}],"replies":[{"embeddable":true,"href":"https:\/\/elmexiquense.vip\/index.php?rest_route=%2Fwp%2Fv2%2Fcomments&post=40957"}],"version-history":[{"count":2,"href":"https:\/\/elmexiquense.vip\/index.php?rest_route=\/wp\/v2\/posts\/40957\/revisions"}],"predecessor-version":[{"id":40961,"href":"https:\/\/elmexiquense.vip\/index.php?rest_route=\/wp\/v2\/posts\/40957\/revisions\/40961"}],"wp:featuredmedia":[{"embeddable":true,"href":"https:\/\/elmexiquense.vip\/index.php?rest_route=\/wp\/v2\/media\/40959"}],"wp:attachment":[{"href":"https:\/\/elmexiquense.vip\/index.php?rest_route=%2Fwp%2Fv2%2Fmedia&parent=40957"}],"wp:term":[{"taxonomy":"category","embeddable":true,"href":"https:\/\/elmexiquense.vip\/index.php?rest_route=%2Fwp%2Fv2%2Fcategories&post=40957"},{"taxonomy":"post_tag","embeddable":true,"href":"https:\/\/elmexiquense.vip\/index.php?rest_route=%2Fwp%2Fv2%2Ftags&post=40957"}],"curies":[{"name":"wp","href":"https:\/\/api.w.org\/{rel}","templated":true}]}}