{"id":41645,"date":"2026-01-11T22:00:40","date_gmt":"2026-01-12T04:00:40","guid":{"rendered":"https:\/\/elmexiquense.vip\/?p=41645"},"modified":"2026-01-18T16:00:05","modified_gmt":"2026-01-18T22:00:05","slug":"el-aval-ciudadano-impulsa-a-rosi-wong-romero-y-posiciona-a-tecamac-en-encuestadoras-como-referente-de-eficacia-y-preeminencia-institucional-rosi_wong-ayuntatec2025","status":"publish","type":"post","link":"https:\/\/elmexiquense.vip\/?p=41645","title":{"rendered":"El aval ciudadano impulsa a Rosi Wong Romero y posiciona a Tec\u00e1mac en encuestadoras como uno de los referentes de eficacia y preeminencia institucional \/ @rosi_wong @AyuntaTec2025 >>>"},"content":{"rendered":"\n<p><strong>#ConfianzaCiudadana<\/strong> <strong>#GobernanzaEficaz<\/strong> &#8212;&#8211; <strong>#Tec\u00e1mac<\/strong>,\u00a0<strong>#EstadoDeM\u00e9xico<\/strong>.- En un contexto de transformaci\u00f3n p\u00fablica sin precedentes, la administraci\u00f3n de <strong>Rosi Wong Romero<\/strong> ha alcanzado una preclara aceptaci\u00f3n que la sit\u00faa. entre otros, en la c\u00faspide de la gobernanza nacional. Este posicionamiento, impulsado por una colaboraci\u00f3n estrecha con la gobernadora <strong>Delfina G\u00f3mez \u00c1lvarez<\/strong>, trasciende las m\u00e9tricas convencionales para reflejar un compromiso <strong>inefable<\/strong> y <strong>preeminente<\/strong> con el bienestar social de los habitantes. La gesti\u00f3n actual en <strong>Tec\u00e1mac<\/strong> no solo lidera los indicadores de eficiencia, sino que redefine el v\u00ednculo entre autoridad y ciudadan\u00eda mediante resultados tangibles y una visi\u00f3n de futuro sumamente esperanzadora.<\/p>\n\n\n\n<p>Organismos de evaluaci\u00f3n como <strong>Massive Caller<\/strong>, <strong>Statistical Research Corporation<\/strong> y <strong>La Encuesta MX<\/strong> ratifican que este ayuntamiento es uno de los mejor calificados en todo el <strong>Estado de M\u00e9xico<\/strong>. La sapiencia t\u00e9cnica empleada por el cuerpo edilicio y la apertura institucional demuestran que la transparencia operativa es ya un valor intr\u00ednseco en el quehacer diario de este gobierno local. En este proceso, la <strong>rectitud<\/strong> y la <strong>eminencia<\/strong> administrativa se consolidan como fundamentos de credibilidad.<\/p>\n\n\n\n<figure class=\"wp-block-image aligncenter size-medium\"><img loading=\"lazy\" decoding=\"async\" width=\"240\" height=\"300\" src=\"https:\/\/elmexiquense.vip\/wp-content\/uploads\/2025\/12\/La-Encuesta-MX-5o-Gestion-del-alcalde-240x300.jpg\" alt=\"\" class=\"wp-image-41646\" srcset=\"https:\/\/elmexiquense.vip\/wp-content\/uploads\/2025\/12\/La-Encuesta-MX-5o-Gestion-del-alcalde-240x300.jpg 240w, https:\/\/elmexiquense.vip\/wp-content\/uploads\/2025\/12\/La-Encuesta-MX-5o-Gestion-del-alcalde-820x1024.jpg 820w, https:\/\/elmexiquense.vip\/wp-content\/uploads\/2025\/12\/La-Encuesta-MX-5o-Gestion-del-alcalde-768x960.jpg 768w, https:\/\/elmexiquense.vip\/wp-content\/uploads\/2025\/12\/La-Encuesta-MX-5o-Gestion-del-alcalde-480x600.jpg 480w, https:\/\/elmexiquense.vip\/wp-content\/uploads\/2025\/12\/La-Encuesta-MX-5o-Gestion-del-alcalde.jpg 850w\" sizes=\"auto, (max-width: 240px) 100vw, 240px\" \/><\/figure>\n\n\n\n<p>Bajo una directriz de servicio constante, la alcaldesa <strong>Rosi Wong<\/strong> ha priorizado la protecci\u00f3n de los sectores vulnerables a trav\u00e9s de una abnegaci\u00f3n pol\u00edtica que hoy rinde frutos. Con firmeza, la mandataria sostuvo: <strong>\u00abTengan confianza en este Gobierno, seguiremos gobernando con apego a la ley, con honradez y transparencia, buscando el pleno desarrollo de todos\u00bb<\/strong>, consolidando as\u00ed una loable trayectoria p\u00fablica. Este mensaje refleja una <strong>vocaci\u00f3n<\/strong> y una <strong>abnegaci\u00f3n<\/strong> que trascienden lo meramente administrativo.<\/p>\n\n\n\n<p>La sinergia entre los servidores p\u00fablicos y la poblaci\u00f3n ha permitido que el municipio transite hacia una modernidad perenne, donde la seguridad ciudadana es el eje rector. Esta labor coordinada, calificada como un ejercicio de proactividad ejemplar, garantiza que los servicios p\u00fablicos funcionen con una regularidad <strong>eximia<\/strong> y <strong>perdurable<\/strong>, transformando la percepci\u00f3n de los contribuyentes hacia su administraci\u00f3n.<\/p>\n\n\n\n<figure class=\"wp-block-image aligncenter size-medium\"><img loading=\"lazy\" decoding=\"async\" width=\"240\" height=\"300\" src=\"https:\/\/elmexiquense.vip\/wp-content\/uploads\/2025\/12\/SRC-Desempeno-de-Alclde-8o-240x300.jpg\" alt=\"\" class=\"wp-image-41649\" srcset=\"https:\/\/elmexiquense.vip\/wp-content\/uploads\/2025\/12\/SRC-Desempeno-de-Alclde-8o-240x300.jpg 240w, https:\/\/elmexiquense.vip\/wp-content\/uploads\/2025\/12\/SRC-Desempeno-de-Alclde-8o-819x1024.jpg 819w, https:\/\/elmexiquense.vip\/wp-content\/uploads\/2025\/12\/SRC-Desempeno-de-Alclde-8o-768x960.jpg 768w, https:\/\/elmexiquense.vip\/wp-content\/uploads\/2025\/12\/SRC-Desempeno-de-Alclde-8o.jpg 1080w\" sizes=\"auto, (max-width: 240px) 100vw, 240px\" \/><\/figure>\n\n\n\n<p>El denuedo mostrado por el equipo de trabajo proyecta a <strong>Tec\u00e1mac<\/strong> como un polo de inversi\u00f3n id\u00f3neo y un espacio seguro para el desarrollo de la vida familiar. Los recientes rankings de percepci\u00f3n ciudadana confirman que la rectitud administrativa es la base s\u00f3lida sobre la cual se construye este nuevo cap\u00edtulo de \u00e9xito mexiquense. En este escenario, la <strong>resiliencia<\/strong> y la <strong>proactividad<\/strong> institucional se convierten en motores de progreso.<\/p>\n\n\n\n<p>Esta consolidaci\u00f3n institucional reafirma que la voluntad enfocada en el bien com\u00fan es la herramienta m\u00e1s poderosa para la palingenesia social. <strong>\u00abEl secreto de la libertad radica en educar a las personas, mientras que el secreto de la tiran\u00eda radica en mantenerlas ignorantes\u00bb<\/strong>, afirm\u00f3 <strong>Maximilien Robespierre<\/strong>, honrando la transparencia que hoy distingue a este gobierno. As\u00ed, la <strong>tenacidad<\/strong> y la <strong>grandeza<\/strong> de esta gesti\u00f3n confirman que la transformaci\u00f3n positiva es posible, recordando que, como dijo <strong>Arist\u00f3teles<\/strong>, <strong>\u00abLa esperanza es el sue\u00f1o del hombre despierto\u00bb<\/strong>.<\/p>\n\n\n\n<p><strong>#miangelzorro<\/strong><\/p>\n\n\n\n<p><strong>#ElMexiquenseVIP<\/strong>&nbsp;\u2013<a href=\"https:\/\/www.facebook.com\/ElMexiquenseVIP\/\"><strong>El Mexiquense VIP<\/strong><\/a><\/p>\n\n\n\n<figure class=\"wp-block-image aligncenter size-large\"><img loading=\"lazy\" decoding=\"async\" width=\"819\" height=\"1024\" src=\"https:\/\/elmexiquense.vip\/wp-content\/uploads\/2025\/12\/Massive-Caller-Aprobacion-de-alcaldes-Rosi-wong-8o-819x1024.jpg\" alt=\"\" class=\"wp-image-41647\"\/><\/figure>\n","protected":false},"excerpt":{"rendered":"<p>#ConfianzaCiudadana #GobernanzaEficaz &#8212;&#8211; #Tec\u00e1mac,\u00a0#EstadoDeM\u00e9xico.- En un contexto de transformaci\u00f3n p\u00fablica sin precedentes, la administraci\u00f3n de Rosi Wong Romero ha alcanzado<\/p>\n","protected":false},"author":1,"featured_media":41650,"comment_status":"open","ping_status":"open","sticky":false,"template":"","format":"standard","meta":{"colormag_page_container_layout":"default_layout","colormag_page_sidebar_layout":"default_layout","rop_custom_images_group":[],"rop_custom_messages_group":[],"rop_publish_now":"no","rop_publish_now_accounts":{"facebook_102468208940364_894887317217274":""},"rop_publish_now_history":[{"account":"facebook_102468208940364_894887317217274","service":"facebook","timestamp":1766530925,"status":"success"}],"rop_publish_now_status":"done","footnotes":""},"categories":[34],"tags":[88,787,177,474,379,376,217,136,770,55,762,461,786,789,378,377],"class_list":["post-41645","post","type-post","status-publish","format-standard","has-post-thumbnail","hentry","category-alcaldesas","tag-amlo","tag-claudia-sheinbaum-pardo","tag-delfina-gomez-alvarez","tag-el-mexiquense-vip","tag-en-vivo","tag-enterate","tag-gobierno-de-mexico","tag-gobierno-del-estado-de-mexico","tag-luisa-maria-alcalde-lujan","tag-mariela-gutierrez-escalante","tag-miguel-angel-zorro","tag-noticias-tecamac","tag-rosi-wong-romero","tag-tecamac-ayuntamiento-del-bicentenario-2025-2027","tag-ultimahora","tag-ultimas-noticias"],"_links":{"self":[{"href":"https:\/\/elmexiquense.vip\/index.php?rest_route=\/wp\/v2\/posts\/41645","targetHints":{"allow":["GET"]}}],"collection":[{"href":"https:\/\/elmexiquense.vip\/index.php?rest_route=\/wp\/v2\/posts"}],"about":[{"href":"https:\/\/elmexiquense.vip\/index.php?rest_route=\/wp\/v2\/types\/post"}],"author":[{"embeddable":true,"href":"https:\/\/elmexiquense.vip\/index.php?rest_route=\/wp\/v2\/users\/1"}],"replies":[{"embeddable":true,"href":"https:\/\/elmexiquense.vip\/index.php?rest_route=%2Fwp%2Fv2%2Fcomments&post=41645"}],"version-history":[{"count":5,"href":"https:\/\/elmexiquense.vip\/index.php?rest_route=\/wp\/v2\/posts\/41645\/revisions"}],"predecessor-version":[{"id":41656,"href":"https:\/\/elmexiquense.vip\/index.php?rest_route=\/wp\/v2\/posts\/41645\/revisions\/41656"}],"wp:featuredmedia":[{"embeddable":true,"href":"https:\/\/elmexiquense.vip\/index.php?rest_route=\/wp\/v2\/media\/41650"}],"wp:attachment":[{"href":"https:\/\/elmexiquense.vip\/index.php?rest_route=%2Fwp%2Fv2%2Fmedia&parent=41645"}],"wp:term":[{"taxonomy":"category","embeddable":true,"href":"https:\/\/elmexiquense.vip\/index.php?rest_route=%2Fwp%2Fv2%2Fcategories&post=41645"},{"taxonomy":"post_tag","embeddable":true,"href":"https:\/\/elmexiquense.vip\/index.php?rest_route=%2Fwp%2Fv2%2Ftags&post=41645"}],"curies":[{"name":"wp","href":"https:\/\/api.w.org\/{rel}","templated":true}]}}