{"id":41685,"date":"2025-12-29T15:39:49","date_gmt":"2025-12-29T21:39:49","guid":{"rendered":"https:\/\/elmexiquense.vip\/?p=41685"},"modified":"2026-01-15T13:09:27","modified_gmt":"2026-01-15T19:09:27","slug":"obras-que-rompen-el-rezago-naucalpan-acelera-su-movilidad-urbana-con-una-intervencion-trascendental-isaacsolar-gobnau","status":"publish","type":"post","link":"https:\/\/elmexiquense.vip\/?p=41685","title":{"rendered":"Obras que rompen el rezago: Naucalpan acelera su movilidad urbana con una intervenci\u00f3n trascendental \/ @isaacsolar @GobNau >>>"},"content":{"rendered":"\n<p><strong>#ObraP\u00fablicaConSentido<\/strong> <strong>#MovilidadUrbana<\/strong> &#8212;&#8211; <strong><strong>#Naucalpan<\/strong>,\u00a0<strong>#EstadoDeM\u00e9xico<\/strong>.-<\/strong>\u00a0Con una determinaci\u00f3n <strong>loable<\/strong> y una visi\u00f3n <strong>prospectiva<\/strong>, el gobierno de Naucalpan, encabezado por el alcalde <strong>Isaac Montoya M\u00e1rquez<\/strong>, culmina el ejercicio 2025 con una <strong>entrega masiva de obra p\u00fablica<\/strong> que redefine la movilidad municipal. La <strong>reapertura de tramos estrat\u00e9gicos<\/strong> en el Perif\u00e9rico Norte y la <strong>intervenci\u00f3n integral<\/strong> del boulevard Luis Donaldo Colosio representan un avance sustantivo en la infraestructura urbana. A ello se suma la pavimentaci\u00f3n con concreto hidr\u00e1ulico en el pol\u00edgono de El Chamizal, que beneficia directamente a las calles Benito Ju\u00e1rez, Gustavo D\u00edaz Ordaz y Diagonal Centenario. La administraci\u00f3n actual logra as\u00ed desarticular d\u00e9cadas de rezago, consolidando una red vial moderna que garantiza seguridad y eficiencia para miles de familias naucalpenses.<\/p>\n\n\n\n<p>En la colonia El Chamizal, la transformaci\u00f3n f\u00edsica del entorno ha sido recibida con una gratitud <strong>manifiesta<\/strong> y un reconocimiento <strong>colectivo<\/strong> por parte de los residentes. Durante la entrega de la rehabilitaci\u00f3n, los vecinos recordaron que, tras cincuenta a\u00f1os de existencia, la comunidad nunca hab\u00eda experimentado una mejora de tal magnitud <strong>estructural<\/strong> y <strong>trascendente<\/strong>. La obra no solo embellece el paisaje urbano, sino que fortalece la conectividad de m\u00e1s de setenta y seis mil habitantes con colonias como M\u00e1rtires de R\u00edo Blanco, La Tolva y Centenario, reduciendo de manera significativa los tiempos de traslado cotidiano.<\/p>\n\n\n\n<p>El proyecto abarc\u00f3 una extensi\u00f3n de seiscientos cincuenta metros lineales, donde se ejecut\u00f3 una labor <strong>tit\u00e1nica<\/strong> y <strong>meticulosa<\/strong> para renovar la infraestructura hidr\u00e1ulica y de drenaje que anteriormente resultaba nociva. Se coloc\u00f3 concreto de alta resistencia MR-42 y se moderniz\u00f3 el alumbrado p\u00fablico con tecnolog\u00eda led de \u00faltima generaci\u00f3n en puntos <strong>neur\u00e1lgicos<\/strong> y <strong>estrat\u00e9gicos<\/strong> como el Asta Bandera. Esta intervenci\u00f3n profunda asegura que las redes de servicio b\u00e1sico dejen de ser un pasivo hist\u00f3rico para convertirse en activos funcionales que preserven la salud p\u00fablica.<\/p>\n\n\n\n<figure class=\"wp-block-image aligncenter size-medium\"><img loading=\"lazy\" decoding=\"async\" width=\"291\" height=\"300\" src=\"https:\/\/elmexiquense.vip\/wp-content\/uploads\/2025\/12\/isa-2-2-e1767044094330-291x300.jpg\" alt=\"\" class=\"wp-image-41686\"\/><\/figure>\n\n\n\n<p>De manera complementaria, el despliegue de obras incluy\u00f3 la construcci\u00f3n de banquetas, rampas de acceso universal y bolardos que promueven cruces peatonales seguros, bajo un enfoque <strong>inclusivo<\/strong> y <strong>humanista<\/strong>. El alcalde <strong>Isaac Montoya M\u00e1rquez<\/strong> subray\u00f3 que estas acciones reflejan una gesti\u00f3n que combate el desd\u00e9n hist\u00f3rico y el <strong>ostracismo<\/strong> social al que fueron relegadas diversas comunidades perif\u00e9ricas. Al intervenir andadores y espacios comunes, el gobierno local apuesta por un urbanismo <strong>t\u00e1ctico<\/strong> que prioriza la dignidad humana por encima del simple asfalto.<\/p>\n\n\n\n<p>El mandatario puntualiz\u00f3 que su administraci\u00f3n trabaja con visi\u00f3n de <strong>posteridad<\/strong> y <strong>responsabilidad<\/strong>, aplicando los recursos p\u00fablicos con una transparencia que resulta palmaria en cada calle renovada. Al dejar estas <strong>\u201cHuellas de la Transformaci\u00f3n\u201d<\/strong>, se garantiza que la infraestructura perdure por d\u00e9cadas y supere la mirada limitada de un solo trienio. El compromiso institucional es mantener un ritmo de trabajo constante que no solo atienda las urgencias actuales, sino que cimiente las bases de un municipio resiliente, organizado y profundamente justo.<\/p>\n\n\n\n<p>Esta renovaci\u00f3n integral confirma que la voluntad pol\u00edtica es el motor <strong>ineludible<\/strong> y <strong>virtuoso<\/strong> de una sociedad que aspira a la plenitud colectiva. El balance es positivo: cuando el espacio p\u00fablico se dignifica, tambi\u00e9n se fortalece el tejido social. Como afirmaba <strong>Confucio<\/strong>, <strong>\u201cDonde hay justicia, no hay pobreza\u201d<\/strong>, una m\u00e1xima que hoy encuentra eco en las calles renovadas de Naucalpan y en la esperanza renovada de sus habitantes.<\/p>\n\n\n\n<p><strong>#miangelzorro<\/strong><\/p>\n\n\n\n<p><strong>#ElMexiquenseVIP<\/strong>&nbsp;\u2013<a href=\"https:\/\/www.facebook.com\/ElMexiquenseVIP\/\"><strong>El Mexiquense VIP<\/strong><\/a><\/p>\n\n\n\n<figure class=\"wp-block-image aligncenter size-large\"><img loading=\"lazy\" decoding=\"async\" width=\"1024\" height=\"680\" src=\"https:\/\/elmexiquense.vip\/wp-content\/uploads\/2025\/12\/isa-1-3-e1767044198209-1024x680.jpg\" alt=\"\" class=\"wp-image-41687\"\/><\/figure>\n","protected":false},"excerpt":{"rendered":"<p>#ObraP\u00fablicaConSentido #MovilidadUrbana &#8212;&#8211; #Naucalpan,\u00a0#EstadoDeM\u00e9xico.-\u00a0Con una determinaci\u00f3n loable y una visi\u00f3n prospectiva, el gobierno de Naucalpan, encabezado por el alcalde Isaac<\/p>\n","protected":false},"author":1,"featured_media":41687,"comment_status":"open","ping_status":"open","sticky":false,"template":"","format":"standard","meta":{"colormag_page_container_layout":"default_layout","colormag_page_sidebar_layout":"default_layout","rop_custom_images_group":[],"rop_custom_messages_group":[],"rop_publish_now":"no","rop_publish_now_accounts":{"facebook_102468208940364_894887317217274":""},"rop_publish_now_history":[{"account":"facebook_102468208940364_894887317217274","service":"facebook","timestamp":1767044410,"status":"success"}],"rop_publish_now_status":"done","footnotes":""},"categories":[29],"tags":[88,787,177,474,379,376,217,136,770,79,356,424,123,430,375,378,377],"class_list":["post-41685","post","type-post","status-publish","format-standard","has-post-thumbnail","hentry","category-destacados","tag-amlo","tag-claudia-sheinbaum-pardo","tag-delfina-gomez-alvarez","tag-el-mexiquense-vip","tag-en-vivo","tag-enterate","tag-gobierno-de-mexico","tag-gobierno-del-estado-de-mexico","tag-luisa-maria-alcalde-lujan","tag-secretara-de-salud","tag-secretaria-de-bienestar","tag-secretaria-de-comunicaciones-y-transportes","tag-secretaria-de-cultura","tag-secretaria-de-educacion","tag-secretaria-de-la-mujer","tag-ultimahora","tag-ultimas-noticias"],"_links":{"self":[{"href":"https:\/\/elmexiquense.vip\/index.php?rest_route=\/wp\/v2\/posts\/41685","targetHints":{"allow":["GET"]}}],"collection":[{"href":"https:\/\/elmexiquense.vip\/index.php?rest_route=\/wp\/v2\/posts"}],"about":[{"href":"https:\/\/elmexiquense.vip\/index.php?rest_route=\/wp\/v2\/types\/post"}],"author":[{"embeddable":true,"href":"https:\/\/elmexiquense.vip\/index.php?rest_route=\/wp\/v2\/users\/1"}],"replies":[{"embeddable":true,"href":"https:\/\/elmexiquense.vip\/index.php?rest_route=%2Fwp%2Fv2%2Fcomments&post=41685"}],"version-history":[{"count":1,"href":"https:\/\/elmexiquense.vip\/index.php?rest_route=\/wp\/v2\/posts\/41685\/revisions"}],"predecessor-version":[{"id":41688,"href":"https:\/\/elmexiquense.vip\/index.php?rest_route=\/wp\/v2\/posts\/41685\/revisions\/41688"}],"wp:featuredmedia":[{"embeddable":true,"href":"https:\/\/elmexiquense.vip\/index.php?rest_route=\/wp\/v2\/media\/41687"}],"wp:attachment":[{"href":"https:\/\/elmexiquense.vip\/index.php?rest_route=%2Fwp%2Fv2%2Fmedia&parent=41685"}],"wp:term":[{"taxonomy":"category","embeddable":true,"href":"https:\/\/elmexiquense.vip\/index.php?rest_route=%2Fwp%2Fv2%2Fcategories&post=41685"},{"taxonomy":"post_tag","embeddable":true,"href":"https:\/\/elmexiquense.vip\/index.php?rest_route=%2Fwp%2Fv2%2Ftags&post=41685"}],"curies":[{"name":"wp","href":"https:\/\/api.w.org\/{rel}","templated":true}]}}