{"id":41799,"date":"2026-01-19T20:20:11","date_gmt":"2026-01-20T02:20:11","guid":{"rendered":"https:\/\/elmexiquense.vip\/?p=41799"},"modified":"2026-01-23T19:03:41","modified_gmt":"2026-01-24T01:03:41","slug":"gobernar-es-proteger-la-sonrisa-de-nuestra-ninez-juanita-carrillo-encabeza-entrega-masiva-de-regalos-y-bicicletas-juanita_carri-ayytocuautitlan","status":"publish","type":"post","link":"https:\/\/elmexiquense.vip\/?p=41799","title":{"rendered":"\u00abGobernar es proteger la sonrisa de nuestra ni\u00f1ez\u00bb: Juanita Carrillo encabeza entrega masiva de regalos y bicicletas \/ @Juanita_Carri @AyytoCuautitlan"},"content":{"rendered":"\n<p><strong>#D\u00edaDeReyes2026<\/strong> <strong>#BienestarParaTodos <\/strong>&#8212;&#8211; <strong>#Cuautitl\u00e1n, #EstadoDeM\u00e9xico<\/strong>.- En un despliegue de <strong>filantrop\u00eda<\/strong> y calidez social, la alcaldesa <strong>Juanita Carrillo<\/strong> transform\u00f3 el Estadio Los Pinos en el escenario de una celebraci\u00f3n monumental para honrar a la infancia cuautitlense. M\u00e1s de <strong>2 mil ni\u00f1as y ni\u00f1os<\/strong> se dieron cita en este recinto para disfrutar de una jornada que fusion\u00f3 la tradici\u00f3n con el sano esparcimiento, consolidando una <strong>amalgama<\/strong> de sonrisas y unidad comunitaria. Bajo la coordinaci\u00f3n del <strong>Sistema Municipal DIF<\/strong>, este magno evento no solo entreg\u00f3 alegr\u00eda, sino que reafirm\u00f3 la importancia de proteger la inocencia como un pilar fundamental para el desarrollo arm\u00f3nico de nuestra sociedad mexiquense.<\/p>\n\n\n\n<p>La energ\u00eda alcanz\u00f3 su punto m\u00e1ximo con la presentaci\u00f3n de <strong>Las Guerreras del K-Pop<\/strong>, quienes, junto al carisma de <strong>Gomita y Lapiz\u00edn<\/strong>, cautivaron a los asistentes en un ambiente de absoluta <strong>concordia<\/strong> familiar. Este festival fue el marco ideal para una <strong>ingente<\/strong> distribuci\u00f3n de presentes, destacando la rifa de <strong>600 bicicletas<\/strong> y la entrega personalizada de dulceros que iluminaron el rostro de cada peque\u00f1o asistente. La administraci\u00f3n municipal demostr\u00f3 una log\u00edstica impecable, garantizando que el acceso a la recreaci\u00f3n y el arte sea un derecho palpable y no un privilegio, fortaleciendo as\u00ed el sentido de pertenencia local.<\/p>\n\n\n\n<figure class=\"wp-block-image aligncenter size-medium\"><img loading=\"lazy\" decoding=\"async\" width=\"300\" height=\"279\" src=\"https:\/\/elmexiquense.vip\/wp-content\/uploads\/2026\/01\/cuau-2-e1768186557371-300x279.jpg\" alt=\"\" class=\"wp-image-41800\"\/><\/figure>\n\n\n\n<p>Durante su intervenci\u00f3n, la presidenta <strong>Juanita Carrillo<\/strong> subray\u00f3 que <strong>\u201cgobernar tambi\u00e9n es proteger la sonrisa de nuestra ni\u00f1ez\u201d<\/strong>, situando a las infancias como el eje gravitacional de su plan de gobierno. Con una visi\u00f3n <strong>proclive<\/strong> al humanismo, la mandataria enfatiz\u00f3 que <strong>\u201cCuautitl\u00e1n avanza cuando ponemos a las familias al centro de las decisiones\u201d<\/strong>, validando cada pol\u00edtica p\u00fablica con resultados tangibles. Esta postura institucional busca erradicar la indiferencia y sustituirla por una <strong>solicitud<\/strong> constante hacia las necesidades de los hogares, asegurando que los valores y la esperanza sean el motor del progreso municipal.<\/p>\n\n\n\n<p>Finalmente, el <strong>Gobierno de Cuautitl\u00e1n<\/strong> refrenda su voluntad de seguir impulsando programas incluyentes que edifiquen un futuro de bienestar y unidad para todos los sectores sociales. Estas acciones logran una <strong>simbiosis<\/strong> perfecta entre la autoridad y la ciudadan\u00eda, proyectando un municipio que camina con paso firme hacia la prosperidad y la <strong>paz<\/strong> duradera.<\/p>\n\n\n\n<p><strong>#ElMexiquenseVIP<\/strong>\u00a0\u2013<a href=\"https:\/\/www.facebook.com\/ElMexiquenseVIP\/\"><strong>El Mexiquense VIP<\/strong><\/a><\/p>\n\n\n\n<figure class=\"wp-block-image aligncenter size-large\"><img loading=\"lazy\" decoding=\"async\" width=\"1024\" height=\"574\" src=\"https:\/\/elmexiquense.vip\/wp-content\/uploads\/2026\/01\/cuau-1-1024x574.jpg\" alt=\"\" class=\"wp-image-41801\"\/><\/figure>\n","protected":false},"excerpt":{"rendered":"<p>#D\u00edaDeReyes2026 #BienestarParaTodos &#8212;&#8211; #Cuautitl\u00e1n, #EstadoDeM\u00e9xico.- En un despliegue de filantrop\u00eda y calidez social, la alcaldesa Juanita Carrillo transform\u00f3 el Estadio<\/p>\n","protected":false},"author":1,"featured_media":41801,"comment_status":"open","ping_status":"open","sticky":false,"template":"","format":"standard","meta":{"colormag_page_container_layout":"default_layout","colormag_page_sidebar_layout":"default_layout","rop_custom_images_group":[],"rop_custom_messages_group":[],"rop_publish_now":"no","rop_publish_now_accounts":{"facebook_102468208940364_894887317217274":""},"rop_publish_now_history":[{"account":"facebook_102468208940364_894887317217274","service":"facebook","timestamp":1768186891,"status":"success"}],"rop_publish_now_status":"done","footnotes":""},"categories":[34],"tags":[88,773,787,468,177,474,379,376,217,136,754,865,770,469,378,377],"class_list":["post-41799","post","type-post","status-publish","format-standard","has-post-thumbnail","hentry","category-alcaldesas","tag-amlo","tag-andres-manuel-lopez-beltran","tag-claudia-sheinbaum-pardo","tag-cuautitlan-mexico","tag-delfina-gomez-alvarez","tag-el-mexiquense-vip","tag-en-vivo","tag-enterate","tag-gobierno-de-mexico","tag-gobierno-del-estado-de-mexico","tag-juanita-carrillo-luna","tag-katia-michel-ramirez-r","tag-luisa-maria-alcalde-lujan","tag-noticias-cuautitlan","tag-ultimahora","tag-ultimas-noticias"],"_links":{"self":[{"href":"https:\/\/elmexiquense.vip\/index.php?rest_route=\/wp\/v2\/posts\/41799","targetHints":{"allow":["GET"]}}],"collection":[{"href":"https:\/\/elmexiquense.vip\/index.php?rest_route=\/wp\/v2\/posts"}],"about":[{"href":"https:\/\/elmexiquense.vip\/index.php?rest_route=\/wp\/v2\/types\/post"}],"author":[{"embeddable":true,"href":"https:\/\/elmexiquense.vip\/index.php?rest_route=\/wp\/v2\/users\/1"}],"replies":[{"embeddable":true,"href":"https:\/\/elmexiquense.vip\/index.php?rest_route=%2Fwp%2Fv2%2Fcomments&post=41799"}],"version-history":[{"count":1,"href":"https:\/\/elmexiquense.vip\/index.php?rest_route=\/wp\/v2\/posts\/41799\/revisions"}],"predecessor-version":[{"id":41802,"href":"https:\/\/elmexiquense.vip\/index.php?rest_route=\/wp\/v2\/posts\/41799\/revisions\/41802"}],"wp:featuredmedia":[{"embeddable":true,"href":"https:\/\/elmexiquense.vip\/index.php?rest_route=\/wp\/v2\/media\/41801"}],"wp:attachment":[{"href":"https:\/\/elmexiquense.vip\/index.php?rest_route=%2Fwp%2Fv2%2Fmedia&parent=41799"}],"wp:term":[{"taxonomy":"category","embeddable":true,"href":"https:\/\/elmexiquense.vip\/index.php?rest_route=%2Fwp%2Fv2%2Fcategories&post=41799"},{"taxonomy":"post_tag","embeddable":true,"href":"https:\/\/elmexiquense.vip\/index.php?rest_route=%2Fwp%2Fv2%2Ftags&post=41799"}],"curies":[{"name":"wp","href":"https:\/\/api.w.org\/{rel}","templated":true}]}}