{"id":41860,"date":"2026-01-17T15:01:57","date_gmt":"2026-01-17T21:01:57","guid":{"rendered":"https:\/\/elmexiquense.vip\/?p=41860"},"modified":"2026-01-17T15:01:57","modified_gmt":"2026-01-17T21:01:57","slug":"el-predial-se-vuelve-ecologico-en-atizapan-contribuyentes-con-paneles-solares-recibiran-una-bonificacion-historica-pedro_rvillegas-gobatizapan","status":"publish","type":"post","link":"https:\/\/elmexiquense.vip\/?p=41860","title":{"rendered":"El predial se vuelve ecol\u00f3gico en Atizap\u00e1n: contribuyentes con paneles solares recibir\u00e1n una bonificaci\u00f3n hist\u00f3rica \/ @Pedro_RVillegas @GobAtizapan"},"content":{"rendered":"\n<p><strong>#Sustentabilidad202<\/strong>6 <strong>#Sustentabilidad2026<\/strong> &#8212;&#8211;  <strong>#Atizap\u00e1nDeZaragoza<\/strong>,\u00a0<strong>#EstadoDeM\u00e9xico<\/strong>.- Bajo la visi\u00f3n vanguardista del alcalde #<strong>PedroRodr\u00edguezVillegas<\/strong>, el gobierno de <strong><strong>#Atizap\u00e1nDeZaragoza<\/strong><\/strong> ha consolidado un esquema de <strong>beneficios fiscales<\/strong> sin precedentes para ciudadanos responsables. Esta iniciativa institucional busca premiar directamente a los contribuyentes que integren pr\u00e1cticas de <strong>sustentabilidad ambiental<\/strong> en sus hogares, fusionando la eficiencia tributaria con el cuidado del planeta. Mediante este programa, la administraci\u00f3n municipal reafirma su compromiso con la <strong>preservaci\u00f3n ecol\u00f3gica<\/strong>, incentivando a la poblaci\u00f3n a convertirse en actores clave del cambio clim\u00e1tico global.<\/p>\n\n\n\n<p>La <strong>Tesorer\u00eda Municipal<\/strong> ha formalizado incentivos espec\u00edficos, destacando una bonificaci\u00f3n del <strong>10% en el pago del predial<\/strong> para quienes acrediten un manejo \u00f3ptimo de residuos. Asimismo, se otorga un beneficio fiscal equivalente al <strong>50% del valor de la inversi\u00f3n<\/strong> realizada en la adquisici\u00f3n e instalaci\u00f3n de <strong>paneles solares<\/strong>. Estas medidas no solo representan un alivio econ\u00f3mico para las familias atizapenses, sino que fomentan una transici\u00f3n energ\u00e9tica indispensable para la infraestructura urbana moderna y resiliente del municipio.<\/p>\n\n\n\n<figure class=\"wp-block-image aligncenter size-medium\"><img loading=\"lazy\" decoding=\"async\" width=\"300\" height=\"217\" src=\"https:\/\/elmexiquense.vip\/wp-content\/uploads\/2026\/01\/atiz-3-300x217.jpg\" alt=\"\" class=\"wp-image-41861\" srcset=\"https:\/\/elmexiquense.vip\/wp-content\/uploads\/2026\/01\/atiz-3-300x217.jpg 300w, https:\/\/elmexiquense.vip\/wp-content\/uploads\/2026\/01\/atiz-3-1024x741.jpg 1024w, https:\/\/elmexiquense.vip\/wp-content\/uploads\/2026\/01\/atiz-3-768x555.jpg 768w, https:\/\/elmexiquense.vip\/wp-content\/uploads\/2026\/01\/atiz-3-600x434.jpg 600w, https:\/\/elmexiquense.vip\/wp-content\/uploads\/2026\/01\/atiz-3.jpg 1080w\" sizes=\"auto, (max-width: 300px) 100vw, 300px\" \/><\/figure>\n\n\n\n<p>Para formalizar este apoyo, los interesados deben tramitar el <strong>Dictamen de Procedencia<\/strong> ante la <strong>Coordinaci\u00f3n de Protecci\u00f3n Civil, Bomberos y Medio Ambiente<\/strong>. Este procedimiento, dise\u00f1ado para ser totalmente <strong>gratuito y accesible<\/strong>, asegura que las tecnolog\u00edas implementadas cumplan con la normativa t\u00e9cnica vigente. Los ciudadanos pueden obtener asesor\u00eda personalizada en la <strong>Subdirecci\u00f3n de Medio Ambiente<\/strong>, donde se verifica el cumplimiento de los requisitos estipulados para garantizar una transparencia absoluta en el proceso.<\/p>\n\n\n\n<p><strong>\u00abEl Gobierno de Atizap\u00e1n de Zaragoza otorga beneficios fiscales a contribuyentes que llevan a cabo acciones sustentables\u00bb<\/strong>, logrando as\u00ed una sinergia perfecta entre ciudadan\u00eda y autoridad. Con esta pol\u00edtica de <strong>incentivos verdes<\/strong>, el municipio se posiciona como un referente estatal en la promoci\u00f3n de viviendas ecol\u00f3gicas y bienestar social. Para mayor informaci\u00f3n, los canales de atenci\u00f3n telef\u00f3nica permanecen abiertos para guiar a los contribuyentes en este <strong>trascendental<\/strong> proceso de mejora comunitaria.<\/p>\n\n\n\n<p><strong>#ElMexiquenseVIP<\/strong>\u00a0\u2013<a href=\"https:\/\/www.facebook.com\/ElMexiquenseVIP\/\"><strong>El Mexiquense VIP<\/strong><\/a><\/p>\n\n\n\n<figure class=\"wp-block-image aligncenter size-large\"><img loading=\"lazy\" decoding=\"async\" width=\"1024\" height=\"767\" src=\"https:\/\/elmexiquense.vip\/wp-content\/uploads\/2026\/01\/atiza-1-2-1024x767.jpg\" alt=\"\" class=\"wp-image-41862\"\/><\/figure>\n","protected":false},"excerpt":{"rendered":"<p>#Sustentabilidad2026 #Sustentabilidad2026 &#8212;&#8211; #Atizap\u00e1nDeZaragoza,\u00a0#EstadoDeM\u00e9xico.- Bajo la visi\u00f3n vanguardista del alcalde #PedroRodr\u00edguezVillegas, el gobierno de #Atizap\u00e1nDeZaragoza ha consolidado un esquema de<\/p>\n","protected":false},"author":8,"featured_media":41862,"comment_status":"open","ping_status":"open","sticky":false,"template":"","format":"standard","meta":{"colormag_page_container_layout":"default_layout","colormag_page_sidebar_layout":"default_layout","rop_custom_images_group":[],"rop_custom_messages_group":[],"rop_publish_now":"no","rop_publish_now_accounts":{"facebook_102468208940364_894887317217274":""},"rop_publish_now_history":[{"account":"facebook_102468208940364_894887317217274","service":"facebook","timestamp":1768683734,"status":"success"}],"rop_publish_now_status":"done","footnotes":""},"categories":[29],"tags":[515,787,177,764,474,379,376,217,136,777,762,492,744,691,837,493,383],"class_list":["post-41860","post","type-post","status-publish","format-standard","has-post-thumbnail","hentry","category-destacados","tag-anuar-azar-figueroa","tag-claudia-sheinbaum-pardo","tag-delfina-gomez-alvarez","tag-dif-atizapan-de-zaragoza","tag-el-mexiquense-vip","tag-en-vivo","tag-enterate","tag-gobierno-de-mexico","tag-gobierno-del-estado-de-mexico","tag-jorge-romero-herrera","tag-miguel-angel-zorro","tag-municipio-de-atizapan-de-zaragoza","tag-noticias-atizapan-de-zaragoza","tag-patricia-arevalo-rubio","tag-paty-arevalo","tag-pedro-rodriguez-villegas","tag-ultima-hora"],"_links":{"self":[{"href":"https:\/\/elmexiquense.vip\/index.php?rest_route=\/wp\/v2\/posts\/41860","targetHints":{"allow":["GET"]}}],"collection":[{"href":"https:\/\/elmexiquense.vip\/index.php?rest_route=\/wp\/v2\/posts"}],"about":[{"href":"https:\/\/elmexiquense.vip\/index.php?rest_route=\/wp\/v2\/types\/post"}],"author":[{"embeddable":true,"href":"https:\/\/elmexiquense.vip\/index.php?rest_route=\/wp\/v2\/users\/8"}],"replies":[{"embeddable":true,"href":"https:\/\/elmexiquense.vip\/index.php?rest_route=%2Fwp%2Fv2%2Fcomments&post=41860"}],"version-history":[{"count":1,"href":"https:\/\/elmexiquense.vip\/index.php?rest_route=\/wp\/v2\/posts\/41860\/revisions"}],"predecessor-version":[{"id":41863,"href":"https:\/\/elmexiquense.vip\/index.php?rest_route=\/wp\/v2\/posts\/41860\/revisions\/41863"}],"wp:featuredmedia":[{"embeddable":true,"href":"https:\/\/elmexiquense.vip\/index.php?rest_route=\/wp\/v2\/media\/41862"}],"wp:attachment":[{"href":"https:\/\/elmexiquense.vip\/index.php?rest_route=%2Fwp%2Fv2%2Fmedia&parent=41860"}],"wp:term":[{"taxonomy":"category","embeddable":true,"href":"https:\/\/elmexiquense.vip\/index.php?rest_route=%2Fwp%2Fv2%2Fcategories&post=41860"},{"taxonomy":"post_tag","embeddable":true,"href":"https:\/\/elmexiquense.vip\/index.php?rest_route=%2Fwp%2Fv2%2Ftags&post=41860"}],"curies":[{"name":"wp","href":"https:\/\/api.w.org\/{rel}","templated":true}]}}