{"id":41874,"date":"2026-01-17T17:56:53","date_gmt":"2026-01-17T23:56:53","guid":{"rendered":"https:\/\/elmexiquense.vip\/?p=41874"},"modified":"2026-01-17T17:56:53","modified_gmt":"2026-01-17T23:56:53","slug":"raciel-perez-cruz-entrega-un-deportivo-renovado-y-reafirma-su-compromiso-con-el-talento-emergente-de-tlalnepantla-racielperezc_-gob_tlalne","status":"publish","type":"post","link":"https:\/\/elmexiquense.vip\/?p=41874","title":{"rendered":"Raciel P\u00e9rez Cruz entrega un deportivo renovado y reafirma su compromiso con el talento emergente de Tlalnepantla \/ @RacielPerezC_ @Gob_Tlalne >>"},"content":{"rendered":"\n<p><strong>#DeporteEsBienestar<\/strong> <strong>#TalentoMexiquense<\/strong> &#8212;&#8211; <strong>#TlalnepantlaDeBaz<\/strong>,\u00a0<strong>#EstadoDeM\u00e9xico<\/strong>.-\u00a0En un acto de profunda <strong>relevancia<\/strong> social, el alcalde <strong>Raciel P\u00e9rez Cruz<\/strong> oficializ\u00f3 la reapertura del <strong>Deportivo \u00abLuis Garc\u00eda Postigo\u00bb<\/strong>, consolidando un pilar fundamental para la reconstrucci\u00f3n del tejido comunitario en Tlalnepantla. Esta iniciativa gubernamental busca recuperar los espacios p\u00fablicos, transform\u00e1ndolos en recintos de <strong>altruismo<\/strong> y activaci\u00f3n f\u00edsica que motiven a la ciudadan\u00eda hacia una vida plena. Con una visi\u00f3n humanista, la administraci\u00f3n municipal prioriza el desarrollo integral de la ni\u00f1ez y juventud, garantizando instalaciones dignas que fomenten la convivencia y el descubrimiento del talento local.<\/p>\n\n\n\n<p>La rehabilitaci\u00f3n <strong>integral<\/strong> del inmueble deportivo destaca por la entrega de dos canchas de b\u00e1squetbol renovadas, una cancha de f\u00fatbol con pasto sint\u00e9tico y una alberca especializada. Durante el evento, se enfatiz\u00f3 que estos proyectos se fortalecen gracias a la <strong>cooperaci\u00f3n<\/strong> estrat\u00e9gica con la iniciativa privada, permitiendo alcances presupuestales que benefician directamente a los usuarios. Este esfuerzo conjunto asegura que la infraestructura deportiva no solo sea est\u00e9tica, sino funcionalmente robusta para enfrentar las exigencias competitivas de los deportistas mexiquenses.<\/p>\n\n\n\n<p>En materia de sanidad ambiental, #<strong>RacielP\u00e9rezCruz<\/strong> inform\u00f3 un avance del 90% en la rectificaci\u00f3n de descargas residuales, logrando una <strong>armon\u00eda<\/strong> ecol\u00f3gica en el entorno del recinto. Este logro t\u00e9cnico, ejecutado con <strong>pulcritud<\/strong> administrativa, garantiza que los espacios de recreaci\u00f3n sean entornos 100% saludables para familias y adultos mayores. El compromiso del gobierno local se traduce as\u00ed en una infraestructura que respeta la normativa sanitaria vigente, eliminando focos de contaminaci\u00f3n que persistieron por a\u00f1os.<\/p>\n\n\n\n<figure class=\"wp-block-image aligncenter size-medium\"><img loading=\"lazy\" decoding=\"async\" width=\"300\" height=\"200\" src=\"https:\/\/elmexiquense.vip\/wp-content\/uploads\/2026\/01\/raci-1-300x200.jpg\" alt=\"\" class=\"wp-image-41876\" srcset=\"https:\/\/elmexiquense.vip\/wp-content\/uploads\/2026\/01\/raci-1-300x200.jpg 300w, https:\/\/elmexiquense.vip\/wp-content\/uploads\/2026\/01\/raci-1-1024x683.jpg 1024w, https:\/\/elmexiquense.vip\/wp-content\/uploads\/2026\/01\/raci-1-768x512.jpg 768w, https:\/\/elmexiquense.vip\/wp-content\/uploads\/2026\/01\/raci-1-600x400.jpg 600w, https:\/\/elmexiquense.vip\/wp-content\/uploads\/2026\/01\/raci-1.jpg 1280w\" sizes=\"auto, (max-width: 300px) 100vw, 300px\" \/><\/figure>\n\n\n\n<p><strong>\u00abQueremos que sea un espacio de encuentro; que en estas canchas puedan plantearse retos y descubrir el gran talento que tenemos\u00bb<\/strong>, afirm\u00f3 con <strong>elocuencia<\/strong> el edil. Bajo su gesti\u00f3n, se mantiene una pol\u00edtica de puertas abiertas que busca <strong>incentivar<\/strong> a las nuevas generaciones a alcanzar su m\u00e1ximo potencial atl\u00e9tico. Esta visi\u00f3n de gobierno reconoce en la pr\u00e1ctica deportiva la herramienta m\u00e1s poderosa para alejar a la juventud de conductas de riesgo y fortalecer la identidad municipal.<\/p>\n\n\n\n<p>El Gobierno de Tlalnepantla reafirma as\u00ed su determinaci\u00f3n <strong>inquebrantable<\/strong> de avanzar gradualmente en la recuperaci\u00f3n de todos los m\u00f3dulos deportivos, promoviendo una cultura de bienestar permanente. Con la puesta en marcha de estas obras, se deja un legado de <strong>prosperidad<\/strong> y salud p\u00fablica que resonar\u00e1 positivamente en la historia reciente de la demarcaci\u00f3n.<\/p>\n\n\n\n<p>El deporte es, en esencia, el motor de la superaci\u00f3n humana, pues como bien sentenci\u00f3 <strong>Nelson Mandela<\/strong>: <strong>\u00abEl deporte tiene el poder de transformar el mundo\u00bb<\/strong>.<\/p>\n\n\n\n<p><strong>#miangelzorro<\/strong><\/p>\n\n\n\n<p><strong>#ElMexiquenseVIP<\/strong>\u00a0\u2013<a href=\"https:\/\/www.facebook.com\/ElMexiquenseVIP\/\"><strong>El Mexiquense VIP<\/strong><\/a><\/p>\n\n\n\n<figure class=\"wp-block-image aligncenter size-large\"><img loading=\"lazy\" decoding=\"async\" width=\"1024\" height=\"594\" src=\"https:\/\/elmexiquense.vip\/wp-content\/uploads\/2026\/01\/raci-2-1-e1768693877150-1024x594.jpg\" alt=\"\" class=\"wp-image-41875\"\/><\/figure>\n","protected":false},"excerpt":{"rendered":"<p>#DeporteEsBienestar #TalentoMexiquense &#8212;&#8211; #TlalnepantlaDeBaz,\u00a0#EstadoDeM\u00e9xico.-\u00a0En un acto de profunda relevancia social, el alcalde Raciel P\u00e9rez Cruz oficializ\u00f3 la reapertura del Deportivo<\/p>\n","protected":false},"author":1,"featured_media":41875,"comment_status":"open","ping_status":"open","sticky":false,"template":"","format":"standard","meta":{"colormag_page_container_layout":"default_layout","colormag_page_sidebar_layout":"default_layout","rop_custom_images_group":[],"rop_custom_messages_group":[],"rop_publish_now":"no","rop_publish_now_accounts":{"facebook_102468208940364_894887317217274":""},"rop_publish_now_history":[{"account":"facebook_102468208940364_894887317217274","service":"facebook","timestamp":1768694247,"status":"success"}],"rop_publish_now_status":"done","footnotes":""},"categories":[29],"tags":[88,773,787,177,602,474,379,376,217,599,136,770,486,152,51,378,377],"class_list":["post-41874","post","type-post","status-publish","format-standard","has-post-thumbnail","hentry","category-destacados","tag-amlo","tag-andres-manuel-lopez-beltran","tag-claudia-sheinbaum-pardo","tag-delfina-gomez-alvarez","tag-dif-tlalnepantla","tag-el-mexiquense-vip","tag-en-vivo","tag-enterate","tag-gobierno-de-mexico","tag-gobierno-de-tlalnepantla-de-baz","tag-gobierno-del-estado-de-mexico","tag-luisa-maria-alcalde-lujan","tag-miguel-angel-ramirez-zorro","tag-municipio-de-tlalnepantla-de-baz","tag-raciel-perez-cruz","tag-ultimahora","tag-ultimas-noticias"],"_links":{"self":[{"href":"https:\/\/elmexiquense.vip\/index.php?rest_route=\/wp\/v2\/posts\/41874","targetHints":{"allow":["GET"]}}],"collection":[{"href":"https:\/\/elmexiquense.vip\/index.php?rest_route=\/wp\/v2\/posts"}],"about":[{"href":"https:\/\/elmexiquense.vip\/index.php?rest_route=\/wp\/v2\/types\/post"}],"author":[{"embeddable":true,"href":"https:\/\/elmexiquense.vip\/index.php?rest_route=\/wp\/v2\/users\/1"}],"replies":[{"embeddable":true,"href":"https:\/\/elmexiquense.vip\/index.php?rest_route=%2Fwp%2Fv2%2Fcomments&post=41874"}],"version-history":[{"count":1,"href":"https:\/\/elmexiquense.vip\/index.php?rest_route=\/wp\/v2\/posts\/41874\/revisions"}],"predecessor-version":[{"id":41877,"href":"https:\/\/elmexiquense.vip\/index.php?rest_route=\/wp\/v2\/posts\/41874\/revisions\/41877"}],"wp:featuredmedia":[{"embeddable":true,"href":"https:\/\/elmexiquense.vip\/index.php?rest_route=\/wp\/v2\/media\/41875"}],"wp:attachment":[{"href":"https:\/\/elmexiquense.vip\/index.php?rest_route=%2Fwp%2Fv2%2Fmedia&parent=41874"}],"wp:term":[{"taxonomy":"category","embeddable":true,"href":"https:\/\/elmexiquense.vip\/index.php?rest_route=%2Fwp%2Fv2%2Fcategories&post=41874"},{"taxonomy":"post_tag","embeddable":true,"href":"https:\/\/elmexiquense.vip\/index.php?rest_route=%2Fwp%2Fv2%2Ftags&post=41874"}],"curies":[{"name":"wp","href":"https:\/\/api.w.org\/{rel}","templated":true}]}}