{"id":41879,"date":"2026-01-17T18:05:25","date_gmt":"2026-01-18T00:05:25","guid":{"rendered":"https:\/\/elmexiquense.vip\/?p=41879"},"modified":"2026-01-17T18:05:25","modified_gmt":"2026-01-18T00:05:25","slug":"el-estado-de-mexico-democratiza-el-acceso-a-las-artes-mediante-un-despliegue-cultural-en-19-circuitos-regionales-delfinagomeza-edomex","status":"publish","type":"post","link":"https:\/\/elmexiquense.vip\/?p=41879","title":{"rendered":"El Estado de M\u00e9xico democratiza el acceso a las artes mediante un despliegue cultural en 19 circuitos regionales \/ @delfinagomeza @Edomex"},"content":{"rendered":"\n<p><strong>#Edom\u00e9xCultural<\/strong> <strong>#CultivamosArte<\/strong> &#8212;&#8211; <strong>#EstadoDeM\u00e9xico<\/strong>,\u00a0<strong>#M\u00e9xico<\/strong>.- El Gobierno del Estado de M\u00e9xico ha puesto en marcha una ambiciosa estrategia de descentralizaci\u00f3n cultural mediante el programa <strong>\u201cCultivamos Arte, Cosechamos Cultura\u201d<\/strong>, el cual se desarrollar\u00e1 del <strong>19 al 25 de enero<\/strong>. Esta iniciativa, dise\u00f1ada para fortalecer la identidad regional, desplegar\u00e1 una oferta <strong>multidisciplinaria gratuita<\/strong> que abarca teatro, talleres artesanales y conciertos en los <strong>19 Circuitos Regionales<\/strong> de la entidad. El objetivo primordial es democratizar el acceso a las expresiones art\u00edsticas, permitiendo que las familias mexiquenses se apropien de sus espacios p\u00fablicos a trav\u00e9s de una cartelera que celebra la riqueza y diversidad del patrimonio local.<\/p>\n\n\n\n<p>En el <strong>Circuito 5<\/strong>, con sede en <strong>Ecatepec<\/strong>, las actividades comenzar\u00e1n a las <strong>11:00 horas<\/strong> con la propuesta esc\u00e9nica <strong>\u201cZona de risas: Circo pa\u2019l barrio\u201d<\/strong>, un espect\u00e1culo que apuesta por la improvisaci\u00f3n en entornos comunitarios. La jornada musical en esta <strong>Comunidad Cultural del Cerro del Viento<\/strong> incluir\u00e1 la proyecci\u00f3n de un documental especializado y las presentaciones de agrupaciones destacadas como <strong>\u201cSkalectricos\u201d<\/strong> y <strong>\u201cValkirias Ska\u201d<\/strong>. Por otro lado, en <strong>San Sim\u00f3n de Guerrero<\/strong>, el <strong>22 de enero<\/strong> se impartir\u00e1 el taller de grabado <strong>\u201cZullin amantoli\u201d<\/strong>, una c\u00e1tedra artesanal enfocada en vincular a la infancia con las t\u00e9cnicas cl\u00e1sicas de impresi\u00f3n.<\/p>\n\n\n\n<p>La tradici\u00f3n ancestral tambi\u00e9n tendr\u00e1 un lugar protag\u00f3nico en <strong>Tenancingo<\/strong>, dentro del <strong>Circuito 17<\/strong>, donde se realizar\u00e1 el taller <strong>\u201cCultivo y rescate de la bebida ancestral: el pulque\u201d<\/strong>. Del <strong>23 al 25 de enero<\/strong>, los asistentes podr\u00e1n aprender el proceso t\u00e9cnico del <strong>raspado del maguey<\/strong> y la obtenci\u00f3n final de este elixir hist\u00f3rico, bajo la premisa de preservar los oficios que otorgan identidad al sur del estado. Estas acciones, enmarcadas en la denominaci\u00f3n <strong>\u201cRa\u00edces Activas. Tlalli-Ixtli\u201d<\/strong>, buscan que el conocimiento de los maestros tlachiqueros se transmita de forma directa a las nuevas generaciones de habitantes.<\/p>\n\n\n\n<p><strong>\u201cCultivamos Arte, Cosechamos Cultura\u201d<\/strong> representa un esfuerzo institucional por convertir el territorio mexiquense en un escenario vivo donde el <strong>talento local<\/strong> y la ciudadan\u00eda converjan en armon\u00eda. La <strong>Secretar\u00eda de Cultura y Turismo<\/strong> extiende una cordial invitaci\u00f3n a consultar la programaci\u00f3n detallada en las plataformas digitales de <strong>@CulturaEdomex<\/strong>. Con estas acciones, se reafirma que el acceso a la cultura es un derecho inalienable que nutre el esp\u00edritu y fomenta la cohesi\u00f3n social en cada rinc\u00f3n de la geograf\u00eda estatal.<\/p>\n\n\n\n<p><strong>#ElMexiquenseVIP<\/strong>\u00a0\u2013<a href=\"https:\/\/www.facebook.com\/ElMexiquenseVIP\/\"><strong>El Mexiquense VIP<\/strong><\/a><\/p>\n\n\n\n<figure class=\"wp-block-image aligncenter size-large\"><img loading=\"lazy\" decoding=\"async\" width=\"1024\" height=\"682\" src=\"https:\/\/elmexiquense.vip\/wp-content\/uploads\/2026\/01\/secre-4-1024x682.jpg\" alt=\"\" class=\"wp-image-41880\"\/><\/figure>\n","protected":false},"excerpt":{"rendered":"<p>#Edom\u00e9xCultural #CultivamosArte &#8212;&#8211; #EstadoDeM\u00e9xico,\u00a0#M\u00e9xico.- El Gobierno del Estado de M\u00e9xico ha puesto en marcha una ambiciosa estrategia de descentralizaci\u00f3n cultural<\/p>\n","protected":false},"author":8,"featured_media":41880,"comment_status":"open","ping_status":"open","sticky":false,"template":"","format":"standard","meta":{"colormag_page_container_layout":"default_layout","colormag_page_sidebar_layout":"default_layout","rop_custom_images_group":[],"rop_custom_messages_group":[],"rop_publish_now":"no","rop_publish_now_accounts":{"facebook_102468208940364_894887317217274":""},"rop_publish_now_history":[{"account":"facebook_102468208940364_894887317217274","service":"facebook","timestamp":1768694741,"status":"success"}],"rop_publish_now_status":"done","footnotes":""},"categories":[690,107],"tags":[88,773,787,177,369,870,474,379,376,217,136,770],"class_list":["post-41879","post","type-post","status-publish","format-standard","has-post-thumbnail","hentry","category-legisladores","category-secretarias","tag-amlo","tag-andres-manuel-lopez-beltran","tag-claudia-sheinbaum-pardo","tag-delfina-gomez-alvarez","tag-dif-estado-de-mexico","tag-edomex-2","tag-el-mexiquense-vip","tag-en-vivo","tag-enterate","tag-gobierno-de-mexico","tag-gobierno-del-estado-de-mexico","tag-luisa-maria-alcalde-lujan"],"_links":{"self":[{"href":"https:\/\/elmexiquense.vip\/index.php?rest_route=\/wp\/v2\/posts\/41879","targetHints":{"allow":["GET"]}}],"collection":[{"href":"https:\/\/elmexiquense.vip\/index.php?rest_route=\/wp\/v2\/posts"}],"about":[{"href":"https:\/\/elmexiquense.vip\/index.php?rest_route=\/wp\/v2\/types\/post"}],"author":[{"embeddable":true,"href":"https:\/\/elmexiquense.vip\/index.php?rest_route=\/wp\/v2\/users\/8"}],"replies":[{"embeddable":true,"href":"https:\/\/elmexiquense.vip\/index.php?rest_route=%2Fwp%2Fv2%2Fcomments&post=41879"}],"version-history":[{"count":1,"href":"https:\/\/elmexiquense.vip\/index.php?rest_route=\/wp\/v2\/posts\/41879\/revisions"}],"predecessor-version":[{"id":41881,"href":"https:\/\/elmexiquense.vip\/index.php?rest_route=\/wp\/v2\/posts\/41879\/revisions\/41881"}],"wp:featuredmedia":[{"embeddable":true,"href":"https:\/\/elmexiquense.vip\/index.php?rest_route=\/wp\/v2\/media\/41880"}],"wp:attachment":[{"href":"https:\/\/elmexiquense.vip\/index.php?rest_route=%2Fwp%2Fv2%2Fmedia&parent=41879"}],"wp:term":[{"taxonomy":"category","embeddable":true,"href":"https:\/\/elmexiquense.vip\/index.php?rest_route=%2Fwp%2Fv2%2Fcategories&post=41879"},{"taxonomy":"post_tag","embeddable":true,"href":"https:\/\/elmexiquense.vip\/index.php?rest_route=%2Fwp%2Fv2%2Ftags&post=41879"}],"curies":[{"name":"wp","href":"https:\/\/api.w.org\/{rel}","templated":true}]}}