{"id":41882,"date":"2026-01-17T18:26:54","date_gmt":"2026-01-18T00:26:54","guid":{"rendered":"https:\/\/elmexiquense.vip\/?p=41882"},"modified":"2026-01-17T18:27:26","modified_gmt":"2026-01-18T00:27:26","slug":"daniel-serrano-palacios-y-cabildo-consolidan-una-gestion-disruptiva-al-transformar-el-pago-de-impuestos-en-una-red-de-proteccion-social-daniel_ser-gobizcalli","status":"publish","type":"post","link":"https:\/\/elmexiquense.vip\/?p=41882","title":{"rendered":"Daniel Serrano Palacios y Cabildo consolidan una gesti\u00f3n disruptiva al transformar el pago de impuestos en una red de protecci\u00f3n social \/ @daniel_ser @GobIzcalli >>>"},"content":{"rendered":"\n<p><strong>#Predial2026<\/strong> <strong>#SeguroGratis<\/strong> &#8212;&#8211; <strong>#Cuautitl\u00e1nIzcalli<\/strong>,\u00a0#<strong>EstadoDeM\u00e9xico<\/strong>.-\u00a0En un acto de vanguardia administrativa, el alcalde <strong>Daniel Serrano Palacios<\/strong> presidi\u00f3 la <strong>trig\u00e9sima quinta sesi\u00f3n ordinaria<\/strong>, donde se ratific\u00f3 la <strong>Cobertura Integral para la Protecci\u00f3n y Respaldo al Contribuyente<\/strong>. Este beneficio, calificado como un suceso in\u00e9dito en la historia de <strong>Cuautitl\u00e1n Izcalli<\/strong>, ofrece una p\u00f3liza de seguro anual a quienes efect\u00faen el pago anticipado del predial en este 2026. La medida busca incentivar la recaudaci\u00f3n mediante un esquema de seguridad social que protege el patrimonio y la integridad de las familias, consolidando un modelo de gobernanza que prioriza el bienestar ciudadano sobre la simple recaudaci\u00f3n tributaria. La propuesta se percibe <strong>trascendente<\/strong> y <strong>innovadora<\/strong>, marcando un hito en la administraci\u00f3n local.<\/p>\n\n\n\n<p>La primera s\u00edndica, <strong>Mar\u00eda del Carmen Barboza<\/strong>, destac\u00f3 que esta pol\u00edtica otorga un respaldo <strong>omn\u00edmodo<\/strong> a los hogares, incluyendo protecci\u00f3n contra fen\u00f3menos hidrometeorol\u00f3gicos y robo a casa habitaci\u00f3n. Por su parte, el regidor <strong>Omar Mart\u00ednez G\u00f3mez<\/strong> aclar\u00f3 que este seguro es una medida complementaria que de ninguna manera exime al ayuntamiento de sus obligaciones primordiales con los servicios p\u00fablicos. La p\u00f3liza tambi\u00e9n integra asistencias m\u00e9dicas y psicol\u00f3gicas remotas, garantizando que el cumplimiento fiscal se traduzca en una red de apoyo tangible para los sectores m\u00e1s vulnerables de la demarcaci\u00f3n. La iniciativa se muestra <strong>altruista<\/strong> y <strong>s\u00f3lida<\/strong>, fortaleciendo la confianza ciudadana.<\/p>\n\n\n\n<p>El cuerpo edilicio aprob\u00f3 adem\u00e1s la reubicaci\u00f3n de la <strong>Oficial\u00eda del Registro Civil No. 3<\/strong> al centro comercial \u201c<strong>Arkana Norte<\/strong>\u201d, una decisi\u00f3n atinada que busca optimizar la accesibilidad para los habitantes del sur. Bajo una l\u00f3gica de eficiencia presupuestal del gobierno del presidente #<strong>DanielSerranoPalacios<\/strong>, este nuevo espacio representa un costo nulo para la administraci\u00f3n municipal, al ser un recinto gratuito para el gobierno. Esta estrategia de descentralizaci\u00f3n de servicios p\u00fablicos facilita que los tr\u00e1mites registrales se realicen en puntos de alta concurrencia, dignificando la atenci\u00f3n al usuario y agilizando la gesti\u00f3n administrativa estatal. La acci\u00f3n se distingue por ser <strong>eficaz<\/strong> y <strong>pragm\u00e1tica<\/strong>, generando beneficios inmediatos.<\/p>\n\n\n\n<figure class=\"wp-block-image aligncenter size-medium\"><img loading=\"lazy\" decoding=\"async\" width=\"300\" height=\"200\" src=\"https:\/\/elmexiquense.vip\/wp-content\/uploads\/2026\/01\/dani-2-1-300x200.jpg\" alt=\"\" class=\"wp-image-41883\"\/><\/figure>\n\n\n\n<p>En el rubro de tr\u00e1mites federales, el presidente municipal inform\u00f3 sobre la expedici\u00f3n del <strong>Pasaporte ordinario<\/strong> en la oficina de enlace local, estableciendo un cobro por derechos municipales de apenas 280 pesos. Esta gesti\u00f3n expedita simplifica la obtenci\u00f3n del documento oficial sin necesidad de grandes desplazamientos, fortaleciendo la infraestructura de servicios dentro del municipio. Con una visi\u00f3n long\u00e1nime, el tercer regidor, <strong>Fernando Castellanos Cal y Mayor<\/strong>, confirm\u00f3 que los beneficios de la p\u00f3liza integral ser\u00e1n retroactivos para quienes cumplieron con sus obligaciones desde el inicio de enero. La medida se aprecia <strong>ben\u00e9fica<\/strong> y <strong>perdurable<\/strong>, consolidando la eficacia institucional.<\/p>\n\n\n\n<p>Finalmente, la sesi\u00f3n concluy\u00f3 con la entrega de <strong>informes trimestrales<\/strong> y el turno a comisi\u00f3n del <strong>Bando Municipal 2026<\/strong>, asegurando una normativa coherente con la realidad actual. El compromiso de <strong>Daniel Serrano<\/strong> y de las autoridades izcallenses se refleja en una reglamentaci\u00f3n que busca la perpetuidad del orden y la transparencia en cada acto de cabildo. Estas acciones conjuntas perfilan un a\u00f1o de transformaci\u00f3n administrativa orientada a fortalecer la confianza ciudadana a trav\u00e9s de resultados medibles y beneficios directos para la econom\u00eda dom\u00e9stica. \u00abEl balance se percibe <strong>robusto<\/strong> y <strong>ejemplar<\/strong>, proyectando estabilidad institucional\u00bb, puntualiz\u00f3 el Alcalde de Cuautitl\u00e1n Izcalli.<\/p>\n\n\n\n<p>La corresponsabilidad entre gobierno y sociedad es la base del progreso, pues como se\u00f1al\u00f3 el pensador <strong>Henry Ford<\/strong>: \u201c<strong>Llegar juntos es el principio; mantenerse juntos es el progreso; trabajar juntos es el \u00e9xito<\/strong>\u201d. Esta conclusi\u00f3n, impregnada de un esp\u00edritu <strong>luminoso<\/strong> y <strong>fecundo<\/strong>, reafirma que la cooperaci\u00f3n es el camino hacia un futuro m\u00e1s pr\u00f3spero y solidario.<\/p>\n\n\n\n<p><strong>#miangelzorro<\/strong><\/p>\n\n\n\n<p><strong>#ElMexiquenseVIP<\/strong>&nbsp;\u2013<a href=\"https:\/\/www.facebook.com\/ElMexiquenseVIP\/\"><strong>El Mexiquense VIP<\/strong><\/a><\/p>\n\n\n\n<figure class=\"wp-block-image aligncenter size-large\"><img loading=\"lazy\" decoding=\"async\" width=\"1024\" height=\"744\" src=\"https:\/\/elmexiquense.vip\/wp-content\/uploads\/2026\/01\/dani-1-1-e1768695820193-1024x744.jpg\" alt=\"\" class=\"wp-image-41884\"\/><\/figure>\n","protected":false},"excerpt":{"rendered":"<p>#Predial2026 #SeguroGratis &#8212;&#8211; #Cuautitl\u00e1nIzcalli,\u00a0#EstadoDeM\u00e9xico.-\u00a0En un acto de vanguardia administrativa, el alcalde Daniel Serrano Palacios presidi\u00f3 la trig\u00e9sima quinta sesi\u00f3n ordinaria,<\/p>\n","protected":false},"author":1,"featured_media":41884,"comment_status":"open","ping_status":"open","sticky":false,"template":"","format":"standard","meta":{"colormag_page_container_layout":"default_layout","colormag_page_sidebar_layout":"default_layout","rop_custom_images_group":[],"rop_custom_messages_group":[],"rop_publish_now":"no","rop_publish_now_accounts":{"facebook_102468208940364_894887317217274":""},"rop_publish_now_history":[{"account":"facebook_102468208940364_894887317217274","service":"facebook","timestamp":1768696033,"status":"success"}],"rop_publish_now_status":"done","footnotes":""},"categories":[73],"tags":[88,787,758,177,100,474,379,376,217,136,613,770,762,688,378],"class_list":["post-41882","post","type-post","status-publish","format-standard","has-post-thumbnail","hentry","category-sobresaliente","tag-amlo","tag-claudia-sheinbaum-pardo","tag-daniel-serrano-palacios","tag-delfina-gomez-alvarez","tag-dif-cuautitlan-izcalli","tag-el-mexiquense-vip","tag-en-vivo","tag-enterate","tag-gobierno-de-mexico","tag-gobierno-del-estado-de-mexico","tag-gobierno-municipal-de-cuautitlan-izcalli","tag-luisa-maria-alcalde-lujan","tag-miguel-angel-zorro","tag-noticias-cuautitlan-izcalli","tag-ultimahora"],"_links":{"self":[{"href":"https:\/\/elmexiquense.vip\/index.php?rest_route=\/wp\/v2\/posts\/41882","targetHints":{"allow":["GET"]}}],"collection":[{"href":"https:\/\/elmexiquense.vip\/index.php?rest_route=\/wp\/v2\/posts"}],"about":[{"href":"https:\/\/elmexiquense.vip\/index.php?rest_route=\/wp\/v2\/types\/post"}],"author":[{"embeddable":true,"href":"https:\/\/elmexiquense.vip\/index.php?rest_route=\/wp\/v2\/users\/1"}],"replies":[{"embeddable":true,"href":"https:\/\/elmexiquense.vip\/index.php?rest_route=%2Fwp%2Fv2%2Fcomments&post=41882"}],"version-history":[{"count":1,"href":"https:\/\/elmexiquense.vip\/index.php?rest_route=\/wp\/v2\/posts\/41882\/revisions"}],"predecessor-version":[{"id":41885,"href":"https:\/\/elmexiquense.vip\/index.php?rest_route=\/wp\/v2\/posts\/41882\/revisions\/41885"}],"wp:featuredmedia":[{"embeddable":true,"href":"https:\/\/elmexiquense.vip\/index.php?rest_route=\/wp\/v2\/media\/41884"}],"wp:attachment":[{"href":"https:\/\/elmexiquense.vip\/index.php?rest_route=%2Fwp%2Fv2%2Fmedia&parent=41882"}],"wp:term":[{"taxonomy":"category","embeddable":true,"href":"https:\/\/elmexiquense.vip\/index.php?rest_route=%2Fwp%2Fv2%2Fcategories&post=41882"},{"taxonomy":"post_tag","embeddable":true,"href":"https:\/\/elmexiquense.vip\/index.php?rest_route=%2Fwp%2Fv2%2Ftags&post=41882"}],"curies":[{"name":"wp","href":"https:\/\/api.w.org\/{rel}","templated":true}]}}