{"id":41890,"date":"2026-01-18T15:57:08","date_gmt":"2026-01-18T21:57:08","guid":{"rendered":"https:\/\/elmexiquense.vip\/?p=41890"},"modified":"2026-01-18T15:57:08","modified_gmt":"2026-01-18T21:57:08","slug":"rosa-patino-solis-redefine-la-proximidad-policial-en-cuautitlan-mediante-un-ejercicio-de-escucha-empatica-con-la-comunidad-juanita_carri-ayytocuautitlan","status":"publish","type":"post","link":"https:\/\/elmexiquense.vip\/?p=41890","title":{"rendered":"Rosa Pati\u00f1o Sol\u00eds redefine la proximidad policial en Cuautitl\u00e1n mediante un ejercicio de escucha emp\u00e1tica con la comunidad \/ @Juanita_Carri @AyytoCuautitlan"},"content":{"rendered":"\n<p><strong>#SeguridadCiudadana<\/strong> <strong>#Prevenci\u00f3nDelDelito<\/strong> &#8212;&#8211; <strong>#Cuautitl\u00e1n, #EstadoDeM\u00e9xico<\/strong>.- En un despliegue de voluntad pol\u00edtica sin precedentes, la directora de la <strong>Guardia Civil Municipal de Cuautitl\u00e1n<\/strong>, <strong>Rosa Pati\u00f1o Sol\u00eds<\/strong>, lider\u00f3 un <strong>encuentro estrat\u00e9gico<\/strong> destinado a blindar la paz social en la regi\u00f3n. Esta iniciativa, que trasciende las barreras administrativas habituales, congreg\u00f3 a las fuerzas vivas de la comunidad y niveles de gobierno para consolidar un frente unido contra la delincuencia. La sinergia establecida entre las autoridades y los residentes de <strong>\u00c1lamos<\/strong> marca un hito en la gesti\u00f3n de la seguridad p\u00fablica contempor\u00e1nea, priorizando siempre el bienestar colectivo. La acci\u00f3n se percibe <strong>trascendente<\/strong> y <strong>cohesiva<\/strong>, reafirmando la confianza ciudadana.<\/p>\n\n\n\n<p>Bajo una visi\u00f3n de <strong>cooperaci\u00f3n interinstitucional<\/strong>, se integraron esfuerzos con el #<strong>COPACI<\/strong>, el \u00e1rea de <strong>Prevenci\u00f3n del Delito<\/strong> y la #<strong>Polic\u00edaEstatal<\/strong>. El di\u00e1logo permiti\u00f3 un an\u00e1lisis profundo sobre las t\u00e1cticas de vigilancia necesarias, demostrando una proclividad evidente hacia la profesionalizaci\u00f3n de los cuerpos policiacos. Se busca que la cercan\u00eda con el ciudadano no sea solo un concepto, sino una realidad palpable y constante. La estrategia se muestra <strong>meticulosa<\/strong> y <strong>fecunda<\/strong>, fortaleciendo la eficacia institucional.<\/p>\n\n\n\n<p>Durante la sesi\u00f3n, se expuso con claridad la operatividad del programa \u201c<strong>Vivo<\/strong>\u201d, una herramienta de vanguardia dise\u00f1ada para mitigar riesgos sociales. La funcionaria, <strong>#Rosa Pati\u00f1oSol\u00eds<\/strong>, enfatiz\u00f3 que estas acciones coadyuvan al \u00e9xito en seguridad de la administraci\u00f3n encabezada por la alcaldesa Juanita Carrillo en todo Cuautitl\u00e1n. La estrategia se fundamenta en la prevenci\u00f3n activa y el seguimiento puntual de cada compromiso adquirido con los vecinos. El proyecto se revela <strong>s\u00f3lido<\/strong> y <strong>perdurable<\/strong>, consolidando un modelo de gesti\u00f3n preventiva.<\/p>\n\n\n\n<figure class=\"wp-block-image aligncenter size-medium\"><img loading=\"lazy\" decoding=\"async\" width=\"300\" height=\"233\" src=\"https:\/\/elmexiquense.vip\/wp-content\/uploads\/2026\/01\/tulti-2-1-e1768772800688-300x233.jpg\" alt=\"\" class=\"wp-image-41891\"\/><\/figure>\n\n\n\n<p>\u201c<strong>Reafirmando nuestro compromiso de escuchar, atender y trabajar en equipo<\/strong>\u201d, la titular de la <strong>Guardia Civil Municipal<\/strong> garantiz\u00f3 una respuesta efectiva. <strong>Rosa Pati\u00f1o<\/strong> destac\u00f3 que esta labor es fundamental para edificar un entorno de justicia, actuando siempre con una ecuanimidad que garantice el respeto a los derechos ciudadanos. La labor se percibe <strong>ejemplar<\/strong> y <strong>altruista<\/strong>, generando confianza en la comunidad de Cuautitl\u00e1n.<\/p>\n\n\n\n<p>Finalmente, la <strong>integraci\u00f3n vecinal<\/strong> es el pilar que sostiene la prosperidad y la armon\u00eda de cualquier sociedad moderna. Como bien afirm\u00f3 <strong>Arist\u00f3teles<\/strong>: \u201c<strong>La seguridad es la base sobre la cual se construye la libertad del ciudadano<\/strong>\u201d. Esta conclusi\u00f3n, impregnada de un esp\u00edritu <strong>luminoso<\/strong> y <strong>fecundo<\/strong>, confirma que la uni\u00f3n comunitaria es la clave para edificar un futuro m\u00e1s seguro y pr\u00f3spero.<\/p>\n\n\n\n<p><strong>#miangelzorro<\/strong><\/p>\n\n\n\n<p><strong>#ElMexiquenseVIP<\/strong>\u00a0\u2013<a href=\"https:\/\/www.facebook.com\/ElMexiquenseVIP\/\"><strong>El Mexiquense VIP<\/strong><\/a><\/p>\n\n\n\n<figure class=\"wp-block-image aligncenter size-large\"><img loading=\"lazy\" decoding=\"async\" width=\"1024\" height=\"727\" src=\"https:\/\/elmexiquense.vip\/wp-content\/uploads\/2026\/01\/tulti-1-e1768772957695-1024x727.jpg\" alt=\"\" class=\"wp-image-41892\"\/><\/figure>\n","protected":false},"excerpt":{"rendered":"<p>#SeguridadCiudadana #Prevenci\u00f3nDelDelito &#8212;&#8211; #Cuautitl\u00e1n, #EstadoDeM\u00e9xico.- En un despliegue de voluntad pol\u00edtica sin precedentes, la directora de la Guardia Civil Municipal<\/p>\n","protected":false},"author":1,"featured_media":41892,"comment_status":"open","ping_status":"open","sticky":false,"template":"","format":"standard","meta":{"colormag_page_container_layout":"default_layout","colormag_page_sidebar_layout":"default_layout","rop_custom_images_group":[],"rop_custom_messages_group":[],"rop_publish_now":"no","rop_publish_now_accounts":{"facebook_102468208940364_894887317217274":""},"rop_publish_now_history":[{"account":"facebook_102468208940364_894887317217274","service":"facebook","timestamp":1768773475,"status":"success"}],"rop_publish_now_status":"done","footnotes":""},"categories":[874],"tags":[88,773,787,468,177,474,379,376,217,136,754,770,762,469,378,377],"class_list":["post-41890","post","type-post","status-publish","format-standard","has-post-thumbnail","hentry","category-seguridad-y-proteccion-civil","tag-amlo","tag-andres-manuel-lopez-beltran","tag-claudia-sheinbaum-pardo","tag-cuautitlan-mexico","tag-delfina-gomez-alvarez","tag-el-mexiquense-vip","tag-en-vivo","tag-enterate","tag-gobierno-de-mexico","tag-gobierno-del-estado-de-mexico","tag-juanita-carrillo-luna","tag-luisa-maria-alcalde-lujan","tag-miguel-angel-zorro","tag-noticias-cuautitlan","tag-ultimahora","tag-ultimas-noticias"],"_links":{"self":[{"href":"https:\/\/elmexiquense.vip\/index.php?rest_route=\/wp\/v2\/posts\/41890","targetHints":{"allow":["GET"]}}],"collection":[{"href":"https:\/\/elmexiquense.vip\/index.php?rest_route=\/wp\/v2\/posts"}],"about":[{"href":"https:\/\/elmexiquense.vip\/index.php?rest_route=\/wp\/v2\/types\/post"}],"author":[{"embeddable":true,"href":"https:\/\/elmexiquense.vip\/index.php?rest_route=\/wp\/v2\/users\/1"}],"replies":[{"embeddable":true,"href":"https:\/\/elmexiquense.vip\/index.php?rest_route=%2Fwp%2Fv2%2Fcomments&post=41890"}],"version-history":[{"count":1,"href":"https:\/\/elmexiquense.vip\/index.php?rest_route=\/wp\/v2\/posts\/41890\/revisions"}],"predecessor-version":[{"id":41893,"href":"https:\/\/elmexiquense.vip\/index.php?rest_route=\/wp\/v2\/posts\/41890\/revisions\/41893"}],"wp:featuredmedia":[{"embeddable":true,"href":"https:\/\/elmexiquense.vip\/index.php?rest_route=\/wp\/v2\/media\/41892"}],"wp:attachment":[{"href":"https:\/\/elmexiquense.vip\/index.php?rest_route=%2Fwp%2Fv2%2Fmedia&parent=41890"}],"wp:term":[{"taxonomy":"category","embeddable":true,"href":"https:\/\/elmexiquense.vip\/index.php?rest_route=%2Fwp%2Fv2%2Fcategories&post=41890"},{"taxonomy":"post_tag","embeddable":true,"href":"https:\/\/elmexiquense.vip\/index.php?rest_route=%2Fwp%2Fv2%2Ftags&post=41890"}],"curies":[{"name":"wp","href":"https:\/\/api.w.org\/{rel}","templated":true}]}}