{"id":41906,"date":"2026-01-19T17:38:37","date_gmt":"2026-01-19T23:38:37","guid":{"rendered":"https:\/\/elmexiquense.vip\/?p=41906"},"modified":"2026-01-19T17:38:37","modified_gmt":"2026-01-19T23:38:37","slug":"naucalpan-fortalece-su-solvencia-financiera-con-una-mejora-historica-en-sus-calificaciones-crediticias-isaacsolar-gobnau","status":"publish","type":"post","link":"https:\/\/elmexiquense.vip\/?p=41906","title":{"rendered":"Naucalpan fortalece su solvencia financiera con una mejora hist\u00f3rica en sus calificaciones crediticias \u00a0\/ @isaacsolar @GobNau >>>"},"content":{"rendered":"\n<p><strong>#FinanzasSanas<\/strong> <strong>#Inversi\u00f3nSegura<\/strong> &#8212;&#8211; <strong><strong>#Naucalpan<\/strong>,\u00a0<strong>#EstadoDeM\u00e9xico<\/strong>.-<\/strong> En un hecho sin precedentes para la gesti\u00f3n local, el Gobierno del Alcalde <strong>Isaac Montoya M\u00e1rquez<\/strong> ha logrado una evoluci\u00f3n tangible en sus finanzas p\u00fablicas tras solo un a\u00f1o de administraci\u00f3n. Las prestigiosas agencias <strong>HR Ratings<\/strong> y <strong>Verum<\/strong> elevaron la calificaci\u00f3n soberana del municipio de <strong>BBB- a BBB+<\/strong>, un avance de dos pelda\u00f1os que otorga certeza institucional. Este fortalecimiento financiero no solo mejora la percepci\u00f3n de riesgo, sino que posiciona a la demarcaci\u00f3n como un referente de <strong>solvencia y confianza<\/strong> en concordancia con la estabilidad econ\u00f3mica que hoy proyecta M\u00e9xico ante el mundo.<\/p>\n\n\n\n<p>Este repunte hist\u00f3rico es el <strong>resultado de una administraci\u00f3n responsable<\/strong>, fundamentada en el control estricto del gasto operativo y la reducci\u00f3n estrat\u00e9gica de pasivos heredados. A diferencia de la gesti\u00f3n pasada, que operaba bajo calificaciones bajas, la actual disciplina financiera ha permitido que el cr\u00e9dito estructurado con <strong>Banobras<\/strong> alcance la excelencia con la <strong>ratificaci\u00f3n en AAA<\/strong>, el nivel de confianza crediticia m\u00e1s alto del mercado.<\/p>\n\n\n\n<p>La implementaci\u00f3n de lineamientos de <strong>ordenamiento y disciplina financiera<\/strong> ha sido clave para optimizar los ingresos propios y garantizar la transparencia en el uso de los recursos. Actualmente, Naucalpan se consolida como un <strong>destino seguro para la inversi\u00f3n<\/strong>, emulando el posicionamiento que la agencia <strong>Standard &amp; Poor&#8217;s<\/strong> otorga al pa\u00eds en Am\u00e9rica Latina. Al elevarse los est\u00e1ndares de pago y manejo p\u00fablico, se generan condiciones m\u00e1s s\u00f3lidas para el beneficio directo de la ciudadan\u00eda naucalpense.<\/p>\n\n\n\n<p>Gracias a estas acciones, el municipio goza hoy de un acceso a mejores condiciones financieras y una <strong>visi\u00f3n de largo plazo<\/strong> que garantiza la estabilidad econ\u00f3mica. El gobierno de <strong>Isaac Montoya M\u00e1rquez<\/strong> reafirma su compromiso con el manejo eficiente de los bienes p\u00fablicos, asegurando que la confianza institucional se traduzca en una mayor <strong>capacidad de transformaci\u00f3n y bienestar social<\/strong>.<\/p>\n\n\n\n<p><strong>#ElMexiquenseVIP<\/strong>\u00a0\u2013<a href=\"https:\/\/www.facebook.com\/ElMexiquenseVIP\/\"><strong>El Mexiquense VIP<\/strong><\/a><\/p>\n\n\n\n<figure class=\"wp-block-image aligncenter size-large\"><img loading=\"lazy\" decoding=\"async\" width=\"1024\" height=\"683\" src=\"https:\/\/elmexiquense.vip\/wp-content\/uploads\/2026\/01\/isa-1-3-1024x683.jpg\" alt=\"\" class=\"wp-image-41907\"\/><\/figure>\n","protected":false},"excerpt":{"rendered":"<p>#FinanzasSanas #Inversi\u00f3nSegura &#8212;&#8211; #Naucalpan,\u00a0#EstadoDeM\u00e9xico.- En un hecho sin precedentes para la gesti\u00f3n local, el Gobierno del Alcalde Isaac Montoya M\u00e1rquez<\/p>\n","protected":false},"author":8,"featured_media":41907,"comment_status":"open","ping_status":"open","sticky":false,"template":"","format":"standard","meta":{"colormag_page_container_layout":"default_layout","colormag_page_sidebar_layout":"default_layout","rop_custom_images_group":[],"rop_custom_messages_group":[],"rop_publish_now":"no","rop_publish_now_accounts":{"facebook_102468208940364_894887317217274":""},"rop_publish_now_history":[{"account":"facebook_102468208940364_894887317217274","service":"facebook","timestamp":1768865936,"status":"success"}],"rop_publish_now_status":"done","footnotes":""},"categories":[29],"tags":[88,787,177,105,474,379,376,217,136,575,788,770,762,198,898,766,897,378,377],"class_list":["post-41906","post","type-post","status-publish","format-standard","has-post-thumbnail","hentry","category-destacados","tag-amlo","tag-claudia-sheinbaum-pardo","tag-delfina-gomez-alvarez","tag-dif-naucalpan","tag-el-mexiquense-vip","tag-en-vivo","tag-enterate","tag-gobierno-de-mexico","tag-gobierno-del-estado-de-mexico","tag-gobierno-municipal-de-naucalpan-de-juarez","tag-isaac-montoya-marquez","tag-luisa-maria-alcalde-lujan","tag-miguel-angel-zorro","tag-morena-naucalpan","tag-naucalpan-news","tag-noticias-naucalpan","tag-turismo-naucalpan","tag-ultimahora","tag-ultimas-noticias"],"_links":{"self":[{"href":"https:\/\/elmexiquense.vip\/index.php?rest_route=\/wp\/v2\/posts\/41906","targetHints":{"allow":["GET"]}}],"collection":[{"href":"https:\/\/elmexiquense.vip\/index.php?rest_route=\/wp\/v2\/posts"}],"about":[{"href":"https:\/\/elmexiquense.vip\/index.php?rest_route=\/wp\/v2\/types\/post"}],"author":[{"embeddable":true,"href":"https:\/\/elmexiquense.vip\/index.php?rest_route=\/wp\/v2\/users\/8"}],"replies":[{"embeddable":true,"href":"https:\/\/elmexiquense.vip\/index.php?rest_route=%2Fwp%2Fv2%2Fcomments&post=41906"}],"version-history":[{"count":1,"href":"https:\/\/elmexiquense.vip\/index.php?rest_route=\/wp\/v2\/posts\/41906\/revisions"}],"predecessor-version":[{"id":41908,"href":"https:\/\/elmexiquense.vip\/index.php?rest_route=\/wp\/v2\/posts\/41906\/revisions\/41908"}],"wp:featuredmedia":[{"embeddable":true,"href":"https:\/\/elmexiquense.vip\/index.php?rest_route=\/wp\/v2\/media\/41907"}],"wp:attachment":[{"href":"https:\/\/elmexiquense.vip\/index.php?rest_route=%2Fwp%2Fv2%2Fmedia&parent=41906"}],"wp:term":[{"taxonomy":"category","embeddable":true,"href":"https:\/\/elmexiquense.vip\/index.php?rest_route=%2Fwp%2Fv2%2Fcategories&post=41906"},{"taxonomy":"post_tag","embeddable":true,"href":"https:\/\/elmexiquense.vip\/index.php?rest_route=%2Fwp%2Fv2%2Ftags&post=41906"}],"curies":[{"name":"wp","href":"https:\/\/api.w.org\/{rel}","templated":true}]}}