{"id":41909,"date":"2026-01-19T17:46:08","date_gmt":"2026-01-19T23:46:08","guid":{"rendered":"https:\/\/elmexiquense.vip\/?p=41909"},"modified":"2026-01-19T19:41:55","modified_gmt":"2026-01-20T01:41:55","slug":"trabajamos-por-la-paz-de-las-familias-delfina-gomez-alvarez-encabeza-resultados-positivos-en-seguridad-desde-texcoco-claudiashein-gobiernomx","status":"publish","type":"post","link":"https:\/\/elmexiquense.vip\/?p=41909","title":{"rendered":"\u201cTrabajamos por la paz de las familias\u201d: Delfina G\u00f3mez \u00c1lvarez encabeza resultados positivos en seguridad desde Texcoco \/ @Claudiashein @GobiernoMX >>>"},"content":{"rendered":"\n<p><strong>#SeguridadEdom\u00e9x<\/strong> <strong>#MesaDePaz<\/strong> &#8212;&#8211; <strong>#GobiernoFederal<\/strong>,\u00a0<strong>#M\u00e9xico<\/strong>.-\u00a0Desde el emblem\u00e1tico <strong>Centro Cultural Bicentenario de Texcoco<\/strong>, la administraci\u00f3n estatal present\u00f3 resultados hist\u00f3ricos que transforman la tranquilidad de la Zona Oriente. Bajo la direcci\u00f3n diaria de la Gobernadora <strong>Delfina G\u00f3mez \u00c1lvarez<\/strong>, la <strong>Mesa de Paz<\/strong> ha consolidado una estrategia que hoy se traduce en cifras contundentes para la seguridad p\u00fablica. <strong>\u201cSeguiremos trabajando en coordinaci\u00f3n para la seguridad de las familias\u201d<\/strong>, afirm\u00f3 la Mandataria, al destacar que la unidad entre los tres \u00f3rdenes de gobierno es la base fundamental para devolver la paz a las comunidades que hist\u00f3ricamente han demandado mayor vigilancia y justicia.<\/p>\n\n\n\n<p>A <strong>300 d\u00edas de la implementaci\u00f3n<\/strong> del <strong>Mando Unificado Oriente<\/strong>, el General <strong>Alejandro Alc\u00e1ntara \u00c1vila<\/strong> report\u00f3 una disminuci\u00f3n del <strong>54 por ciento en el robo de veh\u00edculos<\/strong>. Este avance operativo ha permitido reducir la incidencia delictiva de casi diecis\u00e9is mil unidades a poco m\u00e1s de siete mil, logrando un control territorial sin precedentes.<\/p>\n\n\n\n<p>Asimismo, el homicidio doloso registr\u00f3 una baja del <strong>26 por ciento<\/strong>, pasando de 701 casos a solo 516 bajo este esquema de <strong>Estrategia Operativa Oriente<\/strong>. En estas acciones participan figuras clave como <strong>Horacio Duarte Olivares<\/strong>, <strong>Crist\u00f3bal Casta\u00f1eda Camarillo<\/strong>, <strong>Jos\u00e9 Luis Cervantes Mart\u00ednez<\/strong> y el edil <strong>Nazario Guti\u00e9rrez Mart\u00ednez<\/strong>, quienes supervisan el despliegue en quince municipios prioritarios del Valle de M\u00e9xico.<\/p>\n\n\n\n<p>La suma de esfuerzos con la <strong>Defensa, Marina y Guardia Nacional<\/strong> fortalece la vigilancia en puntos cr\u00edticos como Ecatepec, Nezahualc\u00f3yotl y Chalco. Gracias a esta labor conjunta, el gobierno mexiquense garantiza que el combate a la delincuencia sea <strong>permanente, sistem\u00e1tico y efectivo<\/strong>.<\/p>\n\n\n\n<p><strong>#ElMexiquenseVIP<\/strong>\u00a0\u2013<a href=\"https:\/\/www.facebook.com\/ElMexiquenseVIP\/\"><strong>El Mexiquense VIP<\/strong><\/a><\/p>\n\n\n\n<figure class=\"wp-block-image aligncenter size-large\"><img loading=\"lazy\" decoding=\"async\" width=\"1024\" height=\"683\" src=\"https:\/\/elmexiquense.vip\/wp-content\/uploads\/2026\/01\/secre-5-1024x683.jpg\" alt=\"\" class=\"wp-image-41910\"\/><\/figure>\n","protected":false},"excerpt":{"rendered":"<p>#SeguridadEdom\u00e9x #MesaDePaz &#8212;&#8211; #GobiernoFederal,\u00a0#M\u00e9xico.-\u00a0Desde el emblem\u00e1tico Centro Cultural Bicentenario de Texcoco, la administraci\u00f3n estatal present\u00f3 resultados hist\u00f3ricos que transforman la<\/p>\n","protected":false},"author":8,"featured_media":41910,"comment_status":"open","ping_status":"open","sticky":false,"template":"","format":"standard","meta":{"colormag_page_container_layout":"default_layout","colormag_page_sidebar_layout":"default_layout","rop_custom_images_group":[],"rop_custom_messages_group":[],"rop_publish_now":"no","rop_publish_now_accounts":{"facebook_102468208940364_894887317217274":""},"rop_publish_now_history":[{"account":"facebook_102468208940364_894887317217274","service":"facebook","timestamp":1768866390,"status":"success"}],"rop_publish_now_status":"done","footnotes":""},"categories":[33,107],"tags":[88,787,177,474,379,376,217,136,770,79,356,424,123,430,375,378,377],"class_list":["post-41909","post","type-post","status-publish","format-standard","has-post-thumbnail","hentry","category-eventos-especiales","category-secretarias","tag-amlo","tag-claudia-sheinbaum-pardo","tag-delfina-gomez-alvarez","tag-el-mexiquense-vip","tag-en-vivo","tag-enterate","tag-gobierno-de-mexico","tag-gobierno-del-estado-de-mexico","tag-luisa-maria-alcalde-lujan","tag-secretara-de-salud","tag-secretaria-de-bienestar","tag-secretaria-de-comunicaciones-y-transportes","tag-secretaria-de-cultura","tag-secretaria-de-educacion","tag-secretaria-de-la-mujer","tag-ultimahora","tag-ultimas-noticias"],"_links":{"self":[{"href":"https:\/\/elmexiquense.vip\/index.php?rest_route=\/wp\/v2\/posts\/41909","targetHints":{"allow":["GET"]}}],"collection":[{"href":"https:\/\/elmexiquense.vip\/index.php?rest_route=\/wp\/v2\/posts"}],"about":[{"href":"https:\/\/elmexiquense.vip\/index.php?rest_route=\/wp\/v2\/types\/post"}],"author":[{"embeddable":true,"href":"https:\/\/elmexiquense.vip\/index.php?rest_route=\/wp\/v2\/users\/8"}],"replies":[{"embeddable":true,"href":"https:\/\/elmexiquense.vip\/index.php?rest_route=%2Fwp%2Fv2%2Fcomments&post=41909"}],"version-history":[{"count":1,"href":"https:\/\/elmexiquense.vip\/index.php?rest_route=\/wp\/v2\/posts\/41909\/revisions"}],"predecessor-version":[{"id":41911,"href":"https:\/\/elmexiquense.vip\/index.php?rest_route=\/wp\/v2\/posts\/41909\/revisions\/41911"}],"wp:featuredmedia":[{"embeddable":true,"href":"https:\/\/elmexiquense.vip\/index.php?rest_route=\/wp\/v2\/media\/41910"}],"wp:attachment":[{"href":"https:\/\/elmexiquense.vip\/index.php?rest_route=%2Fwp%2Fv2%2Fmedia&parent=41909"}],"wp:term":[{"taxonomy":"category","embeddable":true,"href":"https:\/\/elmexiquense.vip\/index.php?rest_route=%2Fwp%2Fv2%2Fcategories&post=41909"},{"taxonomy":"post_tag","embeddable":true,"href":"https:\/\/elmexiquense.vip\/index.php?rest_route=%2Fwp%2Fv2%2Ftags&post=41909"}],"curies":[{"name":"wp","href":"https:\/\/api.w.org\/{rel}","templated":true}]}}