{"id":41912,"date":"2026-01-19T18:06:22","date_gmt":"2026-01-20T00:06:22","guid":{"rendered":"https:\/\/elmexiquense.vip\/?p=41912"},"modified":"2026-01-19T18:06:22","modified_gmt":"2026-01-20T00:06:22","slug":"el-programa-transformando-tlalnepantla-combate-la-abyeccion-de-los-espacios-publicos-con-empleo-temporal-y-servicios-racielperezc_-gob_tlalne","status":"publish","type":"post","link":"https:\/\/elmexiquense.vip\/?p=41912","title":{"rendered":"El programa \u201cTransformando Tlalnepantla\u201d combate la abyecci\u00f3n de los espacios p\u00fablicos con empleo temporal y servicios \/ @RacielPerezC_ @Gob_Tlalne >>"},"content":{"rendered":"\n<p><strong>#DerechoALaCiudad<\/strong> <strong>#CuartaTransformaci\u00f3n<\/strong> &#8212;&#8211; <strong>#TlalnepantlaDeBaz<\/strong>,\u00a0<strong>#EstadoDeM\u00e9xico<\/strong>.-\u00a0Con la determinaci\u00f3n de restituir el derecho a una vida plena y consolidar un entorno <strong>decoroso<\/strong>, el mandatario <strong>Raciel P\u00e9rez Cruz<\/strong> ha inaugurado el programa <strong>\u201cTransformando Tlalnepantla\u201d<\/strong>. Esta iniciativa no solo busca optimizar la <strong>infraestructura<\/strong>, sino erradicar la <strong>incuria<\/strong> que favorece los \u00edndices de inseguridad en las zonas m\u00e1s vulnerables del municipio. Al priorizar la recuperaci\u00f3n de espacios p\u00fablicos, el gobierno local garantiza que el <strong>bienestar<\/strong> nazca desde el territorio, permitiendo que cada familia recupere la confianza de caminar por senderos iluminados y libres de obst\u00e1culos.<\/p>\n\n\n\n<p>Bajo una modalidad de empleo temporal, el proyecto beneficia a doscientas ochenta y siete personas, quienes actuar\u00e1n como agentes de cambio <strong>denodados<\/strong>. El equipo, integrado por transformadores y monitores, ejecutar\u00e1 una labor <strong>loable<\/strong> en las jornadas de rescate y <strong>saneamiento<\/strong> de la imagen urbana local.<\/p>\n\n\n\n<p>Las cuadrillas intervendr\u00e1n con bacheo, poda y mantenimiento integral para mitigar el deterioro <strong>asf\u00e1ltico<\/strong> en las avenidas principales. El alcalde #<strong>RacielP\u00e9rezCruz<\/strong> enfatiz\u00f3 que una ciudad carente de servicios eficientes se vuelve <strong>propicia<\/strong> para la delincuencia, comprometiendo la <strong>integridad<\/strong> f\u00edsica de sus propios habitantes.<\/p>\n\n\n\n<figure class=\"wp-block-image aligncenter size-medium\"><img loading=\"lazy\" decoding=\"async\" width=\"275\" height=\"300\" src=\"https:\/\/elmexiquense.vip\/wp-content\/uploads\/2026\/01\/raci-2-2-e1768867514646-275x300.jpg\" alt=\"\" class=\"wp-image-41915\"\/><\/figure>\n\n\n\n<p>La transformaci\u00f3n actual proyecta un panorama <strong>fehaciente<\/strong> de progreso gracias a la estrecha <strong>vinculaci\u00f3n<\/strong> entre sociedad y gobierno. Esta estrategia, que encarna los principios de la <strong>Cuarta Transformaci\u00f3n<\/strong>, busca elevar la <strong>plusval\u00eda<\/strong> social mediante el trabajo conjunto con una ciudadan\u00eda <strong>participativa<\/strong> y consciente.<\/p>\n\n\n\n<p>El ayuntamiento reafirma su compromiso de trabajar de forma <strong>perenne<\/strong> en las calles para fortalecer la <strong>cohesi\u00f3n<\/strong> social. Se busca que el municipio destaque por su <strong>pulcritud<\/strong> y por ser un modelo de gesti\u00f3n p\u00fablica enfocada en las necesidades <strong>reales<\/strong>.<\/p>\n\n\n\n<p><strong>\u201cLa ciudad es un di\u00e1logo\u201d<\/strong>, afirmaba el arquitecto <strong>Italo Calvino<\/strong>, y hoy <strong>Tlalnepantla<\/strong> responde con una voz de <strong>esperanza<\/strong> y <strong>renovaci\u00f3n<\/strong>. Como expres\u00f3 <strong>Gabriel Garc\u00eda M\u00e1rquez<\/strong>: <strong>\u201cLa vida no es la que uno vivi\u00f3, sino la que uno recuerda y c\u00f3mo la recuerda para contarla\u201d<\/strong>. Esa memoria colectiva y luminosa es la que impulsa a la comunidad hacia un futuro m\u00e1s <strong>pr\u00f3spero<\/strong> y <strong>arm\u00f3nico<\/strong>.<\/p>\n\n\n\n<p><strong>#miangelzorro<\/strong><\/p>\n\n\n\n<p><strong>#ElMexiquenseVIP<\/strong>&nbsp;\u2013<a href=\"https:\/\/www.facebook.com\/ElMexiquenseVIP\/\"><strong>El Mexiquense VIP<\/strong><\/a><\/p>\n\n\n\n<figure class=\"wp-block-image aligncenter size-large\"><img loading=\"lazy\" decoding=\"async\" width=\"1024\" height=\"683\" src=\"https:\/\/elmexiquense.vip\/wp-content\/uploads\/2026\/01\/raci-1-1-1024x683.jpg\" alt=\"\" class=\"wp-image-41913\"\/><\/figure>\n","protected":false},"excerpt":{"rendered":"<p>#DerechoALaCiudad #CuartaTransformaci\u00f3n &#8212;&#8211; #TlalnepantlaDeBaz,\u00a0#EstadoDeM\u00e9xico.-\u00a0Con la determinaci\u00f3n de restituir el derecho a una vida plena y consolidar un entorno decoroso, el<\/p>\n","protected":false},"author":1,"featured_media":41913,"comment_status":"open","ping_status":"open","sticky":false,"template":"","format":"standard","meta":{"colormag_page_container_layout":"default_layout","colormag_page_sidebar_layout":"default_layout","rop_custom_images_group":[],"rop_custom_messages_group":[],"rop_publish_now":"no","rop_publish_now_accounts":{"facebook_102468208940364_894887317217274":""},"rop_publish_now_history":[{"account":"facebook_102468208940364_894887317217274","service":"facebook","timestamp":1768867600,"status":"success"}],"rop_publish_now_status":"done","footnotes":""},"categories":[29],"tags":[88,773,787,177,602,474,379,376,217,599,136,770,486,152,51,378,377],"class_list":["post-41912","post","type-post","status-publish","format-standard","has-post-thumbnail","hentry","category-destacados","tag-amlo","tag-andres-manuel-lopez-beltran","tag-claudia-sheinbaum-pardo","tag-delfina-gomez-alvarez","tag-dif-tlalnepantla","tag-el-mexiquense-vip","tag-en-vivo","tag-enterate","tag-gobierno-de-mexico","tag-gobierno-de-tlalnepantla-de-baz","tag-gobierno-del-estado-de-mexico","tag-luisa-maria-alcalde-lujan","tag-miguel-angel-ramirez-zorro","tag-municipio-de-tlalnepantla-de-baz","tag-raciel-perez-cruz","tag-ultimahora","tag-ultimas-noticias"],"_links":{"self":[{"href":"https:\/\/elmexiquense.vip\/index.php?rest_route=\/wp\/v2\/posts\/41912","targetHints":{"allow":["GET"]}}],"collection":[{"href":"https:\/\/elmexiquense.vip\/index.php?rest_route=\/wp\/v2\/posts"}],"about":[{"href":"https:\/\/elmexiquense.vip\/index.php?rest_route=\/wp\/v2\/types\/post"}],"author":[{"embeddable":true,"href":"https:\/\/elmexiquense.vip\/index.php?rest_route=\/wp\/v2\/users\/1"}],"replies":[{"embeddable":true,"href":"https:\/\/elmexiquense.vip\/index.php?rest_route=%2Fwp%2Fv2%2Fcomments&post=41912"}],"version-history":[{"count":1,"href":"https:\/\/elmexiquense.vip\/index.php?rest_route=\/wp\/v2\/posts\/41912\/revisions"}],"predecessor-version":[{"id":41916,"href":"https:\/\/elmexiquense.vip\/index.php?rest_route=\/wp\/v2\/posts\/41912\/revisions\/41916"}],"wp:featuredmedia":[{"embeddable":true,"href":"https:\/\/elmexiquense.vip\/index.php?rest_route=\/wp\/v2\/media\/41913"}],"wp:attachment":[{"href":"https:\/\/elmexiquense.vip\/index.php?rest_route=%2Fwp%2Fv2%2Fmedia&parent=41912"}],"wp:term":[{"taxonomy":"category","embeddable":true,"href":"https:\/\/elmexiquense.vip\/index.php?rest_route=%2Fwp%2Fv2%2Fcategories&post=41912"},{"taxonomy":"post_tag","embeddable":true,"href":"https:\/\/elmexiquense.vip\/index.php?rest_route=%2Fwp%2Fv2%2Ftags&post=41912"}],"curies":[{"name":"wp","href":"https:\/\/api.w.org\/{rel}","templated":true}]}}