{"id":41917,"date":"2026-01-19T19:38:51","date_gmt":"2026-01-20T01:38:51","guid":{"rendered":"https:\/\/elmexiquense.vip\/?p=41917"},"modified":"2026-01-19T19:41:04","modified_gmt":"2026-01-20T01:41:04","slug":"el-cambio-es-una-realidad-cuando-el-pueblo-se-organiza-elena-garcia-martinez-encabeza-una-jornada-de-interlocucion-egregia-elenagarciamtz_-25_27tultitlan","status":"publish","type":"post","link":"https:\/\/elmexiquense.vip\/?p=41917","title":{"rendered":"\u201cEl cambio es una realidad cuando el pueblo se organiza\u201d: Elena Garc\u00eda Mart\u00ednez encabeza una jornada de interlocuci\u00f3n egregia \/ @ElenaGarciaMtz_ @25_27Tultitlan >>>"},"content":{"rendered":"\n<p><strong>#DemocraciaDesdeLaBase<\/strong> <strong>#PuebloOrganizado<\/strong> &#8212;&#8211; <strong>#Tultitl\u00e1n, #EstadoDeM\u00e9xico<\/strong>.- Como un ejercicio de transparencia y cercan\u00eda que busca erradicar cualquier s\u00edntoma de <strong>anomia<\/strong> social, la legisladora <strong>Elena Garc\u00eda Mart\u00ednez<\/strong> encabez\u00f3 la asamblea en la <strong>Secci\u00f3n 5497<\/strong>. Durante este encuentro, la representante del distrito 11 en <strong>Tultitl\u00e1n de Mariano Escobedo<\/strong> subray\u00f3 la relevancia de estos foros para la vida p\u00fablica estatal. La diputada local foment\u00f3 una escucha <strong>proactiva<\/strong>, destacando que la organizaci\u00f3n vecinal es el motor que impulsa las grandes transformaciones y garantiza que las necesidades del pueblo sean atendidas con prontitud y estricto apego a la justicia social.<\/p>\n\n\n\n<p><strong>\u201cEstas asambleas fortalecen la vida democr\u00e1tica, permiten escuchar al pueblo y construir acuerdos desde la base\u201d<\/strong>, asever\u00f3 <strong>#ElenaGarc\u00edaMart\u00ednez<\/strong>. La funcionaria destac\u00f3 que la participaci\u00f3n ciudadana no es un acto <strong>contingente<\/strong>, sino la columna vertebral de un sistema de gobierno que privilegia el bienestar colectivo sobre intereses particulares.<\/p>\n\n\n\n<figure class=\"wp-block-image aligncenter size-medium\"><img loading=\"lazy\" decoding=\"async\" width=\"286\" height=\"300\" src=\"https:\/\/elmexiquense.vip\/wp-content\/uploads\/2026\/01\/elena-2-e1768872645779-286x300.jpg\" alt=\"\" class=\"wp-image-41918\"\/><\/figure>\n\n\n\n<p>En este espacio de di\u00e1logo, los residentes de la <strong>Secci\u00f3n 5497<\/strong> manifestaron sus inquietudes, ejerciendo un derecho <strong>inalienable<\/strong> a la libre expresi\u00f3n y gesti\u00f3n p\u00fablica. La organizaci\u00f3n comunitaria se consolid\u00f3 como una herramienta de cohesi\u00f3n <strong>indispensable<\/strong> para el desarrollo equitativo de las familias asentadas en el municipio mexiquense.<\/p>\n\n\n\n<p><strong>\u201cCuando la comunidad se organiza y participa, el cambio se convierte en realidad\u201d<\/strong>, finaliz\u00f3 la legisladora ante un auditorio participativo. Este cierre refleja la visi\u00f3n <strong>teleol\u00f3gica<\/strong> de su gesti\u00f3n, orientada a que cada acuerdo pactado hoy rinda frutos en la posteridad para las futuras generaciones mexiquenses de manera <strong>fehaciente<\/strong>.<\/p>\n\n\n\n<p>Como bien afirmaba <strong>Arist\u00f3teles<\/strong>, <strong>\u201cla democracia perfecta solo puede existir en una sociedad de ciudadanos virtuosos\u201d<\/strong>, premisa que hoy define el rumbo pol\u00edtico de Tultitl\u00e1n.<\/p>\n\n\n\n<p><strong>#miangelzorro<\/strong><\/p>\n\n\n\n<p><strong>#ElMexiquenseVIP<\/strong>&nbsp;\u2013<a href=\"https:\/\/www.facebook.com\/ElMexiquenseVIP\/\"><strong>El Mexiquense VIP<\/strong><\/a><\/p>\n\n\n\n<figure class=\"wp-block-image aligncenter size-large\"><img loading=\"lazy\" decoding=\"async\" width=\"1024\" height=\"763\" src=\"https:\/\/elmexiquense.vip\/wp-content\/uploads\/2026\/01\/elena-1-e1768872761543-1024x763.jpg\" alt=\"\" class=\"wp-image-41919\"\/><\/figure>\n","protected":false},"excerpt":{"rendered":"<p>#DemocraciaDesdeLaBase #PuebloOrganizado &#8212;&#8211; #Tultitl\u00e1n, #EstadoDeM\u00e9xico.- Como un ejercicio de transparencia y cercan\u00eda que busca erradicar cualquier s\u00edntoma de anomia social,<\/p>\n","protected":false},"author":1,"featured_media":41919,"comment_status":"open","ping_status":"open","sticky":false,"template":"","format":"standard","meta":{"colormag_page_container_layout":"default_layout","colormag_page_sidebar_layout":"default_layout","rop_custom_images_group":[],"rop_custom_messages_group":[],"rop_publish_now":"no","rop_publish_now_accounts":{"facebook_102468208940364_894887317217274":""},"rop_publish_now_history":[{"account":"facebook_102468208940364_894887317217274","service":"facebook","timestamp":1768873156,"status":"success"}],"rop_publish_now_status":"done","footnotes":""},"categories":[690,30],"tags":[88,749,773,787,177,102,49,379,376,217,136,770,762,435,439,378,377],"class_list":["post-41917","post","type-post","status-publish","format-standard","has-post-thumbnail","hentry","category-legisladores","category-ultima-hora","tag-amlo","tag-ana-castro-fernandez","tag-andres-manuel-lopez-beltran","tag-claudia-sheinbaum-pardo","tag-delfina-gomez-alvarez","tag-dif-tultitlan","tag-elena-garcia-martinez","tag-en-vivo","tag-enterate","tag-gobierno-de-mexico","tag-gobierno-del-estado-de-mexico","tag-luisa-maria-alcalde-lujan","tag-miguel-angel-zorro","tag-noticias-estado-de-mexico","tag-noticias-tultitlan","tag-ultimahora","tag-ultimas-noticias"],"_links":{"self":[{"href":"https:\/\/elmexiquense.vip\/index.php?rest_route=\/wp\/v2\/posts\/41917","targetHints":{"allow":["GET"]}}],"collection":[{"href":"https:\/\/elmexiquense.vip\/index.php?rest_route=\/wp\/v2\/posts"}],"about":[{"href":"https:\/\/elmexiquense.vip\/index.php?rest_route=\/wp\/v2\/types\/post"}],"author":[{"embeddable":true,"href":"https:\/\/elmexiquense.vip\/index.php?rest_route=\/wp\/v2\/users\/1"}],"replies":[{"embeddable":true,"href":"https:\/\/elmexiquense.vip\/index.php?rest_route=%2Fwp%2Fv2%2Fcomments&post=41917"}],"version-history":[{"count":1,"href":"https:\/\/elmexiquense.vip\/index.php?rest_route=\/wp\/v2\/posts\/41917\/revisions"}],"predecessor-version":[{"id":41920,"href":"https:\/\/elmexiquense.vip\/index.php?rest_route=\/wp\/v2\/posts\/41917\/revisions\/41920"}],"wp:featuredmedia":[{"embeddable":true,"href":"https:\/\/elmexiquense.vip\/index.php?rest_route=\/wp\/v2\/media\/41919"}],"wp:attachment":[{"href":"https:\/\/elmexiquense.vip\/index.php?rest_route=%2Fwp%2Fv2%2Fmedia&parent=41917"}],"wp:term":[{"taxonomy":"category","embeddable":true,"href":"https:\/\/elmexiquense.vip\/index.php?rest_route=%2Fwp%2Fv2%2Fcategories&post=41917"},{"taxonomy":"post_tag","embeddable":true,"href":"https:\/\/elmexiquense.vip\/index.php?rest_route=%2Fwp%2Fv2%2Ftags&post=41917"}],"curies":[{"name":"wp","href":"https:\/\/api.w.org\/{rel}","templated":true}]}}