{"id":42147,"date":"2026-02-04T20:49:22","date_gmt":"2026-02-05T02:49:22","guid":{"rendered":"https:\/\/elmexiquense.vip\/?p=42147"},"modified":"2026-02-09T20:51:34","modified_gmt":"2026-02-10T02:51:34","slug":"transformacion-urbana-en-huixquilucan-romina-contreras-inaugura-repavimentaciones-que-elevan-la-plusvalia-y-movilidad-ciudadana-rominacdv-huixquigob","status":"publish","type":"post","link":"https:\/\/elmexiquense.vip\/?p=42147","title":{"rendered":"Transformaci\u00f3n urbana en Huixquilucan: Romina Contreras inaugura repavimentaciones que elevan la plusval\u00eda y movilidad ciudadana \/ @RominaCDV @HuixquiGob >>>"},"content":{"rendered":"\n<p><strong>#HuixquilucanAvanza<\/strong> <strong>#ObraP\u00fablica2026<\/strong> &#8212;&#8211; <strong>#Huixquilucan<\/strong>\u00a0<strong>#EstadoDeM\u00e9xico<\/strong>.-\u00a0En un acto de notable <strong>altruismo<\/strong> gubernamental, la alcaldesa <strong>#RominaContrerasCarrasco<\/strong> presidi\u00f3 la inauguraci\u00f3n de cuatro arterias viales totalmente renovadas en la <strong>Zona Popular<\/strong>. Esta transformaci\u00f3n integral busca erradicar la <strong>desidia<\/strong> en el mantenimiento urbano, optimizando la movilidad y elevando la plusval\u00eda de los hogares mexiquenses de manera inmediata. Mediante un plan estrat\u00e9gico, la administraci\u00f3n garantiza un entorno digno que fortalece la seguridad de quienes transitan diariamente por estas rutas. La entrega de estas obras simboliza un avance sustancial en la consolidaci\u00f3n de un municipio moderno, ordenado y profundamente humano.<\/p>\n\n\n\n<p>La renovaci\u00f3n incluy\u00f3 calles emblem\u00e1ticas como <strong>El Laurel<\/strong> en <strong>Palo Solo<\/strong> y <strong>Francisco Casta\u00f1eda<\/strong>, donde la <strong>pulcritud<\/strong> del nuevo asfalto redefine el paisaje cotidiano. Asimismo, en <strong>Jes\u00fas del Monte<\/strong> y la colonia <strong>Federal Burocr\u00e1tica<\/strong>, los trabajos ejecutados exhiben una <strong>resiliencia<\/strong> estructural dise\u00f1ada para soportar el flujo vehicular constante sin deteriorarse. Estas intervenciones son el resultado de una planeaci\u00f3n minuciosa que prioriza la conectividad en puntos neur\u00e1lgicos, facilitando el traslado seguro de las familias. El compromiso de la gesti\u00f3n es visible en cada kil\u00f3metro rehabilitado para el beneficio com\u00fan.<\/p>\n\n\n\n<p>Bajo la direcci\u00f3n de <strong>Romina Contreras<\/strong>, el <strong>Plan de Obra P\u00fablica<\/strong> mantiene una din\u00e1mica <strong>incesante<\/strong> que abarca las tres zonas geogr\u00e1ficas de la demarcaci\u00f3n local. La alcaldesa enfatiz\u00f3 que la <strong>prosperidad<\/strong> de Huixquilucan se fundamenta en la calidad de sus servicios y la solidez de su infraestructura b\u00e1sica. <strong>\u00abHuixquilucan seguir\u00e1 siendo uno de los mejores lugares para vivir\u00bb<\/strong>, asegur\u00f3 con determinaci\u00f3n durante el corte de list\u00f3n ante los vecinos. La meta es clara: mantener el liderazgo estatal en renovaci\u00f3n vial mediante una inversi\u00f3n transparente y orientada a resultados tangibles.<\/p>\n\n\n\n<figure class=\"wp-block-image aligncenter size-medium\"><img loading=\"lazy\" decoding=\"async\" width=\"263\" height=\"300\" src=\"https:\/\/elmexiquense.vip\/wp-content\/uploads\/2026\/02\/romina-1-e1770089304270-263x300.jpg\" alt=\"\" class=\"wp-image-42149\"\/><\/figure>\n\n\n\n<p>Finalmente, la mandataria reafirm\u00f3 que cada proyecto busca la <strong>expropiaci\u00f3n<\/strong> de la inseguridad y el caos para sustituirlos por orden y bienestar colectivo. Con una visi\u00f3n <strong>long\u00e1nime<\/strong>, la administraci\u00f3n proyecta nuevas etapas de pavimentaci\u00f3n que alcancen hasta el \u00faltimo rinc\u00f3n del territorio municipal pr\u00f3ximamente. <strong>\u00abCon estas obras y proyectos buscamos elevar la calidad de vida\u00bb<\/strong>, concluy\u00f3 la presidenta, demostrando que el progreso en Huixquilucan es una realidad que se construye d\u00eda con d\u00eda.<\/p>\n\n\n\n<p>La culminaci\u00f3n de estas tareas ratifica que el crecimiento ordenado es la base de la armon\u00eda, pues como afirm\u00f3 <strong>John Ruskin<\/strong>: <strong>\u00abLa calidad nunca es un accidente; siempre es el resultado de un esfuerzo de la inteligencia\u00bb<\/strong>.  <strong>#Plusval\u00edaHuixquilucan<\/strong> \u2013 <strong>#MejorLugarParaVivir<\/strong> <\/p>\n\n\n\n<p><strong>#miangelzorro<\/strong><\/p>\n\n\n\n<p><strong>#ElMexiquenseVIP<\/strong>&nbsp;\u2013<a href=\"https:\/\/www.facebook.com\/ElMexiquenseVIP\/\"><strong>El Mexiquense VIP<\/strong><\/a><\/p>\n\n\n\n<figure class=\"wp-block-image aligncenter size-large\"><img loading=\"lazy\" decoding=\"async\" width=\"1024\" height=\"819\" src=\"https:\/\/elmexiquense.vip\/wp-content\/uploads\/2026\/02\/romina-2-e1770089407743-1024x819.jpg\" alt=\"\" class=\"wp-image-42150\"\/><\/figure>\n","protected":false},"excerpt":{"rendered":"<p>#HuixquilucanAvanza #ObraP\u00fablica2026 &#8212;&#8211; #Huixquilucan\u00a0#EstadoDeM\u00e9xico.-\u00a0En un acto de notable altruismo gubernamental, la alcaldesa #RominaContrerasCarrasco presidi\u00f3 la inauguraci\u00f3n de cuatro arterias viales<\/p>\n","protected":false},"author":1,"featured_media":42150,"comment_status":"open","ping_status":"open","sticky":false,"template":"","format":"standard","meta":{"colormag_page_container_layout":"default_layout","colormag_page_sidebar_layout":"default_layout","rop_custom_images_group":[],"rop_custom_messages_group":[],"rop_publish_now":"no","rop_publish_now_accounts":{"facebook_102468208940364_894887317217274":""},"rop_publish_now_history":[{"account":"facebook_102468208940364_894887317217274","service":"facebook","timestamp":1770089686,"status":"success"}],"rop_publish_now_status":"done","footnotes":""},"categories":[73],"tags":[436,787,177,91,379,45,376,217,136,149,777,762,427,414,378,377],"class_list":["post-42147","post","type-post","status-publish","format-standard","has-post-thumbnail","hentry","category-sobresaliente","tag-cdm-pan-huixquilucan","tag-claudia-sheinbaum-pardo","tag-delfina-gomez-alvarez","tag-dif-huixquilucan","tag-en-vivo","tag-enrique-vargas-del-villar","tag-enterate","tag-gobierno-de-mexico","tag-gobierno-del-estado-de-mexico","tag-gobierno-municipal-de-huixquilucan","tag-jorge-romero-herrera","tag-miguel-angel-zorro","tag-noticias-huixquilucan","tag-romina-contreras-carrasco","tag-ultimahora","tag-ultimas-noticias"],"_links":{"self":[{"href":"https:\/\/elmexiquense.vip\/index.php?rest_route=\/wp\/v2\/posts\/42147","targetHints":{"allow":["GET"]}}],"collection":[{"href":"https:\/\/elmexiquense.vip\/index.php?rest_route=\/wp\/v2\/posts"}],"about":[{"href":"https:\/\/elmexiquense.vip\/index.php?rest_route=\/wp\/v2\/types\/post"}],"author":[{"embeddable":true,"href":"https:\/\/elmexiquense.vip\/index.php?rest_route=\/wp\/v2\/users\/1"}],"replies":[{"embeddable":true,"href":"https:\/\/elmexiquense.vip\/index.php?rest_route=%2Fwp%2Fv2%2Fcomments&post=42147"}],"version-history":[{"count":1,"href":"https:\/\/elmexiquense.vip\/index.php?rest_route=\/wp\/v2\/posts\/42147\/revisions"}],"predecessor-version":[{"id":42151,"href":"https:\/\/elmexiquense.vip\/index.php?rest_route=\/wp\/v2\/posts\/42147\/revisions\/42151"}],"wp:featuredmedia":[{"embeddable":true,"href":"https:\/\/elmexiquense.vip\/index.php?rest_route=\/wp\/v2\/media\/42150"}],"wp:attachment":[{"href":"https:\/\/elmexiquense.vip\/index.php?rest_route=%2Fwp%2Fv2%2Fmedia&parent=42147"}],"wp:term":[{"taxonomy":"category","embeddable":true,"href":"https:\/\/elmexiquense.vip\/index.php?rest_route=%2Fwp%2Fv2%2Fcategories&post=42147"},{"taxonomy":"post_tag","embeddable":true,"href":"https:\/\/elmexiquense.vip\/index.php?rest_route=%2Fwp%2Fv2%2Ftags&post=42147"}],"curies":[{"name":"wp","href":"https:\/\/api.w.org\/{rel}","templated":true}]}}