{"id":42525,"date":"2026-04-23T12:40:48","date_gmt":"2026-04-23T18:40:48","guid":{"rendered":"https:\/\/elmexiquense.vip\/?p=42525"},"modified":"2026-04-23T21:06:24","modified_gmt":"2026-04-24T03:06:24","slug":"el-dif-nicolas-romero-consolida-la-autonomia-financiera-de-las-familias-mediante-talleres-gratuitos-de-capacitacion-y-autoempleo","status":"publish","type":"post","link":"https:\/\/elmexiquense.vip\/?p=42525","title":{"rendered":"El DIF Nicol\u00e1s Romero consolida la autonom\u00eda financiera de las familias mediante talleres gratuitos de capacitaci\u00f3n y autoempleo \/ @yosemendozar @DIFNR_2527"},"content":{"rendered":"\n<p><strong>#AccionSocial<\/strong> &#8211; <strong>#Autoempleo<\/strong> &#8212;&#8211; <strong>#Nicol\u00e1sRomero<\/strong>,\u00a0<strong>#EstadoDeM\u00e9xico<\/strong>.- Con el firme prop\u00f3sito de fortalecer la econom\u00eda familiar y el desarrollo de competencias locales, el <strong>#DIFNicol\u00e1sRomero<\/strong> encabez\u00f3 una extraordinaria exhibici\u00f3n de <strong>talleres de capacitaci\u00f3n y autoempleo<\/strong> en el Subsistema de <strong>Fuentes de San Jos\u00e9<\/strong>. Esta jornada de servicios <strong>completamente gratuitos<\/strong> permiti\u00f3 que cientos de ciudadanos accedieran a herramientas pr\u00e1cticas para el emprendimiento, consolidando un modelo de bienestar social que prioriza el crecimiento personal. <strong>#Capacitaci\u00f3nDIF #EmprendimientoLocal<\/strong><\/p>\n\n\n\n<p>Durante el evento, los asistentes participaron activamente en diversas estaciones que incluyeron desde <strong>corte de cabello<\/strong> y aplicaci\u00f3n de u\u00f1as hasta t\u00e9cnicas avanzadas de <strong>faciales y masajes relajantes<\/strong>. La creatividad tambi\u00e9n tuvo un espacio protag\u00f3nico mediante la <strong>elaboraci\u00f3n de figuras con estambre<\/strong> y clases de m\u00fasica, actividades dise\u00f1adas para fomentar la salud mental y la cohesi\u00f3n comunitaria.<\/p>\n\n\n\n<figure class=\"wp-block-image aligncenter size-medium\"><img loading=\"lazy\" decoding=\"async\" width=\"300\" height=\"241\" src=\"https:\/\/elmexiquense.vip\/wp-content\/uploads\/2026\/03\/DIF-N-2-e1772476142610-300x241.jpg\" alt=\"\" class=\"wp-image-42526\"\/><\/figure>\n\n\n\n<p>La instituci\u00f3n subray\u00f3 que estas disciplinas no son eventos aislados, sino parte de una oferta acad\u00e9mica permanente para todos los residentes de la zona. Como puntualiz\u00f3 el personal del <strong>DIF Nicol\u00e1s Romero<\/strong>, \u00abestos mismos talleres se imparten en el <strong>Subsistema DIF<\/strong> ubicado en Avenida de las Universidades, donde con gusto los recibiremos de lunes a viernes en un horario de <strong>8:00 a 17:00 horas<\/strong>\u00ab.<\/p>\n\n\n\n<p>Esta iniciativa reafirma el compromiso de las autoridades por transformar el entorno social a trav\u00e9s del conocimiento y el apoyo t\u00e9cnico directo. Al brindar estas oportunidades sin costo, se construye un camino s\u00f3lido hacia la <strong>autonom\u00eda financiera<\/strong> y una mejor calidad de vida para las familias de <strong>Nicol\u00e1s Romero<\/strong>.<\/p>\n\n\n\n<p><strong>#ElMexiquenseVIP<\/strong>\u00a0\u2013<a href=\"https:\/\/www.facebook.com\/ElMexiquenseVIP\/\"><strong>El Mexiquense VIP<\/strong><\/a><\/p>\n\n\n\n<figure class=\"wp-block-image aligncenter size-full\"><img decoding=\"async\" src=\"https:\/\/elmexiquense.vip\/wp-content\/uploads\/2026\/03\/DIF-N-1-e1772476207310.jpg\" alt=\"\" class=\"wp-image-42527\"\/><\/figure>\n","protected":false},"excerpt":{"rendered":"<p>#AccionSocial &#8211; #Autoempleo &#8212;&#8211; #Nicol\u00e1sRomero,\u00a0#EstadoDeM\u00e9xico.- Con el firme prop\u00f3sito de fortalecer la econom\u00eda familiar y el desarrollo de competencias locales,<\/p>\n","protected":false},"author":8,"featured_media":42528,"comment_status":"open","ping_status":"open","sticky":false,"template":"","format":"standard","meta":{"colormag_page_container_layout":"default_layout","colormag_page_sidebar_layout":"default_layout","rop_custom_images_group":[],"rop_custom_messages_group":[],"rop_publish_now":"no","rop_publish_now_accounts":{"facebook_102468208940364_894887317217274":""},"rop_publish_now_history":[{"account":"facebook_102468208940364_894887317217274","service":"facebook","timestamp":1772477125,"status":"success"}],"rop_publish_now_status":"done","footnotes":""},"categories":[683,31],"tags":[861,787,177,531,474,379,376,217,136,839,507,846,909,378,377,838,908],"class_list":["post-42525","post","type-post","status-publish","format-standard","has-post-thumbnail","hentry","category-dif","category-principales","tag-adolfo-solis-gomez","tag-claudia-sheinbaum-pardo","tag-delfina-gomez-alvarez","tag-dif-nicolas-romero","tag-el-mexiquense-vip","tag-en-vivo","tag-enterate","tag-gobierno-de-mexico","tag-gobierno-del-estado-de-mexico","tag-gobierno-municipal-de-nicolas-romero","tag-morena-nicolas-romero","tag-noticias-nicolas-romero","tag-turismo-nicolas-romero","tag-ultimahora","tag-ultimas-noticias","tag-yoselin-mendoza-ramirez","tag-yoselin-nanyeli-mendoza-ramirez"],"_links":{"self":[{"href":"https:\/\/elmexiquense.vip\/index.php?rest_route=\/wp\/v2\/posts\/42525","targetHints":{"allow":["GET"]}}],"collection":[{"href":"https:\/\/elmexiquense.vip\/index.php?rest_route=\/wp\/v2\/posts"}],"about":[{"href":"https:\/\/elmexiquense.vip\/index.php?rest_route=\/wp\/v2\/types\/post"}],"author":[{"embeddable":true,"href":"https:\/\/elmexiquense.vip\/index.php?rest_route=\/wp\/v2\/users\/8"}],"replies":[{"embeddable":true,"href":"https:\/\/elmexiquense.vip\/index.php?rest_route=%2Fwp%2Fv2%2Fcomments&post=42525"}],"version-history":[{"count":3,"href":"https:\/\/elmexiquense.vip\/index.php?rest_route=\/wp\/v2\/posts\/42525\/revisions"}],"predecessor-version":[{"id":42531,"href":"https:\/\/elmexiquense.vip\/index.php?rest_route=\/wp\/v2\/posts\/42525\/revisions\/42531"}],"wp:featuredmedia":[{"embeddable":true,"href":"https:\/\/elmexiquense.vip\/index.php?rest_route=\/wp\/v2\/media\/42528"}],"wp:attachment":[{"href":"https:\/\/elmexiquense.vip\/index.php?rest_route=%2Fwp%2Fv2%2Fmedia&parent=42525"}],"wp:term":[{"taxonomy":"category","embeddable":true,"href":"https:\/\/elmexiquense.vip\/index.php?rest_route=%2Fwp%2Fv2%2Fcategories&post=42525"},{"taxonomy":"post_tag","embeddable":true,"href":"https:\/\/elmexiquense.vip\/index.php?rest_route=%2Fwp%2Fv2%2Ftags&post=42525"}],"curies":[{"name":"wp","href":"https:\/\/api.w.org\/{rel}","templated":true}]}}