{"id":42577,"date":"2026-03-13T17:15:54","date_gmt":"2026-03-13T23:15:54","guid":{"rendered":"https:\/\/elmexiquense.vip\/?p=42577"},"modified":"2026-03-16T17:45:26","modified_gmt":"2026-03-16T23:45:26","slug":"juanita-carrillo-y-rodrigo-reyna-inauguran-infraestructura-de-salud-sin-precedentes-para-transformar-la-vida-de-las-familias-cuautitlenses-ayytocuautitlan","status":"publish","type":"post","link":"https:\/\/elmexiquense.vip\/?p=42577","title":{"rendered":"Juanita Carrillo y Diego Reyna inauguran infraestructura de salud sin precedentes para transformar la vida de las familias cuautitlenses \/ @AyytoCuautitlan"},"content":{"rendered":"\n<p><strong>#Rehabilitaci\u00f3nIntegral<\/strong> &#8211; <strong>#BienestarFamiliar<\/strong> &#8212;&#8211; <strong>#Cuautitl\u00e1nDeRomeroRubio<\/strong>. <strong>#EstadoDeM\u00e9xico<\/strong>.- Como bien sentenci\u00f3 Ralph Waldo Emerson, \u00abla primera riqueza es la salud\u00bb, una premisa que hoy cobra un sentido <strong>meridiano<\/strong> en el coraz\u00f3n de <strong>#Cuautitl\u00e1n <\/strong>mediante la gesti\u00f3n de la alcaldesa <strong>#JuanitaCarrilloLuna<\/strong>, quien con una visi\u00f3n <strong>altruista<\/strong> ha consolidado en <strong>#<strong>Cuautitl\u00e1nTransforma<\/strong><\/strong> una obra que redefine la asistencia social. <strong>\u00abEste acto de justicia distributiva no solo dota al municipio de tecnolog\u00eda m\u00e9dica de punta, sino que establece un precedente de bienestar que garantiza a cada ciudadano el acceso a una vida plena y digna<\/strong>\u00ab, inform\u00f3 el presidente honorario del <strong>DIF Municipal<\/strong>, <strong>#DiegoReynaCarrillo<\/strong>.<\/p>\n\n\n\n<p><strong>Diego Reyna Carrillo<\/strong>, reafirm\u00f3 que bajo la visi\u00f3n de la <strong>Cuarta Transformaci\u00f3n<\/strong>, la medicina de alta especialidad es hoy un derecho accesible para todos. <strong>\u00abEste complejo regional de hidroterapia simboliza un avance t\u00e9cnico sin precedentes que prioriza la dignidad humana y el bienestar social de los sectores m\u00e1s vulnerables<\/strong>\u00ab.<\/p>\n\n\n\n<p>Con una superficie de 27 metros cuadrados y tecnolog\u00eda de filtraci\u00f3n automatizada, este recinto permite el tratamiento simult\u00e1neo de quince pacientes bajo est\u00e1ndares internacionales de seguridad. La infraestructura incluye una <strong>soberbia<\/strong> bomba de calor que mantiene el agua a 35 grados, ideal para la recuperaci\u00f3n de lesiones neurol\u00f3gicas y fracturas complejas. <strong>\u00abPara garantizar la inclusi\u00f3n total, se instal\u00f3 una gr\u00faa especializada con capacidad de 115 kilogramos, facilitando el acceso a personas con movilidad severamente limitada\u00bb<\/strong>, inform\u00f3 el presidente del <strong>DIF Municipal<\/strong> con actitud <strong>denodada<\/strong>.<\/p>\n\n\n\n<figure class=\"wp-block-image aligncenter size-medium\"><img loading=\"lazy\" decoding=\"async\" width=\"300\" height=\"200\" src=\"https:\/\/elmexiquense.vip\/wp-content\/uploads\/2026\/03\/cuauti-3-e1772658041947-300x200.jpg\" alt=\"\" class=\"wp-image-42578\"\/><\/figure>\n\n\n\n<p>Durante el recorrido oficial, <strong>Diego Reyna<\/strong> destac\u00f3 que <strong>\u00abla rehabilitaci\u00f3n es una de las demandas m\u00e1s recurrentes\u00bb<\/strong> de la ciudadan\u00eda, motivo por el cual se implementaron costos sumamente asequibles. El titular del organismo asistencial enfatiz\u00f3 que el centro ofrece servicios que abarcan desde neurocirug\u00eda hasta odontolog\u00eda, posicionando al <strong>URIS<\/strong> como un referente estatal con car\u00e1cter <strong>eximio<\/strong>. Adem\u00e1s, se anunci\u00f3 con tono <strong>perentorio<\/strong> la pr\u00f3xima llegada de un mast\u00f3grafo en Santa Elena y el equipamiento integral de la cl\u00ednica ubicada en San Mateo.<\/p>\n\n\n\n<p><strong>\u00abInvitamos a los habitantes a beneficiarse de estas instalaciones de primera calidad situadas en la Colonia Romita\u00bb<\/strong>, finaliz\u00f3 <strong>Diego Reyna<\/strong>. Los interesados deben acudir directamente a la recepci\u00f3n para agendar su cita de valoraci\u00f3n y acceder a terapias f\u00edsicas personalizadas en un entorno seguro y <strong>pl\u00e1cido<\/strong>. Con acciones de este calibre, <strong>Juanita Carrillo<\/strong> consolida un modelo de gesti\u00f3n donde la inversi\u00f3n p\u00fablica se traduce fielmente en una mejor calidad de vida con visi\u00f3n <strong>long\u00e1nime<\/strong>.<\/p>\n\n\n\n<p>\u00abLa felicidad radica, ante todo, en la salud\u00bb, afirm\u00f3 George William Curtis, reflejando el esp\u00edritu de un gobierno y un DIF Municipal que trabajan por la <strong>prosperidad<\/strong> com\u00fan de forma <strong>incansable<\/strong>. <strong>#AccionesQueTransforman<\/strong> &#8211; <strong>#SanarParaServir<\/strong><\/p>\n\n\n\n<p><strong>#miangelzorro<\/strong><\/p>\n\n\n\n<p><strong>#ElMexiquenseVIP<\/strong>\u00a0\u2013<a href=\"https:\/\/www.facebook.com\/ElMexiquenseVIP\/\"><strong>El Mexiquense VIP<\/strong><\/a><\/p>\n\n\n\n<figure class=\"wp-block-image aligncenter size-large\"><img loading=\"lazy\" decoding=\"async\" width=\"1024\" height=\"657\" src=\"https:\/\/elmexiquense.vip\/wp-content\/uploads\/2026\/03\/Cuauti-11-e1772658140119-1024x657.jpg\" alt=\"\" class=\"wp-image-42579\"\/><\/figure>\n","protected":false},"excerpt":{"rendered":"<p>#Rehabilitaci\u00f3nIntegral &#8211; #BienestarFamiliar &#8212;&#8211; #Cuautitl\u00e1nDeRomeroRubio. #EstadoDeM\u00e9xico.- Como bien sentenci\u00f3 Ralph Waldo Emerson, \u00abla primera riqueza es la salud\u00bb, una premisa<\/p>\n","protected":false},"author":1,"featured_media":42579,"comment_status":"open","ping_status":"open","sticky":false,"template":"","format":"standard","meta":{"colormag_page_container_layout":"default_layout","colormag_page_sidebar_layout":"default_layout","rop_custom_images_group":[],"rop_custom_messages_group":[],"rop_publish_now":"no","rop_publish_now_accounts":{"facebook_102468208940364_894887317217274":""},"rop_publish_now_history":[{"account":"facebook_102468208940364_894887317217274","service":"facebook","timestamp":1772658491,"status":"success"}],"rop_publish_now_status":"done","footnotes":""},"categories":[34],"tags":[88,773,787,468,177,474,379,376,217,136,754,770,762,469,910,378,377],"class_list":["post-42577","post","type-post","status-publish","format-standard","has-post-thumbnail","hentry","category-alcaldesas","tag-amlo","tag-andres-manuel-lopez-beltran","tag-claudia-sheinbaum-pardo","tag-cuautitlan-mexico","tag-delfina-gomez-alvarez","tag-el-mexiquense-vip","tag-en-vivo","tag-enterate","tag-gobierno-de-mexico","tag-gobierno-del-estado-de-mexico","tag-juanita-carrillo-luna","tag-luisa-maria-alcalde-lujan","tag-miguel-angel-zorro","tag-noticias-cuautitlan","tag-turismo-cuautitlan","tag-ultimahora","tag-ultimas-noticias"],"_links":{"self":[{"href":"https:\/\/elmexiquense.vip\/index.php?rest_route=\/wp\/v2\/posts\/42577","targetHints":{"allow":["GET"]}}],"collection":[{"href":"https:\/\/elmexiquense.vip\/index.php?rest_route=\/wp\/v2\/posts"}],"about":[{"href":"https:\/\/elmexiquense.vip\/index.php?rest_route=\/wp\/v2\/types\/post"}],"author":[{"embeddable":true,"href":"https:\/\/elmexiquense.vip\/index.php?rest_route=\/wp\/v2\/users\/1"}],"replies":[{"embeddable":true,"href":"https:\/\/elmexiquense.vip\/index.php?rest_route=%2Fwp%2Fv2%2Fcomments&post=42577"}],"version-history":[{"count":2,"href":"https:\/\/elmexiquense.vip\/index.php?rest_route=\/wp\/v2\/posts\/42577\/revisions"}],"predecessor-version":[{"id":42581,"href":"https:\/\/elmexiquense.vip\/index.php?rest_route=\/wp\/v2\/posts\/42577\/revisions\/42581"}],"wp:featuredmedia":[{"embeddable":true,"href":"https:\/\/elmexiquense.vip\/index.php?rest_route=\/wp\/v2\/media\/42579"}],"wp:attachment":[{"href":"https:\/\/elmexiquense.vip\/index.php?rest_route=%2Fwp%2Fv2%2Fmedia&parent=42577"}],"wp:term":[{"taxonomy":"category","embeddable":true,"href":"https:\/\/elmexiquense.vip\/index.php?rest_route=%2Fwp%2Fv2%2Fcategories&post=42577"},{"taxonomy":"post_tag","embeddable":true,"href":"https:\/\/elmexiquense.vip\/index.php?rest_route=%2Fwp%2Fv2%2Ftags&post=42577"}],"curies":[{"name":"wp","href":"https:\/\/api.w.org\/{rel}","templated":true}]}}