{"id":42596,"date":"2026-03-15T16:00:21","date_gmt":"2026-03-15T22:00:21","guid":{"rendered":"https:\/\/elmexiquense.vip\/?p=42596"},"modified":"2026-03-15T18:23:56","modified_gmt":"2026-03-16T00:23:56","slug":"romina-contreras-carrasco-reafirma-su-compromiso-con-el-bienestar-social-mediante-una-escucha-proclive-y-resolutiva-en-huixquilucan-rominacdv-huixquigob","status":"publish","type":"post","link":"https:\/\/elmexiquense.vip\/?p=42596","title":{"rendered":"Romina Contreras Carrasco reafirma su compromiso con el bienestar social mediante una escucha proclive y resolutiva en Huixquilucan \u00a0\/ @RominaCDV @HuixquiGob >>>"},"content":{"rendered":"\n<p><strong>#GobernanzaHumana<\/strong> &#8211; <strong><strong>#NoticiasM\u00e9xico<\/strong><\/strong> &#8212;&#8211; <strong>#HuixquilucanDeDegollado<\/strong>\u00a0<strong>#EstadoDeM\u00e9xico<\/strong>.-\u00a0Como bien afirm\u00f3 S\u00e9neca, \u00abel que ayuda a los dem\u00e1s se ayuda a s\u00ed mismo\u00bb, una m\u00e1xima que cobra un matiz <strong>meridiano<\/strong> en la gesti\u00f3n de la alcaldesa de <strong>#Huixquilucan<\/strong>, <strong>#RominaContrerasCarrasco<\/strong>, quien al encabezar la jornada <strong>#HuixquilucanContigo24\/7<\/strong> en Valle de las Palmas ha logrado una <strong>eclosi\u00f3n<\/strong> de bienestar social bajo el estandarte de <strong>#Contigo24Siete<\/strong>. Esta iniciativa de gobernanza directa garantiza que las necesidades de la comunidad dejen de ser un concepto distante para convertirse en soluciones tangibles que dignifican la vida cotidiana.<\/p>\n\n\n\n<p>La mandataria local despleg\u00f3 a los integrantes de su gabinete en una labor <strong>denodada<\/strong> de atenci\u00f3n ciudadana, permitiendo que cada colono intercambiara inquietudes con los responsables del orden p\u00fablico. <strong>\u00abEste ejercicio de di\u00e1logo horizontal, lejos de ser un acto balad\u00ed, consolida un modelo de gesti\u00f3n basado en la cercan\u00eda y la eficiencia operativa\u00bb<\/strong>, aseguro <strong>Romina Contreras.<\/strong> El reconocimiento de la poblaci\u00f3n hacia el liderazgo de la administraci\u00f3n municipal se fundamenta en la capacidad de respuesta inmediata ante las solicitudes que emanan del territorio.<\/p>\n\n\n\n<p>Desde su instauraci\u00f3n, este exitoso programa ha mantenido una trayectoria <strong>eximia<\/strong>, recorriendo cada fraccionamiento y colonia con la finalidad de fortalecer el tejido social de la demarcaci\u00f3n. La alcaldesa subray\u00f3 que cuando un gobierno escucha con actitud <strong>proclive<\/strong>, la ciudadan\u00eda se siente valorada y respetada en su derecho a una administraci\u00f3n transparente. \u00ab<strong>Estas visitas constantes aseguran que la infraestructura y los servicios b\u00e1sicos operen con una fluidez que beneficia directamente la salud y seguridad de los huixquiluquenses\u00bb<\/strong>.<\/p>\n\n\n\n<figure class=\"wp-block-image aligncenter size-medium\"><img loading=\"lazy\" decoding=\"async\" width=\"300\" height=\"300\" src=\"https:\/\/elmexiquense.vip\/wp-content\/uploads\/2026\/03\/romi-2-e1772671960607-300x300.jpg\" alt=\"\" class=\"wp-image-42597\"\/><\/figure>\n\n\n\n<p>La jornada culmin\u00f3 con el compromiso de mantener una presencia <strong>perentoria<\/strong> en las zonas m\u00e1s apartadas, reafirmando que el contacto directo es el cimiento de la justicia social. Los habitantes de Valle de las Palmas celebraron la <strong>prosperidad<\/strong> que estas acciones atraen al entorno local, facilitando un desarrollo humano integral y armonioso. Con la implementaci\u00f3n continua de estas estrategias, la administraci\u00f3n de <strong>Romina Contreras<\/strong> se posiciona como un referente de pol\u00edtica p\u00fablica humanizada que pone al ciudadano en el centro del poder.<\/p>\n\n\n\n<p>\u00abLa felicidad radica en la paz del alma\u00bb, sentenci\u00f3 George William Curtis, reflejando el esp\u00edritu de un Administraci\u00f3n municipal que cultiva la <strong>estabilidad<\/strong> comunitaria con una entrega <strong>incansable<\/strong> en Huixquilucan.   <strong>#Transformaci\u00f3nSocial<\/strong> &#8211; <strong>#LiderazgoConCercan\u00eda<\/strong><\/p>\n\n\n\n<p><strong>#miangelzorro<\/strong><\/p>\n\n\n\n<p><strong>#ElMexiquenseVIP<\/strong>&nbsp;\u2013<a href=\"https:\/\/www.facebook.com\/ElMexiquenseVIP\/\"><strong>El Mexiquense VIP<\/strong><\/a><\/p>\n\n\n\n<figure class=\"wp-block-image aligncenter size-large\"><img loading=\"lazy\" decoding=\"async\" width=\"1024\" height=\"683\" src=\"https:\/\/elmexiquense.vip\/wp-content\/uploads\/2026\/03\/romi-1-1024x683.jpg\" alt=\"\" class=\"wp-image-42598\"\/><\/figure>\n","protected":false},"excerpt":{"rendered":"<p>#GobernanzaHumana &#8211; #NoticiasM\u00e9xico &#8212;&#8211; #HuixquilucanDeDegollado\u00a0#EstadoDeM\u00e9xico.-\u00a0Como bien afirm\u00f3 S\u00e9neca, \u00abel que ayuda a los dem\u00e1s se ayuda a s\u00ed mismo\u00bb, una<\/p>\n","protected":false},"author":1,"featured_media":42598,"comment_status":"open","ping_status":"open","sticky":false,"template":"","format":"standard","meta":{"colormag_page_container_layout":"default_layout","colormag_page_sidebar_layout":"default_layout","rop_custom_images_group":[],"rop_custom_messages_group":[],"rop_publish_now":"no","rop_publish_now_accounts":{"facebook_102468208940364_894887317217274":""},"rop_publish_now_history":[{"account":"facebook_102468208940364_894887317217274","service":"facebook","timestamp":1772672447,"status":"success"}],"rop_publish_now_status":"done","footnotes":""},"categories":[73],"tags":[436,787,177,91,379,45,376,217,136,149,777,762,427,414,378,377],"class_list":["post-42596","post","type-post","status-publish","format-standard","has-post-thumbnail","hentry","category-sobresaliente","tag-cdm-pan-huixquilucan","tag-claudia-sheinbaum-pardo","tag-delfina-gomez-alvarez","tag-dif-huixquilucan","tag-en-vivo","tag-enrique-vargas-del-villar","tag-enterate","tag-gobierno-de-mexico","tag-gobierno-del-estado-de-mexico","tag-gobierno-municipal-de-huixquilucan","tag-jorge-romero-herrera","tag-miguel-angel-zorro","tag-noticias-huixquilucan","tag-romina-contreras-carrasco","tag-ultimahora","tag-ultimas-noticias"],"_links":{"self":[{"href":"https:\/\/elmexiquense.vip\/index.php?rest_route=\/wp\/v2\/posts\/42596","targetHints":{"allow":["GET"]}}],"collection":[{"href":"https:\/\/elmexiquense.vip\/index.php?rest_route=\/wp\/v2\/posts"}],"about":[{"href":"https:\/\/elmexiquense.vip\/index.php?rest_route=\/wp\/v2\/types\/post"}],"author":[{"embeddable":true,"href":"https:\/\/elmexiquense.vip\/index.php?rest_route=\/wp\/v2\/users\/1"}],"replies":[{"embeddable":true,"href":"https:\/\/elmexiquense.vip\/index.php?rest_route=%2Fwp%2Fv2%2Fcomments&post=42596"}],"version-history":[{"count":1,"href":"https:\/\/elmexiquense.vip\/index.php?rest_route=\/wp\/v2\/posts\/42596\/revisions"}],"predecessor-version":[{"id":42599,"href":"https:\/\/elmexiquense.vip\/index.php?rest_route=\/wp\/v2\/posts\/42596\/revisions\/42599"}],"wp:featuredmedia":[{"embeddable":true,"href":"https:\/\/elmexiquense.vip\/index.php?rest_route=\/wp\/v2\/media\/42598"}],"wp:attachment":[{"href":"https:\/\/elmexiquense.vip\/index.php?rest_route=%2Fwp%2Fv2%2Fmedia&parent=42596"}],"wp:term":[{"taxonomy":"category","embeddable":true,"href":"https:\/\/elmexiquense.vip\/index.php?rest_route=%2Fwp%2Fv2%2Fcategories&post=42596"},{"taxonomy":"post_tag","embeddable":true,"href":"https:\/\/elmexiquense.vip\/index.php?rest_route=%2Fwp%2Fv2%2Ftags&post=42596"}],"curies":[{"name":"wp","href":"https:\/\/api.w.org\/{rel}","templated":true}]}}