{"id":42604,"date":"2026-03-04T19:33:33","date_gmt":"2026-03-05T01:33:33","guid":{"rendered":"https:\/\/elmexiquense.vip\/?p=42604"},"modified":"2026-03-04T19:33:33","modified_gmt":"2026-03-05T01:33:33","slug":"el-gobierno-de-mexico-fortalece-la-soberania-patrimonial-con-la-entrega-de-nuevas-viviendas-en-el-desarrollo-andares-del-jazmin-claudiashein-gobiernomx","status":"publish","type":"post","link":"https:\/\/elmexiquense.vip\/?p=42604","title":{"rendered":"El Gobierno de M\u00e9xico fortalece la soberan\u00eda patrimonial con la entrega de nuevas viviendas en el desarrollo Andares del Jazm\u00edn \u00a0\/ @Claudiashein @GobiernoMX >>>"},"content":{"rendered":"\n<p><strong>#ViviendaParaTodos<\/strong> &#8211; <strong>#JusticiaSocial<\/strong>  &#8212;&#8211; <strong>#GobiernoFederal<\/strong>,\u00a0<strong>#M\u00e9xico<\/strong>.-\u00a0Desde el coraz\u00f3n de Palacio Nacional, la Presidenta <strong>#ClaudiaSheinbaumPardo <\/strong>transform\u00f3 el panorama patrimonial de Colima al encabezar la entrega de 27 hogares en el desarrollo <strong>\u00abAndares del Jazm\u00edn IV\u00bb<\/strong>. Este acto, enmarcado en el ambicioso proyecto nacional de edificar 1.8 millones de viviendas, representa un hito de justicia social para las familias beneficiadas. Durante este \u00ab<strong>#Mi\u00e9rcolesDeVivienda<\/strong>\u00ab, la Jefa del Ejecutivo Federal reafirm\u00f3 que la prioridad de su gobierno es brindar seguridad y bienestar a la clase trabajadora. <strong><strong>#PatrimonioFamiliar<\/strong> #ClaudiaSheinbaum<\/strong><\/p>\n\n\n\n<p>En compa\u00f1\u00eda de la gobernadora <strong>Indira Vizca\u00edno Silva<\/strong> y del titular del Infonavit, <strong>Octavio Romero Oropeza<\/strong>, se destac\u00f3 que en lo que va del 2026 ya se han otorgado 797 inmuebles en 12 entidades federativas. La mandataria estatal subray\u00f3 que estas acciones son prueba de una <strong>\u00abvisi\u00f3n transformadora\u00bb<\/strong> donde se gestiona con voluntad pol\u00edtica y compromiso humano. Por su parte, la beneficiaria <strong>Ricarda Huerta Pizano<\/strong> expres\u00f3 su gratitud al recibir las llaves de su nuevo patrimonio, lo que pondr\u00e1 fin a a\u00f1os de pago de rentas.<\/p>\n\n\n\n<p>La secretaria de Sedatu, <strong>Edna Elena Vega Rangel<\/strong>, detall\u00f3 que la meta en la entidad colimense se increment\u00f3 a 19 mil viviendas, respaldada por una inversi\u00f3n hist\u00f3rica de <strong>11 mil 400 millones de pesos<\/strong>. Este despliegue financiero no solo garantiza techos dignos, sino que impulsa la econom\u00eda local mediante la creaci\u00f3n de <strong>57 mil empleos directos<\/strong>. Asimismo, se inform\u00f3 que el programa de regularizaci\u00f3n de escrituras presenta un avance significativo, otorgando certeza jur\u00eddica a cientos de propietarios que antes carec\u00edan de documentos oficiales.<\/p>\n\n\n\n<p>Este esfuerzo coordinado entre niveles de gobierno consolida una pol\u00edtica habitacional incluyente que prioriza las necesidades de quienes menos tienen en todo el territorio mexicano. Con el arranque de nuevas obras y la meta de alcanzar la soberan\u00eda patrimonial, la administraci\u00f3n federal garantiza que el desarrollo urbano sea ordenado y con sentido humano. Al concluir el enlace, la Presidenta reiter\u00f3 que el acceso a un hogar adecuado es un derecho irrenunciable que su gesti\u00f3n proteger\u00e1 con absoluta determinaci\u00f3n y transparencia.<\/p>\n\n\n\n<p><strong>#ElMexiquenseVIP<\/strong>\u00a0\u2013<a href=\"https:\/\/www.facebook.com\/ElMexiquenseVIP\/\"><strong>El Mexiquense VIP<\/strong><\/a><\/p>\n\n\n\n<figure class=\"wp-block-image aligncenter size-full\"><img loading=\"lazy\" decoding=\"async\" width=\"650\" height=\"400\" src=\"https:\/\/elmexiquense.vip\/wp-content\/uploads\/2026\/03\/clau-0.png\" alt=\"\" class=\"wp-image-42605\" srcset=\"https:\/\/elmexiquense.vip\/wp-content\/uploads\/2026\/03\/clau-0.png 650w, https:\/\/elmexiquense.vip\/wp-content\/uploads\/2026\/03\/clau-0-300x185.png 300w\" sizes=\"auto, (max-width: 650px) 100vw, 650px\" \/><\/figure>\n","protected":false},"excerpt":{"rendered":"<p>#ViviendaParaTodos &#8211; #JusticiaSocial &#8212;&#8211; #GobiernoFederal,\u00a0#M\u00e9xico.-\u00a0Desde el coraz\u00f3n de Palacio Nacional, la Presidenta #ClaudiaSheinbaumPardo transform\u00f3 el panorama patrimonial de Colima al<\/p>\n","protected":false},"author":8,"featured_media":42605,"comment_status":"open","ping_status":"open","sticky":false,"template":"","format":"standard","meta":{"colormag_page_container_layout":"default_layout","colormag_page_sidebar_layout":"default_layout","rop_custom_images_group":[],"rop_custom_messages_group":[],"rop_publish_now":"no","rop_publish_now_accounts":{"facebook_102468208940364_894887317217274":""},"rop_publish_now_history":[{"account":"facebook_102468208940364_894887317217274","service":"facebook","timestamp":1772674432,"status":"success"}],"rop_publish_now_status":"done","footnotes":""},"categories":[690,31],"tags":[88,787,177,474,379,376,217,136,770,79,356,424,123,430,375,378,377],"class_list":["post-42604","post","type-post","status-publish","format-standard","has-post-thumbnail","hentry","category-legisladores","category-principales","tag-amlo","tag-claudia-sheinbaum-pardo","tag-delfina-gomez-alvarez","tag-el-mexiquense-vip","tag-en-vivo","tag-enterate","tag-gobierno-de-mexico","tag-gobierno-del-estado-de-mexico","tag-luisa-maria-alcalde-lujan","tag-secretara-de-salud","tag-secretaria-de-bienestar","tag-secretaria-de-comunicaciones-y-transportes","tag-secretaria-de-cultura","tag-secretaria-de-educacion","tag-secretaria-de-la-mujer","tag-ultimahora","tag-ultimas-noticias"],"_links":{"self":[{"href":"https:\/\/elmexiquense.vip\/index.php?rest_route=\/wp\/v2\/posts\/42604","targetHints":{"allow":["GET"]}}],"collection":[{"href":"https:\/\/elmexiquense.vip\/index.php?rest_route=\/wp\/v2\/posts"}],"about":[{"href":"https:\/\/elmexiquense.vip\/index.php?rest_route=\/wp\/v2\/types\/post"}],"author":[{"embeddable":true,"href":"https:\/\/elmexiquense.vip\/index.php?rest_route=\/wp\/v2\/users\/8"}],"replies":[{"embeddable":true,"href":"https:\/\/elmexiquense.vip\/index.php?rest_route=%2Fwp%2Fv2%2Fcomments&post=42604"}],"version-history":[{"count":1,"href":"https:\/\/elmexiquense.vip\/index.php?rest_route=\/wp\/v2\/posts\/42604\/revisions"}],"predecessor-version":[{"id":42606,"href":"https:\/\/elmexiquense.vip\/index.php?rest_route=\/wp\/v2\/posts\/42604\/revisions\/42606"}],"wp:featuredmedia":[{"embeddable":true,"href":"https:\/\/elmexiquense.vip\/index.php?rest_route=\/wp\/v2\/media\/42605"}],"wp:attachment":[{"href":"https:\/\/elmexiquense.vip\/index.php?rest_route=%2Fwp%2Fv2%2Fmedia&parent=42604"}],"wp:term":[{"taxonomy":"category","embeddable":true,"href":"https:\/\/elmexiquense.vip\/index.php?rest_route=%2Fwp%2Fv2%2Fcategories&post=42604"},{"taxonomy":"post_tag","embeddable":true,"href":"https:\/\/elmexiquense.vip\/index.php?rest_route=%2Fwp%2Fv2%2Ftags&post=42604"}],"curies":[{"name":"wp","href":"https:\/\/api.w.org\/{rel}","templated":true}]}}