{"id":42607,"date":"2026-03-04T19:54:16","date_gmt":"2026-03-05T01:54:16","guid":{"rendered":"https:\/\/elmexiquense.vip\/?p=42607"},"modified":"2026-03-04T19:54:16","modified_gmt":"2026-03-05T01:54:16","slug":"sergio-luna-cortes-apuesta-por-la-seguridad-del-peaton-y-una-fluidez-vehicular-denodada-al-transformar-las-arterias-neuralgicas-de-tultepec-delfinagomeza-edomex","status":"publish","type":"post","link":"https:\/\/elmexiquense.vip\/?p=42607","title":{"rendered":"Sergio Luna Cort\u00e9s apuesta por la seguridad del peat\u00f3n y una fluidez vehicular denodada al transformar las arterias neur\u00e1lgicas de Tultepec \/ @delfinagomeza @Edomex"},"content":{"rendered":"\n<p><strong>#VialidadesDignas<\/strong> &#8211; <strong>#EdomexSeguro<\/strong> &#8212;&#8211; <strong>#Tultepec<\/strong>,\u00a0<strong>#EstadoDeM\u00e9xico<\/strong>.-\u00a0Como bien afirm\u00f3 Marco Aurelio, \u00abel valor de una ciudad se mide por el bienestar de quienes la habitan\u00bb, una premisa que cobra un matiz <strong>meridiano<\/strong> en la gesti\u00f3n de <strong>#SergioLunaCort\u00e9s<\/strong>, quien al transformar <strong>#TultepecAvanza<\/strong> ha logrado una <strong>eclosi\u00f3n<\/strong> de eficiencia vial bajo el estandarte de <strong>#MovilidadSegura<\/strong>. Esta reingenier\u00eda en la Avenida Toluca garantiza que los traslados de la comunidad dejen de ser un proceso l\u00e1nguido para convertirse en una din\u00e1mica fluida que dignifica el tiempo de cada ciudadano.<\/p>\n\n\n\n<p>El mandatario local supervisa una labor <strong>denodada<\/strong> de modernizaci\u00f3n que incluye la instalaci\u00f3n de sem\u00e1foros de \u00faltima generaci\u00f3n, actualmente en fase de verificaci\u00f3n t\u00e9cnica. Este ejercicio de planeaci\u00f3n urbana, lejos de ser un acto <strong>balad\u00ed<\/strong>, integra la reconstrucci\u00f3n de guarniciones y banquetas para salvaguardar la integridad de los peatones. <strong>\u00abEl proyecto ejecutivo contempla, asimismo, la eliminaci\u00f3n de la glorieta para erradicar cuellos de botella y permitir una circulaci\u00f3n vehicular mucho m\u00e1s \u00e1gil y ordenada\u00bb<\/strong>, explic\u00f3.<\/p>\n\n\n\n<p>Como parte de esta visi\u00f3n <strong>eximia<\/strong>, se ha proyectado que la totalidad de la arteria ser\u00e1 revestida con concreto hidr\u00e1ulico para asegurar una durabilidad estructural sin precedentes. <strong>\u00abEvitamos cualquier soluci\u00f3n provisional al apostar por materiales de alta resistencia que soporten el flujo constante de esta v\u00eda neur\u00e1lgica de la demarcaci\u00f3n\u00bb<\/strong>, puntualiz\u00f3 Sergio Luna. Con esta obra, se garantiza una infraestructura resiliente que reduce los costos de mantenimiento y eleva significativamente el valor del entorno urbano para los residentes.<\/p>\n\n\n\n<figure class=\"wp-block-image aligncenter size-medium\"><img loading=\"lazy\" decoding=\"async\" width=\"300\" height=\"282\" src=\"https:\/\/elmexiquense.vip\/wp-content\/uploads\/2026\/03\/sergio-2-e1772675321825-300x282.jpg\" alt=\"\" class=\"wp-image-42608\"\/><\/figure>\n\n\n\n<p>La jornada de obra p\u00fablica reafirma el compromiso de consolidar un municipio funcional mediante una log\u00edstica <strong>perentoria<\/strong> que minimice las molestias durante la ejecuci\u00f3n de los trabajos. Los habitantes celebran la <strong>prosperidad<\/strong> que estas acciones proyectan, facilitando una conectividad regional que posiciona a la localidad como un referente de modernidad y seguridad vial. Con la entrega de calles funcionales, el gobierno de <strong>Sergio Luna<\/strong> demuestra que la voluntad pol\u00edtica se traduce en una mejor calidad de vida para todos.<\/p>\n\n\n\n<p>\u00abLa belleza de una calle es el reflejo de la armon\u00eda de su pueblo\u00bb, sentenci\u00f3 John Ruskin, confirmando que la <strong>estabilidad<\/strong> social en Tultepec florece donde existe una infraestructura <strong>sacrosanta<\/strong>.   <strong>#InfraestructuraSegura<\/strong> &#8211; <strong>#CalleParaTodos<\/strong><\/p>\n\n\n\n<p><strong>#miangelzorro<\/strong><\/p>\n\n\n\n<p><strong>#ElMexiquenseVIP<\/strong>\u00a0\u2013<a href=\"https:\/\/www.facebook.com\/ElMexiquenseVIP\/\"><strong>El Mexiquense VIP<\/strong><\/a><\/p>\n\n\n\n<figure class=\"wp-block-image aligncenter size-large\"><img loading=\"lazy\" decoding=\"async\" width=\"1024\" height=\"746\" src=\"https:\/\/elmexiquense.vip\/wp-content\/uploads\/2026\/03\/sergio-0-e1772675426666-1024x746.jpg\" alt=\"\" class=\"wp-image-42609\"\/><\/figure>\n","protected":false},"excerpt":{"rendered":"<p>#VialidadesDignas &#8211; #EdomexSeguro &#8212;&#8211; #Tultepec,\u00a0#EstadoDeM\u00e9xico.-\u00a0Como bien afirm\u00f3 Marco Aurelio, \u00abel valor de una ciudad se mide por el bienestar de<\/p>\n","protected":false},"author":1,"featured_media":42609,"comment_status":"open","ping_status":"open","sticky":false,"template":"","format":"standard","meta":{"colormag_page_container_layout":"default_layout","colormag_page_sidebar_layout":"default_layout","rop_custom_images_group":[],"rop_custom_messages_group":[],"rop_publish_now":"no","rop_publish_now_accounts":{"facebook_102468208940364_894887317217274":""},"rop_publish_now_history":[{"account":"facebook_102468208940364_894887317217274","service":"facebook","timestamp":1772675683,"status":"success"}],"rop_publish_now_status":"done","footnotes":""},"categories":[522],"tags":[88,787,177,474,379,376,217,136,762,791,435,792,790,895,378,377],"class_list":["post-42607","post","type-post","status-publish","format-standard","has-post-thumbnail","hentry","category-municipios","tag-amlo","tag-claudia-sheinbaum-pardo","tag-delfina-gomez-alvarez","tag-el-mexiquense-vip","tag-en-vivo","tag-enterate","tag-gobierno-de-mexico","tag-gobierno-del-estado-de-mexico","tag-miguel-angel-zorro","tag-municipio-de-tultepec","tag-noticias-estado-de-mexico","tag-noticias-tultepec","tag-sergio-luna-cortes","tag-turismo-tultepec","tag-ultimahora","tag-ultimas-noticias"],"_links":{"self":[{"href":"https:\/\/elmexiquense.vip\/index.php?rest_route=\/wp\/v2\/posts\/42607","targetHints":{"allow":["GET"]}}],"collection":[{"href":"https:\/\/elmexiquense.vip\/index.php?rest_route=\/wp\/v2\/posts"}],"about":[{"href":"https:\/\/elmexiquense.vip\/index.php?rest_route=\/wp\/v2\/types\/post"}],"author":[{"embeddable":true,"href":"https:\/\/elmexiquense.vip\/index.php?rest_route=\/wp\/v2\/users\/1"}],"replies":[{"embeddable":true,"href":"https:\/\/elmexiquense.vip\/index.php?rest_route=%2Fwp%2Fv2%2Fcomments&post=42607"}],"version-history":[{"count":1,"href":"https:\/\/elmexiquense.vip\/index.php?rest_route=\/wp\/v2\/posts\/42607\/revisions"}],"predecessor-version":[{"id":42610,"href":"https:\/\/elmexiquense.vip\/index.php?rest_route=\/wp\/v2\/posts\/42607\/revisions\/42610"}],"wp:featuredmedia":[{"embeddable":true,"href":"https:\/\/elmexiquense.vip\/index.php?rest_route=\/wp\/v2\/media\/42609"}],"wp:attachment":[{"href":"https:\/\/elmexiquense.vip\/index.php?rest_route=%2Fwp%2Fv2%2Fmedia&parent=42607"}],"wp:term":[{"taxonomy":"category","embeddable":true,"href":"https:\/\/elmexiquense.vip\/index.php?rest_route=%2Fwp%2Fv2%2Fcategories&post=42607"},{"taxonomy":"post_tag","embeddable":true,"href":"https:\/\/elmexiquense.vip\/index.php?rest_route=%2Fwp%2Fv2%2Ftags&post=42607"}],"curies":[{"name":"wp","href":"https:\/\/api.w.org\/{rel}","templated":true}]}}