{"id":42615,"date":"2026-03-15T10:47:00","date_gmt":"2026-03-15T16:47:00","guid":{"rendered":"https:\/\/elmexiquense.vip\/?p=42615"},"modified":"2026-03-15T18:22:39","modified_gmt":"2026-03-16T00:22:39","slug":"aun-estas-a-tiempo-delfina-gomez-alvarez-invita-a-estudiantes-a-sumarse-al-servicio-social-comunitario-para-el-bienestar-2026-delfinagomeza-edomex","status":"publish","type":"post","link":"https:\/\/elmexiquense.vip\/?p=42615","title":{"rendered":"\u00a1A\u00fan est\u00e1s a tiempo! Delfina G\u00f3mez \u00c1lvarez invita a estudiantes a sumarse al Servicio Social Comunitario para el Bienestar 2026\u00a0\/ @delfinagomeza @Edomex"},"content":{"rendered":"\n<p><strong>#EdomexBienestar<\/strong> &#8211; <strong>#ServicioSocial2026<\/strong> &#8212;&#8211; <strong>#EstadoDeM\u00e9xico<\/strong>,\u00a0<strong>#M\u00e9xico<\/strong>.-\u00a0Bajo la premisa de fortalecer el tejido social mexiquense, el Gobierno del Estado de M\u00e9xico, a trav\u00e9s de la <strong>Secretar\u00eda de Educaci\u00f3n, Ciencia, Tecnolog\u00eda e Innovaci\u00f3n<\/strong>, convoca a estudiantes de nivel superior y t\u00e9cnico al Programa de <strong>#ServicioSocialComunitarioParaElBienestar<\/strong>. Esta noble iniciativa busca canalizar el talento acad\u00e9mico hacia los <strong>125 municipios<\/strong> de la entidad, priorizando la solidaridad en zonas de atenci\u00f3n prioritaria. El registro para esta oportunidad de retribuci\u00f3n ciudadana concluir\u00e1 este pr\u00f3ximo <strong>5 de marzo de 2026<\/strong>. <strong>#EdomexBienestar #ServicioSocial2026<\/strong><\/p>\n\n\n\n<p>Los j\u00f3venes interesados en aplicar sus conocimientos en favor de la comunidad deber\u00e1n haber acreditado al menos el <strong>50 por ciento<\/strong> de su plan de estudios vigente. Como reconocimiento a su compromiso, el programa otorgar\u00e1 est\u00edmulos econ\u00f3micos mensuales que oscilan entre los <strong>900 y mil 100 pesos<\/strong>, dependiendo del grado acad\u00e9mico del prestador. El registro digital se realiza mediante las plataformas oficiales de la <strong>SECTI<\/strong>, donde cada aspirante deber\u00e1 capturar su informaci\u00f3n para la posterior valoraci\u00f3n de competencias.<\/p>\n\n\n\n<p>Para formalizar la inscripci\u00f3n, los alumnos deben presentar su <strong>CURP<\/strong>, comprobante de residencia en el estado y la carta de presentaci\u00f3n expedida por su plantel educativo. La preselecci\u00f3n se llevar\u00e1 a cabo dentro de cada instituci\u00f3n, evaluando la vocaci\u00f3n de servicio de quienes deseen transformar positivamente su entorno local. Los resultados finales de este proceso se publicar\u00e1n el <strong>13 de marzo de 2026<\/strong>, marcando el inicio de una etapa fundamental para el desarrollo profesional y humano.<\/p>\n\n\n\n<p>Esta convocatoria representa un puente s\u00f3lido entre el sector educativo y las necesidades m\u00e1s apremiantes de las comunidades en condiciones de marginaci\u00f3n. Al fomentar una participaci\u00f3n activa y emp\u00e1tica, el gobierno estatal asegura que el aprendizaje obtenido en las aulas se traduzca en <strong>\u00abbeneficios tangibles para la poblaci\u00f3n\u00bb<\/strong>. La autoridad pone a disposici\u00f3n el tel\u00e9fono <strong>(722) 2 15 86 54<\/strong> para resolver cualquier duda t\u00e9cnica y asegurar que ning\u00fan estudiante pierda la oportunidad de servir.<\/p>\n\n\n\n<p><strong>#ElMexiquenseVIP<\/strong>\u00a0\u2013<a href=\"https:\/\/www.facebook.com\/ElMexiquenseVIP\/\"><strong>El Mexiquense VIP<\/strong><\/a><\/p>\n\n\n\n<figure class=\"wp-block-image aligncenter size-large\"><img loading=\"lazy\" decoding=\"async\" width=\"1024\" height=\"682\" src=\"https:\/\/elmexiquense.vip\/wp-content\/uploads\/2026\/03\/secre-1024x682.jpg\" alt=\"\" class=\"wp-image-42616\"\/><\/figure>\n","protected":false},"excerpt":{"rendered":"<p>#EdomexBienestar &#8211; #ServicioSocial2026 &#8212;&#8211; #EstadoDeM\u00e9xico,\u00a0#M\u00e9xico.-\u00a0Bajo la premisa de fortalecer el tejido social mexiquense, el Gobierno del Estado de M\u00e9xico, a<\/p>\n","protected":false},"author":8,"featured_media":42616,"comment_status":"open","ping_status":"open","sticky":false,"template":"","format":"standard","meta":{"colormag_page_container_layout":"default_layout","colormag_page_sidebar_layout":"default_layout","rop_custom_images_group":[],"rop_custom_messages_group":[],"rop_publish_now":"no","rop_publish_now_accounts":{"facebook_102468208940364_894887317217274":""},"rop_publish_now_history":[{"account":"facebook_102468208940364_894887317217274","service":"facebook","timestamp":1772678893,"status":"success"}],"rop_publish_now_status":"done","footnotes":""},"categories":[33,107],"tags":[88,773,787,177,369,870,474,379,376,217,136,770,435,902],"class_list":["post-42615","post","type-post","status-publish","format-standard","has-post-thumbnail","hentry","category-eventos-especiales","category-secretarias","tag-amlo","tag-andres-manuel-lopez-beltran","tag-claudia-sheinbaum-pardo","tag-delfina-gomez-alvarez","tag-dif-estado-de-mexico","tag-edomex-2","tag-el-mexiquense-vip","tag-en-vivo","tag-enterate","tag-gobierno-de-mexico","tag-gobierno-del-estado-de-mexico","tag-luisa-maria-alcalde-lujan","tag-noticias-estado-de-mexico","tag-turismo-estado-de-mexico"],"_links":{"self":[{"href":"https:\/\/elmexiquense.vip\/index.php?rest_route=\/wp\/v2\/posts\/42615","targetHints":{"allow":["GET"]}}],"collection":[{"href":"https:\/\/elmexiquense.vip\/index.php?rest_route=\/wp\/v2\/posts"}],"about":[{"href":"https:\/\/elmexiquense.vip\/index.php?rest_route=\/wp\/v2\/types\/post"}],"author":[{"embeddable":true,"href":"https:\/\/elmexiquense.vip\/index.php?rest_route=\/wp\/v2\/users\/8"}],"replies":[{"embeddable":true,"href":"https:\/\/elmexiquense.vip\/index.php?rest_route=%2Fwp%2Fv2%2Fcomments&post=42615"}],"version-history":[{"count":1,"href":"https:\/\/elmexiquense.vip\/index.php?rest_route=\/wp\/v2\/posts\/42615\/revisions"}],"predecessor-version":[{"id":42617,"href":"https:\/\/elmexiquense.vip\/index.php?rest_route=\/wp\/v2\/posts\/42615\/revisions\/42617"}],"wp:featuredmedia":[{"embeddable":true,"href":"https:\/\/elmexiquense.vip\/index.php?rest_route=\/wp\/v2\/media\/42616"}],"wp:attachment":[{"href":"https:\/\/elmexiquense.vip\/index.php?rest_route=%2Fwp%2Fv2%2Fmedia&parent=42615"}],"wp:term":[{"taxonomy":"category","embeddable":true,"href":"https:\/\/elmexiquense.vip\/index.php?rest_route=%2Fwp%2Fv2%2Fcategories&post=42615"},{"taxonomy":"post_tag","embeddable":true,"href":"https:\/\/elmexiquense.vip\/index.php?rest_route=%2Fwp%2Fv2%2Ftags&post=42615"}],"curies":[{"name":"wp","href":"https:\/\/api.w.org\/{rel}","templated":true}]}}