{"id":42627,"date":"2026-03-15T14:14:38","date_gmt":"2026-03-15T20:14:38","guid":{"rendered":"https:\/\/elmexiquense.vip\/?p=42627"},"modified":"2026-03-15T18:23:07","modified_gmt":"2026-03-16T00:23:07","slug":"atencion-gobierno-de-delfina-gomez-da-subsidios-condonaciones-y-meses-sin-intereses-en-tramites-vehiculares-durante-marzo-delfinagomeza-edomex","status":"publish","type":"post","link":"https:\/\/elmexiquense.vip\/?p=42627","title":{"rendered":"\u00a1Atenci\u00f3n! Gobierno de Delfina G\u00f3mez da subsidios, condonaciones y meses sin intereses en tr\u00e1mites vehiculares durante marzo \/ @delfinagomeza @Edomex"},"content":{"rendered":"\n<p><strong>#TendenciaM\u00e9xico<\/strong> &#8211; <strong>#MovilidadEstadoDeM\u00e9xico<\/strong> &#8212;&#8211; <strong>#EstadoDeM\u00e9xico<\/strong>,\u00a0<strong>#M\u00e9xico<\/strong>.- La administraci\u00f3n mexiquense, bajo el liderazgo de la Maestra <strong>#DelfinaG\u00f3mez\u00c1lvarez<\/strong>, ha puesto en marcha un ambicioso esquema de <strong>subsidios y condonaciones<\/strong> para transformar la gesti\u00f3n vehicular en un proceso accesible y eficiente. A trav\u00e9s de la <strong>#Secretar\u00edaDeFinanzas<\/strong>, se implementan beneficios hist\u00f3ricos que permiten a las familias del <strong>Estado de M\u00e9xico<\/strong> regularizar su patrimonio con un ahorro sustancial en sus contribuciones. Este programa estrat\u00e9gico busca fortalecer la econom\u00eda local eliminando las barreras financieras que imped\u00edan el cumplimiento de las obligaciones fiscales. <strong>#EdomexRegularizado #DelfinaG\u00f3mez<\/strong><\/p>\n\n\n\n<p>El n\u00facleo de esta iniciativa radica en el <strong>subsidio del 100 por ciento en la tenencia<\/strong> para autom\u00f3viles con valor de hasta 638 mil pesos y motocicletas que no excedan los 250 mil pesos. Los propietarios que posean placas expedidas en 2021 o a\u00f1os posteriores podr\u00e1n disfrutar de esta exenci\u00f3n total, mientras que para el modelo 2020 se otorga un <strong>descuento del 50 por ciento<\/strong>. Es fundamental que los beneficiarios sean residentes de la entidad y realicen el pago del <strong>refrendo 2026<\/strong> antes de la fecha l\u00edmite establecida para el pr\u00f3ximo <strong>6 de abril<\/strong>.<\/p>\n\n\n\n<p>Como parte de las facilidades de pago, la autoridad estatal ha integrado la opci\u00f3n de liquidar adeudos a <strong>3 o 6 meses sin intereses<\/strong> con tarjetas de cr\u00e9dito participantes durante el mes de marzo. Adem\u00e1s de la condonaci\u00f3n de recargos, quienes realicen su <strong>reemplacamiento<\/strong> antes del 31 de agosto de 2026 acceder\u00e1n a beneficios exclusivos que limpian su historial tributario de ejercicios anteriores. La obtenci\u00f3n de la l\u00ednea de captura es sencilla mediante el portal oficial, permitiendo realizar la transacci\u00f3n en m\u00e1s de <strong>5 mil puntos de atenci\u00f3n<\/strong>.<\/p>\n\n\n\n<p>Finalmente, el <strong>Gobierno del Estado de M\u00e9xico<\/strong> exhorta a la ciudadan\u00eda a utilizar los canales digitales oficiales para evitar intermediarios y garantizar la transparencia del proceso. Con estas acciones, la gesti\u00f3n de la <strong>Maestra Delfina G\u00f3mez<\/strong> reafirma que <strong>\u00abregularizar un veh\u00edculo en el Estado de M\u00e9xico hoy es m\u00e1s f\u00e1cil y accesible\u00bb<\/strong>, protegiendo as\u00ed el bienestar de los contribuyentes.<\/p>\n\n\n\n<p>Los tr\u00e1mites se realizan en l\u00ednea a trav\u00e9s del Portal de Servicios al Contribuyente en la p\u00e1gina&nbsp;<a href=\"https:\/\/sfpya.edomexico.gob.mx\/\">https:\/\/sfpya.edomexico.gob.mx<\/a>, o en los 33 Centros de Servicios Fiscales ubicados en todo el Estado.<\/p>\n\n\n\n<p>Para m\u00e1s informaci\u00f3n se pone a disposici\u00f3n la l\u00ednea de Atenci\u00f3n Ciudadana 800 715 43 50 que ofrece orientaci\u00f3n sobre tr\u00e1mites vehiculares y el n\u00famero 722 214 29 92 para denunciar cualquier irregularidad.<\/p>\n\n\n\n<p><strong>#ElMexiquenseVIP<\/strong>\u00a0\u2013<a href=\"https:\/\/www.facebook.com\/ElMexiquenseVIP\/\"><strong>El Mexiquense VIP<\/strong><\/a><\/p>\n\n\n\n<figure class=\"wp-block-image aligncenter size-large\"><img loading=\"lazy\" decoding=\"async\" width=\"1024\" height=\"680\" src=\"https:\/\/elmexiquense.vip\/wp-content\/uploads\/2026\/03\/ultima-1024x680.jpg\" alt=\"\" class=\"wp-image-42628\"\/><\/figure>\n","protected":false},"excerpt":{"rendered":"<p>#TendenciaM\u00e9xico &#8211; #MovilidadEstadoDeM\u00e9xico &#8212;&#8211; #EstadoDeM\u00e9xico,\u00a0#M\u00e9xico.- La administraci\u00f3n mexiquense, bajo el liderazgo de la Maestra #DelfinaG\u00f3mez\u00c1lvarez, ha puesto en marcha un<\/p>\n","protected":false},"author":8,"featured_media":42628,"comment_status":"open","ping_status":"open","sticky":false,"template":"","format":"standard","meta":{"colormag_page_container_layout":"default_layout","colormag_page_sidebar_layout":"default_layout","rop_custom_images_group":[],"rop_custom_messages_group":[],"rop_publish_now":"no","rop_publish_now_accounts":{"facebook_102468208940364_894887317217274":""},"rop_publish_now_history":[{"account":"facebook_102468208940364_894887317217274","service":"facebook","timestamp":1772828098,"status":"success"}],"rop_publish_now_status":"done","footnotes":""},"categories":[33,30],"tags":[88,773,787,177,369,870,474,379,376,217,136,770,435,902],"class_list":["post-42627","post","type-post","status-publish","format-standard","has-post-thumbnail","hentry","category-eventos-especiales","category-ultima-hora","tag-amlo","tag-andres-manuel-lopez-beltran","tag-claudia-sheinbaum-pardo","tag-delfina-gomez-alvarez","tag-dif-estado-de-mexico","tag-edomex-2","tag-el-mexiquense-vip","tag-en-vivo","tag-enterate","tag-gobierno-de-mexico","tag-gobierno-del-estado-de-mexico","tag-luisa-maria-alcalde-lujan","tag-noticias-estado-de-mexico","tag-turismo-estado-de-mexico"],"_links":{"self":[{"href":"https:\/\/elmexiquense.vip\/index.php?rest_route=\/wp\/v2\/posts\/42627","targetHints":{"allow":["GET"]}}],"collection":[{"href":"https:\/\/elmexiquense.vip\/index.php?rest_route=\/wp\/v2\/posts"}],"about":[{"href":"https:\/\/elmexiquense.vip\/index.php?rest_route=\/wp\/v2\/types\/post"}],"author":[{"embeddable":true,"href":"https:\/\/elmexiquense.vip\/index.php?rest_route=\/wp\/v2\/users\/8"}],"replies":[{"embeddable":true,"href":"https:\/\/elmexiquense.vip\/index.php?rest_route=%2Fwp%2Fv2%2Fcomments&post=42627"}],"version-history":[{"count":1,"href":"https:\/\/elmexiquense.vip\/index.php?rest_route=\/wp\/v2\/posts\/42627\/revisions"}],"predecessor-version":[{"id":42629,"href":"https:\/\/elmexiquense.vip\/index.php?rest_route=\/wp\/v2\/posts\/42627\/revisions\/42629"}],"wp:featuredmedia":[{"embeddable":true,"href":"https:\/\/elmexiquense.vip\/index.php?rest_route=\/wp\/v2\/media\/42628"}],"wp:attachment":[{"href":"https:\/\/elmexiquense.vip\/index.php?rest_route=%2Fwp%2Fv2%2Fmedia&parent=42627"}],"wp:term":[{"taxonomy":"category","embeddable":true,"href":"https:\/\/elmexiquense.vip\/index.php?rest_route=%2Fwp%2Fv2%2Fcategories&post=42627"},{"taxonomy":"post_tag","embeddable":true,"href":"https:\/\/elmexiquense.vip\/index.php?rest_route=%2Fwp%2Fv2%2Ftags&post=42627"}],"curies":[{"name":"wp","href":"https:\/\/api.w.org\/{rel}","templated":true}]}}