{"id":42630,"date":"2026-03-12T14:44:40","date_gmt":"2026-03-12T20:44:40","guid":{"rendered":"https:\/\/elmexiquense.vip\/?p=42630"},"modified":"2026-03-12T20:44:43","modified_gmt":"2026-03-13T02:44:43","slug":"en-hidalgo-julio-menchaca-salazar-acelera-el-paso-en-su-gestion-es-nuestra-obligacion-mantener-un-vinculo-indisoluble-con-las-necesidades-del-pueblo-juliomenchaca_-gobiernohidalgo","status":"publish","type":"post","link":"https:\/\/elmexiquense.vip\/?p=42630","title":{"rendered":"En Hidalgo, Julio Menchaca Salazar acelera el paso en su gesti\u00f3n: \u00abEs nuestra obligaci\u00f3n mantener un v\u00ednculo indisoluble con las necesidades del pueblo\u00bb \/ @juliomenchaca_ @gobiernohidalgo"},"content":{"rendered":"\n<p><strong>#Transformaci\u00f3nHidalgo<\/strong> &#8211; <strong>#JusticiaSocialMX<\/strong> &#8212;&#8211; <strong>#EstadoDeHidalgo<\/strong>, <strong>#M\u00e9xico<\/strong>.- Como bien sentenci\u00f3 <strong>S\u00e9neca<\/strong>: \u00abNo es que tengamos poco tiempo, sino que perdemos mucho\u00bb, una premisa que el gobernador <strong>#JulioMenchacaSalazar<\/strong> ha tomado como estandarte <strong>#RutasDeLaTransformaci\u00f3n<\/strong> para acelerar el desarrollo regional. Durante su visita a <strong>#Acaxochitl\u00e1n<\/strong>, el mandatario demostr\u00f3 una voluntad <strong>inexpugnable<\/strong> al supervisar inversiones que superan los 130 millones de pesos en infraestructura vital <strong>#HidalgoCrece<\/strong>, consolidando as\u00ed un ejercicio de gobernanza que busca <strong>justipreciar<\/strong> las demandas hist\u00f3ricas de la poblaci\u00f3n serrana mediante acciones tangibles y de alto impacto social.<\/p>\n\n\n\n<p>Al conmemorar tres a\u00f1os y medio de gesti\u00f3n, el titular del Ejecutivo estatal manifest\u00f3 una <strong>acuidad<\/strong> pol\u00edtica notable al reconocer que el tiempo para servir es finito. El mandatario <strong>Julio Menchaca Salazar<\/strong> asever\u00f3 con firmeza que: <strong>\u00abHoy cumplimos tres a\u00f1os y medio de administraci\u00f3n; nos quedan dos y medio, y el tiempo se reduce sustancialmente\u00bb<\/strong>, subrayando la urgencia de <strong>perfeccionar<\/strong> los esfuerzos institucionales para generar mejores condiciones de vida.<\/p>\n\n\n\n<p>La estrategia de conectividad terrestre, detallada por <strong>Alejandro S\u00e1nchez Garc\u00eda<\/strong>, revela una planificaci\u00f3n <strong>concienzuda<\/strong> para rehabilitar tramos carreteros estrat\u00e9gicos como <strong>El Lindero\u2013Honey<\/strong>. <strong>\u00abEstas obras, sumadas a la edificaci\u00f3n de sistemas de agua potable en Santiago Tepepa, representan un avance laudable en la modernizaci\u00f3n de este Pueblo M\u00e1gico, garantizando servicios b\u00e1sicos dignos y el robustecimiento de la infraestructura en zonas rurales\u00bb<\/strong>, explic\u00f3 el Gobernador de Hidalgo.<\/p>\n\n\n\n<figure class=\"wp-block-image aligncenter size-medium\"><img loading=\"lazy\" decoding=\"async\" width=\"300\" height=\"200\" src=\"https:\/\/elmexiquense.vip\/wp-content\/uploads\/2026\/03\/mencha-2-300x200.jpg\" alt=\"\" class=\"wp-image-42631\" srcset=\"https:\/\/elmexiquense.vip\/wp-content\/uploads\/2026\/03\/mencha-2-300x200.jpg 300w, https:\/\/elmexiquense.vip\/wp-content\/uploads\/2026\/03\/mencha-2.jpg 535w\" sizes=\"auto, (max-width: 300px) 100vw, 300px\" \/><\/figure>\n\n\n\n<p>Por su parte, el respaldo de la federaci\u00f3n se hizo patente con el anuncio de <strong>Pablo Octavio Olvera S\u00e1nchez<\/strong>, quien confirm\u00f3 una inversi\u00f3n de 74.5 millones de pesos para la v\u00eda federal. Esta sinergia <strong>prodigiosa<\/strong> entre niveles de gobierno permite que la transformaci\u00f3n educativa y de salud, impulsada por funcionarios como <strong>Nancy Adriana Le\u00f3n Vite<\/strong> y <strong>Vanesa Escalante Arroyo<\/strong>, se convierta en una realidad <strong>fehaciente<\/strong> para el beneficio colectivo.<\/p>\n\n\n\n<p>Bajo la anfitrion\u00eda de <strong>Ricardo Perea G\u00f3mez<\/strong>, el municipio de <strong>Acaxochitl\u00e1n<\/strong> reafirm\u00f3 su confianza en un proyecto de <strong>prosperidad<\/strong> que prioriza el bienestar humano y la entrega directa de apoyos. Como bien afirm\u00f3 <strong>Nelson Mandela<\/strong>: \u00abLa educaci\u00f3n es el arma m\u00e1s poderosa que puedes usar para cambiar el mundo\u00bb, un pensamiento que <strong>enaltece<\/strong> el compromiso de esta administraci\u00f3n de <strong>Julio Menchaca Salazar <\/strong>con el porvenir de la ni\u00f1ez hidalguense.   <strong>#8M2026<\/strong> &#8211; <strong>#BienestarComunitario<\/strong><\/p>\n\n\n\n<p><strong>#miangelzorro<\/strong><\/p>\n\n\n\n<p><strong>#ElHidalguenseVIP<\/strong>\u00a0\u2013\u00a0<a href=\"https:\/\/www.facebook.com\/ElHidalguenseVIP\/\"><strong>El Hidalguense VIP<\/strong><\/a><\/p>\n\n\n\n<figure class=\"wp-block-image aligncenter size-full\"><img loading=\"lazy\" decoding=\"async\" width=\"566\" height=\"352\" src=\"https:\/\/elmexiquense.vip\/wp-content\/uploads\/2026\/03\/mencha-1.jpg\" alt=\"\" class=\"wp-image-42632\" srcset=\"https:\/\/elmexiquense.vip\/wp-content\/uploads\/2026\/03\/mencha-1.jpg 566w, https:\/\/elmexiquense.vip\/wp-content\/uploads\/2026\/03\/mencha-1-300x187.jpg 300w\" sizes=\"auto, (max-width: 566px) 100vw, 566px\" \/><\/figure>\n","protected":false},"excerpt":{"rendered":"<p>#Transformaci\u00f3nHidalgo &#8211; #JusticiaSocialMX &#8212;&#8211; #EstadoDeHidalgo, #M\u00e9xico.- Como bien sentenci\u00f3 S\u00e9neca: \u00abNo es que tengamos poco tiempo, sino que perdemos mucho\u00bb,<\/p>\n","protected":false},"author":1,"featured_media":42632,"comment_status":"open","ping_status":"open","sticky":false,"template":"","format":"standard","meta":{"colormag_page_container_layout":"default_layout","colormag_page_sidebar_layout":"default_layout","rop_custom_images_group":[],"rop_custom_messages_group":[],"rop_publish_now":"no","rop_publish_now_accounts":{"facebook_102468208940364_894887317217274":""},"rop_publish_now_history":[{"account":"facebook_102468208940364_894887317217274","service":"facebook","timestamp":1772829899,"status":"success"}],"rop_publish_now_status":"done","footnotes":""},"categories":[297],"tags":[88,787,917,379,376,911,913,217,914,915,770,762,916,912,378,377],"class_list":["post-42630","post","type-post","status-publish","format-standard","has-post-thumbnail","hentry","category-municipio-en-mexico","tag-amlo","tag-claudia-sheinbaum-pardo","tag-dif-hidalgo","tag-en-vivo","tag-enterate","tag-estado-de-hidalgo","tag-estado-de-hidalgo-news","tag-gobierno-de-mexico","tag-gobierno-del-estado-de-hidalgo","tag-julio-menchaca-salazar","tag-luisa-maria-alcalde-lujan","tag-miguel-angel-zorro","tag-noticias-estado-de-hidalgo","tag-turismo-estado-de-hidalgo","tag-ultimahora","tag-ultimas-noticias"],"_links":{"self":[{"href":"https:\/\/elmexiquense.vip\/index.php?rest_route=\/wp\/v2\/posts\/42630","targetHints":{"allow":["GET"]}}],"collection":[{"href":"https:\/\/elmexiquense.vip\/index.php?rest_route=\/wp\/v2\/posts"}],"about":[{"href":"https:\/\/elmexiquense.vip\/index.php?rest_route=\/wp\/v2\/types\/post"}],"author":[{"embeddable":true,"href":"https:\/\/elmexiquense.vip\/index.php?rest_route=\/wp\/v2\/users\/1"}],"replies":[{"embeddable":true,"href":"https:\/\/elmexiquense.vip\/index.php?rest_route=%2Fwp%2Fv2%2Fcomments&post=42630"}],"version-history":[{"count":1,"href":"https:\/\/elmexiquense.vip\/index.php?rest_route=\/wp\/v2\/posts\/42630\/revisions"}],"predecessor-version":[{"id":42633,"href":"https:\/\/elmexiquense.vip\/index.php?rest_route=\/wp\/v2\/posts\/42630\/revisions\/42633"}],"wp:featuredmedia":[{"embeddable":true,"href":"https:\/\/elmexiquense.vip\/index.php?rest_route=\/wp\/v2\/media\/42632"}],"wp:attachment":[{"href":"https:\/\/elmexiquense.vip\/index.php?rest_route=%2Fwp%2Fv2%2Fmedia&parent=42630"}],"wp:term":[{"taxonomy":"category","embeddable":true,"href":"https:\/\/elmexiquense.vip\/index.php?rest_route=%2Fwp%2Fv2%2Fcategories&post=42630"},{"taxonomy":"post_tag","embeddable":true,"href":"https:\/\/elmexiquense.vip\/index.php?rest_route=%2Fwp%2Fv2%2Ftags&post=42630"}],"curies":[{"name":"wp","href":"https:\/\/api.w.org\/{rel}","templated":true}]}}