{"id":42634,"date":"2026-03-18T21:40:07","date_gmt":"2026-03-19T03:40:07","guid":{"rendered":"https:\/\/elmexiquense.vip\/?p=42634"},"modified":"2026-03-25T20:37:39","modified_gmt":"2026-03-26T02:37:39","slug":"naucalpan-registra-un-desplome-historico-en-delitos-de-alto-impacto-la-seguridad-municipal-alcanza-una-eficacia-sin-precedentes-en-el-primer-bimestre-isaacsolar-gobnau","status":"publish","type":"post","link":"https:\/\/elmexiquense.vip\/?p=42634","title":{"rendered":"Naucalpan registra un desplome hist\u00f3rico en delitos de alto impacto: la seguridad municipal alcanza una eficacia sin precedentes en el primer bimestre \/ @isaacsolar @GobNau >>>"},"content":{"rendered":"\n<p><strong>#CeroImpunidad<\/strong> &#8211; <strong>#EdomexEnMarcha<\/strong> &#8212;&#8211; <strong>#NaucalpanDeJu\u00e1rez, #EstadoDeM\u00e9xico<\/strong>.-\u00a0En un hito sin precedentes para la seguridad p\u00fablica mexiquense, <strong>#Naucalpan<\/strong> consolida una tendencia irreversible hacia la paz social bajo la implementaci\u00f3n de l<strong>a Estrategia #Operativa Oriente<\/strong>. El despliegue t\u00e1ctico, robustecido por la incorporaci\u00f3n de 85 nuevos elementos de la<strong> #Guardia Municipal<\/strong> y una red de mil c\u00e1maras vinculadas al renovado <strong>#C4<\/strong>, ha logrado desplomar la incidencia delictiva de alto impacto en proporciones hist\u00f3ricas durante el primer bimestre del a\u00f1o. Este \u00e9xito operativo, fundamentado en la coordinaci\u00f3n de las <strong>#MesasDe Paz<\/strong>, posiciona al municipio como un referente de eficacia gubernamental en la regi\u00f3n. <strong>#NaucalpanSeguro #SeguridadConTodo<\/strong><\/p>\n\n\n\n<p>Las estad\u00edsticas validadas por la <strong>Fiscal\u00eda General de Justicia del Estado de M\u00e9xico<\/strong> revelan una reducci\u00f3n contundente del <strong>77.1 por ciento<\/strong> en los delitos generales al comparar febrero de 2025 con el mismo periodo de 2026. Al respecto, el alcalde<strong> #IsaacMontoyaM\u00e1rquez<\/strong> enfatiz\u00f3 que estos logros se sustentan en <strong>\u00abresultados sobre cifras y fuentes oficiales, no especulaciones\u00bb<\/strong>, desmarcando su administraci\u00f3n de antiguos rumores para ofrecer datos duros que confirman una baja de 335 il\u00edcitos tan solo en el \u00faltimo mes reportado.<\/p>\n\n\n\n<figure class=\"wp-block-image aligncenter size-medium\"><img loading=\"lazy\" decoding=\"async\" width=\"300\" height=\"189\" src=\"https:\/\/elmexiquense.vip\/wp-content\/uploads\/2026\/03\/isa-2-2-300x189.jpg\" alt=\"\" class=\"wp-image-42635\" srcset=\"https:\/\/elmexiquense.vip\/wp-content\/uploads\/2026\/03\/isa-2-2-300x189.jpg 300w, https:\/\/elmexiquense.vip\/wp-content\/uploads\/2026\/03\/isa-2-2-1024x646.jpg 1024w, https:\/\/elmexiquense.vip\/wp-content\/uploads\/2026\/03\/isa-2-2-768x484.jpg 768w, https:\/\/elmexiquense.vip\/wp-content\/uploads\/2026\/03\/isa-2-2-600x378.jpg 600w, https:\/\/elmexiquense.vip\/wp-content\/uploads\/2026\/03\/isa-2-2.jpg 1280w\" sizes=\"auto, (max-width: 300px) 100vw, 300px\" \/><\/figure>\n\n\n\n<p>En el an\u00e1lisis espec\u00edfico del patrimonio, el <strong>robo de veh\u00edculo con violencia<\/strong> registr\u00f3 un descenso del <strong>72.4 por ciento<\/strong> en la comparativa anual, mientras que el asalto en <strong>transporte p\u00fablico<\/strong> alcanz\u00f3 una disminuci\u00f3n casi total del <strong>98.5 por ciento<\/strong>. Asimismo, la protecci\u00f3n al hogar muestra avances sustantivos, pues el robo a casa habitaci\u00f3n descendi\u00f3 un <strong>88 por ciento<\/strong>, logrando que en enero de 2026 se contabilizaran \u00fanicamente tres incidentes frente a los veinticinco registrados el a\u00f1o anterior bajo el mismo concepto.<\/p>\n\n\n\n<p>La contenci\u00f3n de la violencia extrema tambi\u00e9n presenta cifras irrefutables, con una baja del <strong>31.25 por ciento<\/strong> en los <strong>homicidios dolosos<\/strong> durante el \u00faltimo ciclo anual, pasando de 112 eventos a solo 77. De esta manera, el gobierno encabezado por <strong>Isaac Montoya M\u00e1rquez<\/strong> reafirma que la <strong>Estrategia Seguridad con Todo<\/strong> es el eje motor que est\u00e1 devolviendo la tranquilidad a las calles naucalpenses, transformando la percepci\u00f3n ciudadana mediante hechos medibles y una vigilancia tecnol\u00f3gica de vanguardia.<\/p>\n\n\n\n<p><strong>#ElMexiquenseVIP<\/strong>\u00a0\u2013<a href=\"https:\/\/www.facebook.com\/ElMexiquenseVIP\/\"><strong>El Mexiquense VIP<\/strong><\/a><\/p>\n\n\n\n<figure class=\"wp-block-image aligncenter size-large\"><img loading=\"lazy\" decoding=\"async\" width=\"1024\" height=\"682\" src=\"https:\/\/elmexiquense.vip\/wp-content\/uploads\/2026\/03\/isa-1-2-1024x682.jpg\" alt=\"\" class=\"wp-image-42636\"\/><\/figure>\n","protected":false},"excerpt":{"rendered":"<p>#CeroImpunidad &#8211; #EdomexEnMarcha &#8212;&#8211; #NaucalpanDeJu\u00e1rez, #EstadoDeM\u00e9xico.-\u00a0En un hito sin precedentes para la seguridad p\u00fablica mexiquense, #Naucalpan consolida una tendencia irreversible<\/p>\n","protected":false},"author":8,"featured_media":42636,"comment_status":"open","ping_status":"open","sticky":false,"template":"","format":"standard","meta":{"colormag_page_container_layout":"default_layout","colormag_page_sidebar_layout":"default_layout","rop_custom_images_group":[],"rop_custom_messages_group":[],"rop_publish_now":"no","rop_publish_now_accounts":{"facebook_102468208940364_894887317217274":""},"rop_publish_now_history":[{"account":"facebook_102468208940364_894887317217274","service":"facebook","timestamp":1772830766,"status":"success"}],"rop_publish_now_status":"done","footnotes":""},"categories":[29,874],"tags":[88,787,177,105,474,379,376,217,136,575,788,770,198,898,766,897,383],"class_list":["post-42634","post","type-post","status-publish","format-standard","has-post-thumbnail","hentry","category-destacados","category-seguridad-y-proteccion-civil","tag-amlo","tag-claudia-sheinbaum-pardo","tag-delfina-gomez-alvarez","tag-dif-naucalpan","tag-el-mexiquense-vip","tag-en-vivo","tag-enterate","tag-gobierno-de-mexico","tag-gobierno-del-estado-de-mexico","tag-gobierno-municipal-de-naucalpan-de-juarez","tag-isaac-montoya-marquez","tag-luisa-maria-alcalde-lujan","tag-morena-naucalpan","tag-naucalpan-news","tag-noticias-naucalpan","tag-turismo-naucalpan","tag-ultima-hora"],"_links":{"self":[{"href":"https:\/\/elmexiquense.vip\/index.php?rest_route=\/wp\/v2\/posts\/42634","targetHints":{"allow":["GET"]}}],"collection":[{"href":"https:\/\/elmexiquense.vip\/index.php?rest_route=\/wp\/v2\/posts"}],"about":[{"href":"https:\/\/elmexiquense.vip\/index.php?rest_route=\/wp\/v2\/types\/post"}],"author":[{"embeddable":true,"href":"https:\/\/elmexiquense.vip\/index.php?rest_route=\/wp\/v2\/users\/8"}],"replies":[{"embeddable":true,"href":"https:\/\/elmexiquense.vip\/index.php?rest_route=%2Fwp%2Fv2%2Fcomments&post=42634"}],"version-history":[{"count":1,"href":"https:\/\/elmexiquense.vip\/index.php?rest_route=\/wp\/v2\/posts\/42634\/revisions"}],"predecessor-version":[{"id":42637,"href":"https:\/\/elmexiquense.vip\/index.php?rest_route=\/wp\/v2\/posts\/42634\/revisions\/42637"}],"wp:featuredmedia":[{"embeddable":true,"href":"https:\/\/elmexiquense.vip\/index.php?rest_route=\/wp\/v2\/media\/42636"}],"wp:attachment":[{"href":"https:\/\/elmexiquense.vip\/index.php?rest_route=%2Fwp%2Fv2%2Fmedia&parent=42634"}],"wp:term":[{"taxonomy":"category","embeddable":true,"href":"https:\/\/elmexiquense.vip\/index.php?rest_route=%2Fwp%2Fv2%2Fcategories&post=42634"},{"taxonomy":"post_tag","embeddable":true,"href":"https:\/\/elmexiquense.vip\/index.php?rest_route=%2Fwp%2Fv2%2Ftags&post=42634"}],"curies":[{"name":"wp","href":"https:\/\/api.w.org\/{rel}","templated":true}]}}