{"id":42638,"date":"2026-03-09T16:35:54","date_gmt":"2026-03-09T22:35:54","guid":{"rendered":"https:\/\/elmexiquense.vip\/?p=42638"},"modified":"2026-03-11T13:53:07","modified_gmt":"2026-03-11T19:53:07","slug":"el-gobierno-de-ecatepec-revierte-el-rezago-hidrico-con-la-puesta-en-marcha-de-una-planta-potabilizadora-de-vanguardia-y-una-inversion-de-cuantia-significativa-azucenacisneros-ecatepec","status":"publish","type":"post","link":"https:\/\/elmexiquense.vip\/?p=42638","title":{"rendered":"El Gobierno de Ecatepec revierte el rezago h\u00eddrico con la puesta en marcha de una planta potabilizadora de vanguardia y una inversi\u00f3n de cuant\u00eda significativa \/ @azucenacisneros @Ecatepec"},"content":{"rendered":"\n<p><strong>#EcatepecEnMarcha<\/strong> &#8211; <strong>#EdomexSeguro<\/strong> &#8212;&#8211; <strong>#EcatepecDeMorelo<\/strong>s,\u00a0<strong>#EstadoDeM\u00e9xico<\/strong>.-\u00a0En un acto de justicia social para la Quinta Zona, la alcaldesa de<strong> #Ecatepec<\/strong>, <strong>#AzucenaCisnerosCoss<\/strong>, inaugur\u00f3 la rehabilitaci\u00f3n de la <strong>#PlantaPotabilizadora<\/strong> <strong>\u201cEmiliano Zapata\u201d<\/strong>, rescatando una infraestructura vital que permaneci\u00f3 en el abandono por a\u00f1os. Con una inversi\u00f3n estrat\u00e9gica de <strong>10 millones de pesos<\/strong>, este sistema proveer\u00e1 40 litros por segundo de agua de alta calidad a m\u00e1s de <strong>30 mil habitantes<\/strong> de diez comunidades. La mandataria reafirm\u00f3 su compromiso de erradicar la negligencia operativa y garantizar servicios b\u00e1sicos dignos para las familias de <strong>Ecatepec<\/strong>. <strong>#AguaParaEcatepec #JusticiaSocial<\/strong><\/p>\n\n\n\n<p>Durante el evento en la colonia <strong>Alborada de Arag\u00f3n<\/strong>, la presidenta municipal denunci\u00f3 que las administraciones anteriores heredaron <strong>\u201cobras que fueron un fiasco, que fueron un fraude\u201d<\/strong>, se\u00f1alando un desv\u00edo de recursos que prioriz\u00f3 privilegios personales sobre el bienestar p\u00fablico. La recuperaci\u00f3n del pozo y la planta representa un golpe contundente al <strong>combate del huachicol<\/strong>, asegurando que el recurso h\u00eddrico llegue directamente a los hogares mediante la red hidr\u00e1ulica formal.<\/p>\n\n\n\n<figure class=\"wp-block-image aligncenter size-medium\"><img loading=\"lazy\" decoding=\"async\" width=\"268\" height=\"300\" src=\"https:\/\/elmexiquense.vip\/wp-content\/uploads\/2026\/03\/azu-2-1-e1772831871900-268x300.jpg\" alt=\"\" class=\"wp-image-42639\"\/><\/figure>\n\n\n\n<p>El titular de Sapase, <strong>Francisco Reyes V\u00e1zquez<\/strong>, detall\u00f3 que la intervenci\u00f3n alcanz\u00f3 el 90 por ciento de la planta, integrando tecnolog\u00eda de <strong>intercambio i\u00f3nico<\/strong> y medios granulares para cumplir con la <strong>NOM-127-SSA1-2021<\/strong>. Este proceso de ablandamiento elimina la dureza y garantiza la pureza del l\u00edquido, marcando el inicio de una estabilizaci\u00f3n integral en los servicios esenciales de la regi\u00f3n, que incluyen tambi\u00e9n mejoras en <strong>seguridad y alumbrado p\u00fablico<\/strong>.<\/p>\n\n\n\n<p>Como parte de un plan maestro de infraestructura, <strong>Azucena Cisneros Coss<\/strong> anunci\u00f3 una inversi\u00f3n pr\u00f3xima de <strong>50 millones de pesos<\/strong> y la pronta inauguraci\u00f3n de un tanque en <strong>Ciudad Cuauht\u00e9moc<\/strong>. La alcaldesa enfatiz\u00f3 que <strong>\u201ces tiempo de la gente\u201d<\/strong>, prometiendo la construcci\u00f3n de nuevos dep\u00f3sitos y la renovaci\u00f3n de l\u00edneas principales para optimizar la presi\u00f3n del suministro en todo el territorio municipal.<\/p>\n\n\n\n<p><strong>#ElMexiquenseVIP<\/strong>\u00a0\u2013<a href=\"https:\/\/www.facebook.com\/ElMexiquenseVIP\/\"><strong>El Mexiquense VIP<\/strong><\/a><\/p>\n\n\n\n<figure class=\"wp-block-image aligncenter size-large\"><img loading=\"lazy\" decoding=\"async\" width=\"1024\" height=\"683\" src=\"https:\/\/elmexiquense.vip\/wp-content\/uploads\/2026\/03\/azu-1-1-e1772831984184-1024x683.jpg\" alt=\"\" class=\"wp-image-42640\"\/><\/figure>\n","protected":false},"excerpt":{"rendered":"<p>#EcatepecEnMarcha &#8211; #EdomexSeguro &#8212;&#8211; #EcatepecDeMorelos,\u00a0#EstadoDeM\u00e9xico.-\u00a0En un acto de justicia social para la Quinta Zona, la alcaldesa de #Ecatepec, #AzucenaCisnerosCoss, inaugur\u00f3<\/p>\n","protected":false},"author":8,"featured_media":42640,"comment_status":"open","ping_status":"open","sticky":false,"template":"","format":"standard","meta":{"colormag_page_container_layout":"default_layout","colormag_page_sidebar_layout":"default_layout","rop_custom_images_group":[],"rop_custom_messages_group":[],"rop_publish_now":"no","rop_publish_now_accounts":{"facebook_102468208940364_894887317217274":""},"rop_publish_now_history":[{"account":"facebook_102468208940364_894887317217274","service":"facebook","timestamp":1772832251,"status":"success"}],"rop_publish_now_status":"done","footnotes":""},"categories":[34],"tags":[88,773,755,787,177,82,379,376,184,217,136,770,254,485,435,378,377],"class_list":["post-42638","post","type-post","status-publish","format-standard","has-post-thumbnail","hentry","category-alcaldesas","tag-amlo","tag-andres-manuel-lopez-beltran","tag-azucena-cisneros-coss","tag-claudia-sheinbaum-pardo","tag-delfina-gomez-alvarez","tag-dif-ecatepec","tag-en-vivo","tag-enterate","tag-gobierno-de-ecatepec-de-morelos","tag-gobierno-de-mexico","tag-gobierno-del-estado-de-mexico","tag-luisa-maria-alcalde-lujan","tag-morena-ecatepec","tag-noticias-ecatepec","tag-noticias-estado-de-mexico","tag-ultimahora","tag-ultimas-noticias"],"_links":{"self":[{"href":"https:\/\/elmexiquense.vip\/index.php?rest_route=\/wp\/v2\/posts\/42638","targetHints":{"allow":["GET"]}}],"collection":[{"href":"https:\/\/elmexiquense.vip\/index.php?rest_route=\/wp\/v2\/posts"}],"about":[{"href":"https:\/\/elmexiquense.vip\/index.php?rest_route=\/wp\/v2\/types\/post"}],"author":[{"embeddable":true,"href":"https:\/\/elmexiquense.vip\/index.php?rest_route=\/wp\/v2\/users\/8"}],"replies":[{"embeddable":true,"href":"https:\/\/elmexiquense.vip\/index.php?rest_route=%2Fwp%2Fv2%2Fcomments&post=42638"}],"version-history":[{"count":1,"href":"https:\/\/elmexiquense.vip\/index.php?rest_route=\/wp\/v2\/posts\/42638\/revisions"}],"predecessor-version":[{"id":42641,"href":"https:\/\/elmexiquense.vip\/index.php?rest_route=\/wp\/v2\/posts\/42638\/revisions\/42641"}],"wp:featuredmedia":[{"embeddable":true,"href":"https:\/\/elmexiquense.vip\/index.php?rest_route=\/wp\/v2\/media\/42640"}],"wp:attachment":[{"href":"https:\/\/elmexiquense.vip\/index.php?rest_route=%2Fwp%2Fv2%2Fmedia&parent=42638"}],"wp:term":[{"taxonomy":"category","embeddable":true,"href":"https:\/\/elmexiquense.vip\/index.php?rest_route=%2Fwp%2Fv2%2Fcategories&post=42638"},{"taxonomy":"post_tag","embeddable":true,"href":"https:\/\/elmexiquense.vip\/index.php?rest_route=%2Fwp%2Fv2%2Ftags&post=42638"}],"curies":[{"name":"wp","href":"https:\/\/api.w.org\/{rel}","templated":true}]}}