{"id":42647,"date":"2026-03-06T19:32:37","date_gmt":"2026-03-07T01:32:37","guid":{"rendered":"https:\/\/elmexiquense.vip\/?p=42647"},"modified":"2026-03-06T19:32:37","modified_gmt":"2026-03-07T01:32:37","slug":"rosi-wong-romero-y-la-mtra-delfina-gomez-alvarez-dignifican-la-educacion-publica-al-entregar-obras-de-vanguardia-en-tecamac-rosi_wong-ayuntatec2025","status":"publish","type":"post","link":"https:\/\/elmexiquense.vip\/?p=42647","title":{"rendered":"Rosi Wong Romero y la Mtra. Delfina G\u00f3mez \u00c1lvarez dignifican la educaci\u00f3n p\u00fablica al entregar obras de vanguardia en Tec\u00e1mac \/ @rosi_wong @AyuntaTec2025 >>>"},"content":{"rendered":"\n<hr class=\"wp-block-separator has-alpha-channel-opacity\"\/>\n\n\n\n<p><strong>#Educaci\u00f3nParaTodos<\/strong> <strong>#EscuelasDignas<\/strong> &#8212;&#8211;\u00a0<strong>#Tec\u00e1macDeFelipeVillanueva<\/strong>,\u00a0<strong>#EstadoDeM\u00e9xico<\/strong>.- Con el firme prop\u00f3sito de cimentar un futuro de equidad, la gobernadora Mtra. <strong>#Delfina G\u00f3mez \u00c1lvarez<\/strong> y la alcaldesa <strong>#RosiWongRomero<\/strong> entregaron equipamiento y obras en la Secundaria <strong>\u201cLicenciado Adolfo L\u00f3pez Mateos\u201d<\/strong>, marcando un hito en la infraestructura pedag\u00f3gica de <strong>#Tec\u00e1mac<\/strong>. Esta sinergia institucional, que busca resarcir una deuda hist\u00f3rica con las aulas, demuestra que <strong>\u201ccontar con escuelas dignas es un derecho de la ni\u00f1ez y no un privilegio\u201d<\/strong>, transformando el entorno de miles de j\u00f3venes mexiquenses. <strong>#Educaci\u00f3nDeCalidad #Tec\u00e1macAvanza<\/strong><\/p>\n\n\n\n<p>Durante el evento, el secretario de Educaci\u00f3n, <strong>Miguel \u00c1ngel Hern\u00e1ndez Espejel<\/strong>, anunci\u00f3 una inversi\u00f3n de <strong>85.58 millones de pesos<\/strong> destinada a 72 planteles, incorporando sistemas de captaci\u00f3n pluvial para fomentar la <strong>sostenibilidad ambiental<\/strong>. Estas acciones, integradas en el denominado <strong>\u201cA\u00f1o de las Obras\u201d<\/strong>, reflejan una estrategia integral donde la salud, la movilidad y la ense\u00f1anza convergen para elevar el bienestar de la poblaci\u00f3n.<\/p>\n\n\n\n<figure class=\"wp-block-image aligncenter size-medium\"><img decoding=\"async\" src=\"https:\/\/elmexiquense.vip\/wp-content\/uploads\/2026\/03\/teca-2-2-300x254.jpg\" alt=\"\" class=\"wp-image-42648\"\/><\/figure>\n\n\n\n<p>La presidenta <strong>Rosi Wong Romero<\/strong> destac\u00f3 que el conocimiento es la herramienta clave para <strong>\u201cerradicar la desigualdad\u201d<\/strong>, agradeciendo el respaldo del Gobierno Federal encabezado por la <strong>Dra. Claudia Sheinbaum Pardo<\/strong>. Gracias a esta colaboraci\u00f3n, Tec\u00e1mac suma una <strong>inversi\u00f3n hist\u00f3rica de 255 millones de pesos<\/strong>, beneficiando a m\u00e1s de 147 mil estudiantes con becas, \u00fatiles y programas que fortalecen el tejido social desde la base educativa.<\/p>\n\n\n\n<p>La jornada inici\u00f3 con una <strong>Mesa de Paz<\/strong> en las instalaciones de Protecci\u00f3n Civil, reafirmando que la seguridad y la educaci\u00f3n son los pilares de la actual administraci\u00f3n. Con estos proyectos, el gobierno estatal y municipal consolidan un modelo de gesti\u00f3n donde la <strong>formaci\u00f3n de las juventudes<\/strong> es la prioridad absoluta para el progreso de la naci\u00f3n.<\/p>\n\n\n\n<p><strong>#ElMexiquenseVIP\u00a0\u2013<a href=\"https:\/\/www.facebook.com\/ElMexiquenseVIP\/\"><strong>El Mexiquense VIP<\/strong><\/a><\/strong><\/p>\n\n\n\n<figure class=\"wp-block-image aligncenter size-large\"><img loading=\"lazy\" decoding=\"async\" width=\"1024\" height=\"729\" src=\"https:\/\/elmexiquense.vip\/wp-content\/uploads\/2026\/03\/teca-1-2-e1772847060880-1024x729.jpg\" alt=\"\" class=\"wp-image-42649\"\/><\/figure>\n","protected":false},"excerpt":{"rendered":"<p>#Educaci\u00f3nParaTodos #EscuelasDignas &#8212;&#8211;\u00a0#Tec\u00e1macDeFelipeVillanueva,\u00a0#EstadoDeM\u00e9xico.- Con el firme prop\u00f3sito de cimentar un futuro de equidad, la gobernadora Mtra. #Delfina G\u00f3mez \u00c1lvarez y<\/p>\n","protected":false},"author":8,"featured_media":42649,"comment_status":"open","ping_status":"open","sticky":false,"template":"","format":"standard","meta":{"colormag_page_container_layout":"default_layout","colormag_page_sidebar_layout":"default_layout","rop_custom_images_group":[],"rop_custom_messages_group":[],"rop_publish_now":"no","rop_publish_now_accounts":{"facebook_102468208940364_894887317217274":""},"rop_publish_now_history":[{"account":"facebook_102468208940364_894887317217274","service":"facebook","timestamp":1772847178,"status":"success"}],"rop_publish_now_status":"done","footnotes":""},"categories":[34],"tags":[88,787,177,474,379,376,217,136,770,903,55,461,786,789,378,377],"class_list":["post-42647","post","type-post","status-publish","format-standard","has-post-thumbnail","hentry","category-alcaldesas","tag-amlo","tag-claudia-sheinbaum-pardo","tag-delfina-gomez-alvarez","tag-el-mexiquense-vip","tag-en-vivo","tag-enterate","tag-gobierno-de-mexico","tag-gobierno-del-estado-de-mexico","tag-luisa-maria-alcalde-lujan","tag-luz-ma-hernandez","tag-mariela-gutierrez-escalante","tag-noticias-tecamac","tag-rosi-wong-romero","tag-tecamac-ayuntamiento-del-bicentenario-2025-2027","tag-ultimahora","tag-ultimas-noticias"],"_links":{"self":[{"href":"https:\/\/elmexiquense.vip\/index.php?rest_route=\/wp\/v2\/posts\/42647","targetHints":{"allow":["GET"]}}],"collection":[{"href":"https:\/\/elmexiquense.vip\/index.php?rest_route=\/wp\/v2\/posts"}],"about":[{"href":"https:\/\/elmexiquense.vip\/index.php?rest_route=\/wp\/v2\/types\/post"}],"author":[{"embeddable":true,"href":"https:\/\/elmexiquense.vip\/index.php?rest_route=\/wp\/v2\/users\/8"}],"replies":[{"embeddable":true,"href":"https:\/\/elmexiquense.vip\/index.php?rest_route=%2Fwp%2Fv2%2Fcomments&post=42647"}],"version-history":[{"count":1,"href":"https:\/\/elmexiquense.vip\/index.php?rest_route=\/wp\/v2\/posts\/42647\/revisions"}],"predecessor-version":[{"id":42650,"href":"https:\/\/elmexiquense.vip\/index.php?rest_route=\/wp\/v2\/posts\/42647\/revisions\/42650"}],"wp:featuredmedia":[{"embeddable":true,"href":"https:\/\/elmexiquense.vip\/index.php?rest_route=\/wp\/v2\/media\/42649"}],"wp:attachment":[{"href":"https:\/\/elmexiquense.vip\/index.php?rest_route=%2Fwp%2Fv2%2Fmedia&parent=42647"}],"wp:term":[{"taxonomy":"category","embeddable":true,"href":"https:\/\/elmexiquense.vip\/index.php?rest_route=%2Fwp%2Fv2%2Fcategories&post=42647"},{"taxonomy":"post_tag","embeddable":true,"href":"https:\/\/elmexiquense.vip\/index.php?rest_route=%2Fwp%2Fv2%2Ftags&post=42647"}],"curies":[{"name":"wp","href":"https:\/\/api.w.org\/{rel}","templated":true}]}}