{"id":42652,"date":"2026-03-06T19:47:10","date_gmt":"2026-03-07T01:47:10","guid":{"rendered":"https:\/\/elmexiquense.vip\/?p=42652"},"modified":"2026-03-06T19:47:10","modified_gmt":"2026-03-07T01:47:10","slug":"gobierno-de-cuautitlan-izcalli-fortalece-la-atencion-directa-en-pueblos-originarios-mediante-la-jornada-integral-dia-del-pueblo-en-santiago-tepalcapa-daniel_ser-gobizcalli","status":"publish","type":"post","link":"https:\/\/elmexiquense.vip\/?p=42652","title":{"rendered":"Gobierno de Cuautitl\u00e1n Izcalli fortalece la atenci\u00f3n directa en pueblos originarios mediante la jornada integral D\u00eda del Pueblo en Santiago Tepalcapa \/ @daniel_ser @GobIzcalli >>>"},"content":{"rendered":"\n<p><strong>#Acci\u00f3nCiudadana<\/strong> &#8211; <strong>#PueblosConVoz<\/strong> &#8212;&#8211; <strong>#Cuautitl\u00e1nIzcalli<\/strong>,\u00a0#<strong>EstadoDeM\u00e9xico<\/strong>.-\u00a0En un ejercicio de proximidad que rompe con la burocracia tradicional, el alcalde de <strong>#Izcalli , #DanielSerranoPalacios<\/strong> encabez\u00f3 el <strong>#D\u00edaDelPueblo<\/strong> en Santiago Tepalcapa, reafirmando que su administraci\u00f3n es de territorio y no de escritorio. Bajo la premisa de que este espacio no es para la <strong>\u00abautocomplacencia\u00bb<\/strong>, el edil escuch\u00f3 de primera mano las necesidades de la comunidad, asumiendo el reto de revertir a\u00f1os de abandono institucional. La jornada se consolid\u00f3 como una plataforma directa para ofrecer soluciones inmediatas, demostrando que el gobierno municipal est\u00e1 decidido a trabajar el triple para rescatar la dignidad de sus pueblos originarios. <strong>#IzcalliEnTerritorio #JusticiaSocial<\/strong><\/p>\n\n\n\n<p>Durante esta actividad, el Ayuntamiento despleg\u00f3 una robusta oferta de servicios que incluy\u00f3 desde <strong>bolsa de trabajo y asesor\u00eda jur\u00eddica<\/strong> hasta consultas m\u00e9dicas y dentales gratuitas para todas las familias. Los asistentes pudieron agilizar tr\u00e1mites de predial y solicitar mejoras en <strong>servicios p\u00fablicos, agua y seguridad<\/strong>, obteniendo respuestas en tiempo real por parte de las diversas dependencias que conforman la administraci\u00f3n local.<\/p>\n\n\n\n<figure class=\"wp-block-image aligncenter size-medium\"><img loading=\"lazy\" decoding=\"async\" width=\"300\" height=\"274\" src=\"https:\/\/elmexiquense.vip\/wp-content\/uploads\/2026\/03\/dani-2-1-e1772847898675-300x274.jpg\" alt=\"\" class=\"wp-image-42653\"\/><\/figure>\n\n\n\n<p>La presencia de <strong>Edgar Estrada<\/strong>, Secretario T\u00e9cnico de la Mesa de Paz, fortaleci\u00f3 la jornada mediante la <strong>Estrategia de Atenci\u00f3n a las Causas<\/strong>, brindando servicios especializados de salud para las mujeres. Esta colaboraci\u00f3n con la Secretar\u00eda de Gobernaci\u00f3n subraya la importancia de atender el bienestar integral, incluyendo acciones de <strong>esterilizaci\u00f3n de mascotas<\/strong> y orientaci\u00f3n nutricional, como pilares fundamentales para reconstruir el tejido social del municipio.<\/p>\n\n\n\n<p>Con estas acciones, Cuautitl\u00e1n Izcalli ratifica su compromiso de mantener un <strong>gobierno de puertas abiertas<\/strong> que prioriza la atenci\u00f3n directa en las comunidades hist\u00f3ricamente olvidadas. Al acercar las \u00e1reas administrativas a los pueblos, se garantiza una gesti\u00f3n eficiente que pone al ciudadano en el centro de cada decisi\u00f3n pol\u00edtica y operativa.<\/p>\n\n\n\n<p><strong>#ElMexiquenseVIP<\/strong>\u00a0\u2013<a href=\"https:\/\/www.facebook.com\/ElMexiquenseVIP\/\"><strong>El Mexiquense VIP<\/strong><\/a><\/p>\n\n\n\n<figure class=\"wp-block-image aligncenter size-large\"><img loading=\"lazy\" decoding=\"async\" width=\"1024\" height=\"683\" src=\"https:\/\/elmexiquense.vip\/wp-content\/uploads\/2026\/03\/dani-1-1-1024x683.jpg\" alt=\"\" class=\"wp-image-42654\"\/><\/figure>\n","protected":false},"excerpt":{"rendered":"<p>#Acci\u00f3nCiudadana &#8211; #PueblosConVoz &#8212;&#8211; #Cuautitl\u00e1nIzcalli,\u00a0#EstadoDeM\u00e9xico.-\u00a0En un ejercicio de proximidad que rompe con la burocracia tradicional, el alcalde de #Izcalli ,<\/p>\n","protected":false},"author":8,"featured_media":42654,"comment_status":"open","ping_status":"open","sticky":false,"template":"","format":"standard","meta":{"colormag_page_container_layout":"default_layout","colormag_page_sidebar_layout":"default_layout","rop_custom_images_group":[],"rop_custom_messages_group":[],"rop_publish_now":"no","rop_publish_now_accounts":{"facebook_102468208940364_894887317217274":""},"rop_publish_now_history":[{"account":"facebook_102468208940364_894887317217274","service":"facebook","timestamp":1772848048,"status":"success"}],"rop_publish_now_status":"done","footnotes":""},"categories":[73],"tags":[88,787,900,758,177,100,474,379,376,217,136,613,770,688,435,899,383],"class_list":["post-42652","post","type-post","status-publish","format-standard","has-post-thumbnail","hentry","category-sobresaliente","tag-amlo","tag-claudia-sheinbaum-pardo","tag-cuautitlan-izcalli-news","tag-daniel-serrano-palacios","tag-delfina-gomez-alvarez","tag-dif-cuautitlan-izcalli","tag-el-mexiquense-vip","tag-en-vivo","tag-enterate","tag-gobierno-de-mexico","tag-gobierno-del-estado-de-mexico","tag-gobierno-municipal-de-cuautitlan-izcalli","tag-luisa-maria-alcalde-lujan","tag-noticias-cuautitlan-izcalli","tag-noticias-estado-de-mexico","tag-turismo-cuautitlan-izcalli","tag-ultima-hora"],"_links":{"self":[{"href":"https:\/\/elmexiquense.vip\/index.php?rest_route=\/wp\/v2\/posts\/42652","targetHints":{"allow":["GET"]}}],"collection":[{"href":"https:\/\/elmexiquense.vip\/index.php?rest_route=\/wp\/v2\/posts"}],"about":[{"href":"https:\/\/elmexiquense.vip\/index.php?rest_route=\/wp\/v2\/types\/post"}],"author":[{"embeddable":true,"href":"https:\/\/elmexiquense.vip\/index.php?rest_route=\/wp\/v2\/users\/8"}],"replies":[{"embeddable":true,"href":"https:\/\/elmexiquense.vip\/index.php?rest_route=%2Fwp%2Fv2%2Fcomments&post=42652"}],"version-history":[{"count":1,"href":"https:\/\/elmexiquense.vip\/index.php?rest_route=\/wp\/v2\/posts\/42652\/revisions"}],"predecessor-version":[{"id":42655,"href":"https:\/\/elmexiquense.vip\/index.php?rest_route=\/wp\/v2\/posts\/42652\/revisions\/42655"}],"wp:featuredmedia":[{"embeddable":true,"href":"https:\/\/elmexiquense.vip\/index.php?rest_route=\/wp\/v2\/media\/42654"}],"wp:attachment":[{"href":"https:\/\/elmexiquense.vip\/index.php?rest_route=%2Fwp%2Fv2%2Fmedia&parent=42652"}],"wp:term":[{"taxonomy":"category","embeddable":true,"href":"https:\/\/elmexiquense.vip\/index.php?rest_route=%2Fwp%2Fv2%2Fcategories&post=42652"},{"taxonomy":"post_tag","embeddable":true,"href":"https:\/\/elmexiquense.vip\/index.php?rest_route=%2Fwp%2Fv2%2Ftags&post=42652"}],"curies":[{"name":"wp","href":"https:\/\/api.w.org\/{rel}","templated":true}]}}