{"id":42660,"date":"2026-03-16T19:10:00","date_gmt":"2026-03-17T01:10:00","guid":{"rendered":"https:\/\/elmexiquense.vip\/?p=42660"},"modified":"2026-03-16T19:14:08","modified_gmt":"2026-03-17T01:14:08","slug":"ana-castro-fernandez-mi-compromiso-es-derribar-las-barreras-que-limitan-la-libertad-de-nuestras-mujeres-25_27tultitlan","status":"publish","type":"post","link":"https:\/\/elmexiquense.vip\/?p=42660","title":{"rendered":"Ana Castro Fern\u00e1ndez: \u00abMi compromiso es derribar las barreras que limitan la libertad de nuestras mujeres\u00bb \/ @25_27Tultitlan >>>"},"content":{"rendered":"\n<p><strong>#LiderazgoFemeninoMX<\/strong> &#8211; <strong>#8M2026<\/strong> &#8212;&#8211; <strong>#Tultitl\u00e1n, #EstadoDeM\u00e9xico<\/strong>.-\u00a0Como bien afirm\u00f3 la escritora <strong>Simone de Beauvoir<\/strong>: \u00abNo se nace mujer, se llega a serlo\u00bb, una premisa que cobr\u00f3 un matiz <strong>preclaro<\/strong> durante los actos conmemorativos en Tultitl\u00e1n. En este escenario, la alcaldesa <strong>#AnaCastroFern\u00e1ndez<\/strong> impuls\u00f3 las tendencias <strong>#MujeresQueTransforman<\/strong> y <strong>#JusticiaSocial<\/strong> para visibilizar una lucha hist\u00f3rica que hoy se traduce en pol\u00edticas p\u00fablicas de acompa\u00f1amiento. Su discurso, cargado de una <strong>elocuencia<\/strong> natural, reson\u00f3 entre las asistentes como un recordatorio del poder colectivo que actualmente moviliza y define el rumbo de toda la demarcaci\u00f3n.<\/p>\n\n\n\n<p>La presidenta municipal, <strong>Ana Castro<\/strong>, recorri\u00f3 los diversos eventos con una actitud <strong>afable<\/strong>, logrando una conexi\u00f3n genuina con las ciudadanas presentes. Durante su intervenci\u00f3n, <strong>Ana Castro<\/strong> enfatiz\u00f3 que su gesti\u00f3n busca <strong>erradicar<\/strong> cualquier vestigio de desigualdad, reafirmando que el compromiso institucional es derribar barreras estructurales. <strong>\u00abAl ver sus rostros, veo la fuerza que mueve a todo Tultitl\u00e1n\u00bb,<\/strong> se\u00f1al\u00f3 conmovida ante una audiencia que reconoci\u00f3 su labor constante en favor de la equidad de g\u00e9nero.<\/p>\n\n\n\n<p>En un ejercicio de <strong>introspection<\/strong> colectiva, se record\u00f3 que esta fecha no es meramente festiva, sino una reivindicaci\u00f3n de los derechos fundamentales de las mujeres. La alcaldesa de Tultitl\u00e1n subray\u00f3 la necesidad de garantizar una vida libre de violencia, actuando con <strong>denuedo<\/strong> frente a los desaf\u00edos que a\u00fan persisten en la sociedad actual.<strong> \u00abLa narrativa oficial destaca que el camino hacia la justicia se construye diariamente mediante el trabajo coordinado entre la ciudadan\u00eda y sus representantes\u00bb<\/strong>, asegur\u00f3.<\/p>\n\n\n\n<figure class=\"wp-block-image aligncenter size-medium\"><img loading=\"lazy\" decoding=\"async\" width=\"300\" height=\"300\" src=\"https:\/\/elmexiquense.vip\/wp-content\/uploads\/2026\/03\/ana-2-e1773092264999-300x300.jpg\" alt=\"\" class=\"wp-image-42661\"\/><\/figure>\n\n\n\n<p>Al concluir la jornada, <strong>Ana Castro Fern\u00e1ndez<\/strong> reiter\u00f3 que cada historia compartida representa una causa vital para seguir avanzando hacia un futuro de respeto absoluto. <strong>\u00abJuntas seguimos avanzando\u00bb,<\/strong> sentenci\u00f3 con una determinaci\u00f3n <strong>inequ\u00edvoca<\/strong>, asegurando que las oportunidades ser\u00e1n equitativas para todas las habitantes del municipio. Este encuentro de voluntades reafirma la <strong>solidaridad<\/strong> como el eje motor de una transformaci\u00f3n social que ya es irreversible bajo su liderazgo.<\/p>\n\n\n\n<p>Finalmente, como sentenci\u00f3 <strong>Maya Angelou<\/strong>: \u00abCada vez que una mujer se levanta por s\u00ed misma, se levanta por todas las mujeres\u00bb. Esta visi\u00f3n de progreso asegura que el empoderamiento femenino en Tultitl\u00e1n sea el cimiento de una comunidad m\u00e1s pr\u00f3spera y humana en Tultitl\u00e1n.<\/p>\n\n\n\n<p><strong>#miangelzorro<\/strong><\/p>\n\n\n\n<p><strong>#ElMexiquenseVIP<\/strong>\u00a0\u2013<a href=\"https:\/\/www.facebook.com\/ElMexiquenseVIP\/\"><strong>El Mexiquense VIP<\/strong><\/a><\/p>\n\n\n\n<figure class=\"wp-block-image aligncenter size-large\"><img loading=\"lazy\" decoding=\"async\" width=\"1024\" height=\"771\" src=\"https:\/\/elmexiquense.vip\/wp-content\/uploads\/2026\/03\/ana-1-e1773092382261-1024x771.jpg\" alt=\"\" class=\"wp-image-42662\"\/><\/figure>\n","protected":false},"excerpt":{"rendered":"<p>#LiderazgoFemeninoMX &#8211; #8M2026 &#8212;&#8211; #Tultitl\u00e1n, #EstadoDeM\u00e9xico.-\u00a0Como bien afirm\u00f3 la escritora Simone de Beauvoir: \u00abNo se nace mujer, se llega a<\/p>\n","protected":false},"author":1,"featured_media":42662,"comment_status":"open","ping_status":"open","sticky":false,"template":"","format":"standard","meta":{"colormag_page_container_layout":"default_layout","colormag_page_sidebar_layout":"default_layout","rop_custom_images_group":[],"rop_custom_messages_group":[],"rop_publish_now":"no","rop_publish_now_accounts":{"facebook_102468208940364_894887317217274":""},"rop_publish_now_history":[{"account":"facebook_102468208940364_894887317217274","service":"facebook","timestamp":1773092579,"status":"success"}],"rop_publish_now_status":"done","footnotes":""},"categories":[29],"tags":[88,749,773,787,177,102,49,379,376,217,136,770,762,435,439,901,378,377],"class_list":["post-42660","post","type-post","status-publish","format-standard","has-post-thumbnail","hentry","category-destacados","tag-amlo","tag-ana-castro-fernandez","tag-andres-manuel-lopez-beltran","tag-claudia-sheinbaum-pardo","tag-delfina-gomez-alvarez","tag-dif-tultitlan","tag-elena-garcia-martinez","tag-en-vivo","tag-enterate","tag-gobierno-de-mexico","tag-gobierno-del-estado-de-mexico","tag-luisa-maria-alcalde-lujan","tag-miguel-angel-zorro","tag-noticias-estado-de-mexico","tag-noticias-tultitlan","tag-tultitlan-news","tag-ultimahora","tag-ultimas-noticias"],"_links":{"self":[{"href":"https:\/\/elmexiquense.vip\/index.php?rest_route=\/wp\/v2\/posts\/42660","targetHints":{"allow":["GET"]}}],"collection":[{"href":"https:\/\/elmexiquense.vip\/index.php?rest_route=\/wp\/v2\/posts"}],"about":[{"href":"https:\/\/elmexiquense.vip\/index.php?rest_route=\/wp\/v2\/types\/post"}],"author":[{"embeddable":true,"href":"https:\/\/elmexiquense.vip\/index.php?rest_route=\/wp\/v2\/users\/1"}],"replies":[{"embeddable":true,"href":"https:\/\/elmexiquense.vip\/index.php?rest_route=%2Fwp%2Fv2%2Fcomments&post=42660"}],"version-history":[{"count":1,"href":"https:\/\/elmexiquense.vip\/index.php?rest_route=\/wp\/v2\/posts\/42660\/revisions"}],"predecessor-version":[{"id":42663,"href":"https:\/\/elmexiquense.vip\/index.php?rest_route=\/wp\/v2\/posts\/42660\/revisions\/42663"}],"wp:featuredmedia":[{"embeddable":true,"href":"https:\/\/elmexiquense.vip\/index.php?rest_route=\/wp\/v2\/media\/42662"}],"wp:attachment":[{"href":"https:\/\/elmexiquense.vip\/index.php?rest_route=%2Fwp%2Fv2%2Fmedia&parent=42660"}],"wp:term":[{"taxonomy":"category","embeddable":true,"href":"https:\/\/elmexiquense.vip\/index.php?rest_route=%2Fwp%2Fv2%2Fcategories&post=42660"},{"taxonomy":"post_tag","embeddable":true,"href":"https:\/\/elmexiquense.vip\/index.php?rest_route=%2Fwp%2Fv2%2Ftags&post=42660"}],"curies":[{"name":"wp","href":"https:\/\/api.w.org\/{rel}","templated":true}]}}