{"id":42664,"date":"2026-03-17T14:20:01","date_gmt":"2026-03-17T20:20:01","guid":{"rendered":"https:\/\/elmexiquense.vip\/?p=42664"},"modified":"2026-03-18T14:04:46","modified_gmt":"2026-03-18T20:04:46","slug":"daniel-serrano-alcalde-de-izcalli-vence-la-proliferacion-deleterea-en-el-lago-de-guadalupe-daniel_ser-gobizcalli","status":"publish","type":"post","link":"https:\/\/elmexiquense.vip\/?p=42664","title":{"rendered":"Daniel Serrano, alcalde de Izcalli, vence la proliferaci\u00f3n delet\u00e9rea en el Lago de Guadalupe \/ @daniel_ser @GobIzcalli >>>"},"content":{"rendered":"\n<p><strong>#RescateIzcalli <\/strong>&#8211; <strong>#AguaParaM\u00e9xico<\/strong> &#8212;&#8211; <strong>#Cuautitl\u00e1nIzcalli<\/strong>,\u00a0#<strong>EstadoDeM\u00e9xico<\/strong>.-\u00a0Como advirti\u00f3 <strong>Alexander von Humboldt<\/strong>: <em>\u00abLa naturaleza es un todo viviente\u00bb<\/em>, y hoy esa sentencia cobra renovada vigencia tras el anuncio del alcalde <strong>#DanielSerranoPalacios<\/strong>. En su conferencia semanal, el edil subray\u00f3 que, mediante las etiquetas <strong>#RescateAmbiental<\/strong> y <strong>#PoderDelPueblo<\/strong>, se ha logrado la erradicaci\u00f3n integral del lirio y la lentejilla en la <strong>#PresaDeGuadalupe<\/strong>. Este acontecimiento constituye un hito de <strong>magnitud<\/strong> y devuelve la <strong>armon\u00eda<\/strong> a un ecosistema que se hallaba en riesgo por la proliferaci\u00f3n desmedida de flora invasora. La noticia, revestida de trascendencia, marca un parteaguas en la defensa del patrimonio natural de Cuautitl\u00e1n Izcalli.<\/p>\n\n\n\n<p>La maestra <strong>Lily Marlenne Ch\u00e1vez Campuzano<\/strong>, titular de Sustentabilidad, explic\u00f3 que la recuperaci\u00f3n del embalse fue resultado de un proceso <strong>meticuloso<\/strong> y coordinado con el municipio de Nicol\u00e1s Romero y la SEDENA. La colocaci\u00f3n estrat\u00e9gica de diques permiti\u00f3 revertir la expansi\u00f3n <strong>omn\u00edmoda<\/strong> de maleza acu\u00e1tica que sofocaba la superficie del lago. <strong>\u00abCatorce elementos castrenses realizaron el retiro manual de diez metros c\u00fabicos de vegetaci\u00f3n, devolviendo la claridad al cauce\u00bb,<\/strong> puntualiz\u00f3 el Alcalde de Cuautitl\u00e1n Izcalli.<\/p>\n\n\n\n<p>Para evitar el rebrote, se instalaron mangueras de seguridad que act\u00faan como una barrera <strong>inexpugnable<\/strong> contra la dispersi\u00f3n de semillas y filamentos de lentejilla en zonas cr\u00edticas. <strong>\u00abEl personal especializado mantiene una vigilancia asidua, garantizando que los esfuerzos de saneamiento no se diluyan ante las din\u00e1micas biol\u00f3gicas naturales\u00bb<\/strong>, aseguro <strong>Daniel Serrano<\/strong>. Este blindaje operativo consolida una infraestructura de protecci\u00f3n que asegura la salud h\u00eddrica a largo plazo en la demarcaci\u00f3n.<\/p>\n\n\n\n<figure class=\"wp-block-image aligncenter size-medium\"><img loading=\"lazy\" decoding=\"async\" width=\"272\" height=\"300\" src=\"https:\/\/elmexiquense.vip\/wp-content\/uploads\/2026\/03\/dani-2-2-e1773093204418-272x300.jpg\" alt=\"\" class=\"wp-image-42665\"\/><\/figure>\n\n\n\n<p>El presidente <strong>Daniel Serrano<\/strong> reconoci\u00f3 el valor de este proyecto, alineado con la pol\u00edtica de potabilizaci\u00f3n impulsada por la presidenta <strong>Claudia Sheinbaum Pardo<\/strong>. La sinergia institucional ha sido determinante para que el Lago de Guadalupe sea hoy un referente de recuperaci\u00f3n ambiental bajo la supervisi\u00f3n de Conagua. <strong>\u00abEste logro representa un acto de filantrop\u00eda hacia las futuras generaciones y un s\u00edmbolo de renovaci\u00f3n urbana\u00bb<\/strong>.<\/p>\n\n\n\n<p>Como afirm\u00f3 <strong>Rachel Carson<\/strong>: <em>\u00abEn la naturaleza, nada existe solo\u00bb<\/em>, record\u00e1ndonos que la restauraci\u00f3n de nuestras aguas es preludio de una sociedad m\u00e1s <strong>equilibrada<\/strong> y profundamente <strong>consciente<\/strong> de su entorno vital.  <strong> #IzcalliVerde<\/strong> &#8211; <strong>#9M<\/strong><\/p>\n\n\n\n<p><strong>#Miangelzorro<\/strong><\/p>\n\n\n\n<p><strong>#ElMexiquenseVIP<\/strong>\u00a0\u2013<a href=\"https:\/\/www.facebook.com\/ElMexiquenseVIP\/\"><strong>El Mexiquense VIP<\/strong><\/a><\/p>\n\n\n\n<figure class=\"wp-block-image aligncenter size-large\"><img loading=\"lazy\" decoding=\"async\" width=\"1024\" height=\"635\" src=\"https:\/\/elmexiquense.vip\/wp-content\/uploads\/2026\/03\/dani-1-2-e1773093272707-1024x635.jpg\" alt=\"\" class=\"wp-image-42666\"\/><\/figure>\n","protected":false},"excerpt":{"rendered":"<p>#RescateIzcalli &#8211; #AguaParaM\u00e9xico &#8212;&#8211; #Cuautitl\u00e1nIzcalli,\u00a0#EstadoDeM\u00e9xico.-\u00a0Como advirti\u00f3 Alexander von Humboldt: \u00abLa naturaleza es un todo viviente\u00bb, y hoy esa sentencia cobra<\/p>\n","protected":false},"author":1,"featured_media":42666,"comment_status":"open","ping_status":"open","sticky":false,"template":"","format":"standard","meta":{"colormag_page_container_layout":"default_layout","colormag_page_sidebar_layout":"default_layout","rop_custom_images_group":[],"rop_custom_messages_group":[],"rop_publish_now":"no","rop_publish_now_accounts":{"facebook_102468208940364_894887317217274":""},"rop_publish_now_history":[{"account":"facebook_102468208940364_894887317217274","service":"facebook","timestamp":1773094039,"status":"success"}],"rop_publish_now_status":"done","footnotes":""},"categories":[73],"tags":[88,787,900,758,177,100,474,379,376,217,136,613,770,762,688,435,899,383],"class_list":["post-42664","post","type-post","status-publish","format-standard","has-post-thumbnail","hentry","category-sobresaliente","tag-amlo","tag-claudia-sheinbaum-pardo","tag-cuautitlan-izcalli-news","tag-daniel-serrano-palacios","tag-delfina-gomez-alvarez","tag-dif-cuautitlan-izcalli","tag-el-mexiquense-vip","tag-en-vivo","tag-enterate","tag-gobierno-de-mexico","tag-gobierno-del-estado-de-mexico","tag-gobierno-municipal-de-cuautitlan-izcalli","tag-luisa-maria-alcalde-lujan","tag-miguel-angel-zorro","tag-noticias-cuautitlan-izcalli","tag-noticias-estado-de-mexico","tag-turismo-cuautitlan-izcalli","tag-ultima-hora"],"_links":{"self":[{"href":"https:\/\/elmexiquense.vip\/index.php?rest_route=\/wp\/v2\/posts\/42664","targetHints":{"allow":["GET"]}}],"collection":[{"href":"https:\/\/elmexiquense.vip\/index.php?rest_route=\/wp\/v2\/posts"}],"about":[{"href":"https:\/\/elmexiquense.vip\/index.php?rest_route=\/wp\/v2\/types\/post"}],"author":[{"embeddable":true,"href":"https:\/\/elmexiquense.vip\/index.php?rest_route=\/wp\/v2\/users\/1"}],"replies":[{"embeddable":true,"href":"https:\/\/elmexiquense.vip\/index.php?rest_route=%2Fwp%2Fv2%2Fcomments&post=42664"}],"version-history":[{"count":1,"href":"https:\/\/elmexiquense.vip\/index.php?rest_route=\/wp\/v2\/posts\/42664\/revisions"}],"predecessor-version":[{"id":42667,"href":"https:\/\/elmexiquense.vip\/index.php?rest_route=\/wp\/v2\/posts\/42664\/revisions\/42667"}],"wp:featuredmedia":[{"embeddable":true,"href":"https:\/\/elmexiquense.vip\/index.php?rest_route=\/wp\/v2\/media\/42666"}],"wp:attachment":[{"href":"https:\/\/elmexiquense.vip\/index.php?rest_route=%2Fwp%2Fv2%2Fmedia&parent=42664"}],"wp:term":[{"taxonomy":"category","embeddable":true,"href":"https:\/\/elmexiquense.vip\/index.php?rest_route=%2Fwp%2Fv2%2Fcategories&post=42664"},{"taxonomy":"post_tag","embeddable":true,"href":"https:\/\/elmexiquense.vip\/index.php?rest_route=%2Fwp%2Fv2%2Ftags&post=42664"}],"curies":[{"name":"wp","href":"https:\/\/api.w.org\/{rel}","templated":true}]}}