{"id":42674,"date":"2026-03-09T19:25:00","date_gmt":"2026-03-10T01:25:00","guid":{"rendered":"https:\/\/elmexiquense.vip\/?p=42674"},"modified":"2026-03-11T15:53:34","modified_gmt":"2026-03-11T21:53:34","slug":"isaac-montoya-marquez-desarticula-el-rezago-en-naucalpan-con-un-gasto-publico-prudencial-de-mil-millones-de-pesos-isaacsolar-gobnau","status":"publish","type":"post","link":"https:\/\/elmexiquense.vip\/?p=42674","title":{"rendered":"Isaac Montoya M\u00e1rquez Desarticula el Rezago en Naucalpan con un Gasto P\u00fablico Prudencial de Mil Millones de Pesos \/ @isaacsolar @GobNau >>>"},"content":{"rendered":"\n<p><strong>#JusticiaSocialMX<\/strong> &#8211; <strong>#8M2026<\/strong> &#8212;&#8212; Como se\u00f1al\u00f3 <strong>Benjamin Franklin<\/strong>: <em>\u00abLa tragedia de la vida es que nos hacemos viejos pronto y sabios demasiado tarde\u00bb<\/em>, pero bajo la \u00e9gida de<strong> #IsaacMontoyaM\u00e1rquez<\/strong>, <strong>#Naucalpan <\/strong>rompe esa inercia con un despliegue de justicia social sin precedentes. El edil ha sido enf\u00e1tico al declarar que no existen ciudadanos de categor\u00edas inferiores, desterrando las viejas \u201cgriller\u00edas baratas\u201d que antes fracturaban la cohesi\u00f3n comunitaria en <strong>#NaucalpanTransforma<\/strong> y <strong>#GobiernoConRumbo<\/strong>. Esta voluntad pol\u00edtica se manifiesta como un ejercicio de <strong>equidad<\/strong> que busca amalgamar a todos los sectores en un mismo proyecto de <strong>dignidad<\/strong> humana.<\/p>\n\n\n\n<p>El mandatario local record\u00f3 su v\u00ednculo hist\u00f3rico con la regi\u00f3n, donde su labor de gesti\u00f3n antecedi\u00f3 a su actual investidura mediante acciones de desazolve. Esta continuidad en el servicio p\u00fablico permite justipreciar las carencias m\u00e1s profundas de la poblaci\u00f3n con una sensibilidad <strong>genuina<\/strong>. <strong>\u00abGracias a una disciplina fiscal inquebrantable, los activos del erario se han orientado a subsanar el rezago hist\u00f3rico en materia de seguridad y servicios b\u00e1sicos\u00bb<\/strong>, expic\u00f3.<\/p>\n\n\n\n<p>La cifra de inversi\u00f3n en obra p\u00fablica durante este primer ejercicio anual resulta asombrosa, alcanzando la suma de mil millones de pesos. Este monto supera con creces los setecientos millones que la gesti\u00f3n precedente acumul\u00f3 en todo su trienio administrativo. Ante este escenario, el alcalde enfatiz\u00f3 que, <strong>\u00abla transparencia financiera es el motor que permite dinamizar el crecimiento de la infraestructura urbana en beneficio de las familias\u00bb<\/strong>.<\/p>\n\n\n\n<figure class=\"wp-block-image aligncenter size-medium\"><img loading=\"lazy\" decoding=\"async\" width=\"256\" height=\"300\" src=\"https:\/\/elmexiquense.vip\/wp-content\/uploads\/2026\/03\/isa-2-3-e1773104401488-256x300.jpg\" alt=\"\" class=\"wp-image-42675\"\/><\/figure>\n\n\n\n<p>Entre los anuncios de mayor envergadura destaca el Par Vial de San Mateo, una intervenci\u00f3n estrat\u00e9gica financiada en su totalidad por recursos municipales. <strong>\u00abEsta obra se suma a la visi\u00f3n de movilidad que incluye la rehabilitaci\u00f3n del Perif\u00e9rico Norte y el proyecto del Mexicable, impulsado por la gobernadora Delfina G\u00f3mez \u00c1lvarez<\/strong>\u00ab, puntualiz\u00f3<strong> Isaac Montoya<\/strong>. Con un esp\u00edritu de <strong>resiliencia<\/strong>, el gobierno local se prepara para duplicar el n\u00famero de intervenciones f\u00edsicas, optimizando la <strong>seguridad<\/strong> vial y los tiempos de traslado.<\/p>\n\n\n\n<p>El enfoque de seguridad humana se extiende mediante los Senderos Seguros, conectando nodos educativos vitales como la FES Acatl\u00e1n y el CCH Naucalpan. <strong>\u00abEsta red de protecci\u00f3n luminosa pretende erradicar los puntos ciegos de la delincuencia en zonas emblem\u00e1ticas como Cuatro Caminos, El Molinito y Ciudad Sat\u00e9lite\u00bb<\/strong>, abund\u00f3 el Alcalde de Naucalpan. <\/p>\n\n\n\n<p>Como afirm\u00f3 <strong>Hannah Arendt<\/strong>: <em>\u00abEl objetivo de la pol\u00edtica no es la felicidad, sino la libertad\u00bb<\/em>, y hoy esa libertad se construye con calles dignas y espacios seguros para todos. Esta administraci\u00f3n reafirma su voluntad de seguir edificando un entorno donde la <strong>prosperidad<\/strong> sea el denominador com\u00fan y la <strong>esperanza<\/strong> el horizonte compartido de cada rinc\u00f3n de Naucalpan.  <strong>#HuellaDeTransformaci\u00f3n<\/strong> &#8211; <strong>#NaucalpanRenace<\/strong><\/p>\n\n\n\n<p><strong>#miangelzorro<\/strong><\/p>\n\n\n\n<p><strong>#ElMexiquenseVIP<\/strong>\u00a0\u2013<a href=\"https:\/\/www.facebook.com\/ElMexiquenseVIP\/\"><strong>El Mexiquense VIP<\/strong><\/a><\/p>\n\n\n\n<figure class=\"wp-block-image aligncenter size-large\"><img loading=\"lazy\" decoding=\"async\" width=\"1024\" height=\"632\" src=\"https:\/\/elmexiquense.vip\/wp-content\/uploads\/2026\/03\/isa-1-3-1024x632.jpg\" alt=\"\" class=\"wp-image-42676\"\/><\/figure>\n","protected":false},"excerpt":{"rendered":"<p>#JusticiaSocialMX &#8211; #8M2026 &#8212;&#8212; Como se\u00f1al\u00f3 Benjamin Franklin: \u00abLa tragedia de la vida es que nos hacemos viejos pronto y<\/p>\n","protected":false},"author":1,"featured_media":42676,"comment_status":"open","ping_status":"open","sticky":false,"template":"","format":"standard","meta":{"colormag_page_container_layout":"default_layout","colormag_page_sidebar_layout":"default_layout","rop_custom_images_group":[],"rop_custom_messages_group":[],"rop_publish_now":"no","rop_publish_now_accounts":{"facebook_102468208940364_894887317217274":""},"rop_publish_now_history":[{"account":"facebook_102468208940364_894887317217274","service":"facebook","timestamp":1773104854,"status":"success"}],"rop_publish_now_status":"done","footnotes":""},"categories":[29],"tags":[88,787,177,105,474,379,376,217,136,575,788,770,762,198,898,766,897,383],"class_list":["post-42674","post","type-post","status-publish","format-standard","has-post-thumbnail","hentry","category-destacados","tag-amlo","tag-claudia-sheinbaum-pardo","tag-delfina-gomez-alvarez","tag-dif-naucalpan","tag-el-mexiquense-vip","tag-en-vivo","tag-enterate","tag-gobierno-de-mexico","tag-gobierno-del-estado-de-mexico","tag-gobierno-municipal-de-naucalpan-de-juarez","tag-isaac-montoya-marquez","tag-luisa-maria-alcalde-lujan","tag-miguel-angel-zorro","tag-morena-naucalpan","tag-naucalpan-news","tag-noticias-naucalpan","tag-turismo-naucalpan","tag-ultima-hora"],"_links":{"self":[{"href":"https:\/\/elmexiquense.vip\/index.php?rest_route=\/wp\/v2\/posts\/42674","targetHints":{"allow":["GET"]}}],"collection":[{"href":"https:\/\/elmexiquense.vip\/index.php?rest_route=\/wp\/v2\/posts"}],"about":[{"href":"https:\/\/elmexiquense.vip\/index.php?rest_route=\/wp\/v2\/types\/post"}],"author":[{"embeddable":true,"href":"https:\/\/elmexiquense.vip\/index.php?rest_route=\/wp\/v2\/users\/1"}],"replies":[{"embeddable":true,"href":"https:\/\/elmexiquense.vip\/index.php?rest_route=%2Fwp%2Fv2%2Fcomments&post=42674"}],"version-history":[{"count":1,"href":"https:\/\/elmexiquense.vip\/index.php?rest_route=\/wp\/v2\/posts\/42674\/revisions"}],"predecessor-version":[{"id":42677,"href":"https:\/\/elmexiquense.vip\/index.php?rest_route=\/wp\/v2\/posts\/42674\/revisions\/42677"}],"wp:featuredmedia":[{"embeddable":true,"href":"https:\/\/elmexiquense.vip\/index.php?rest_route=\/wp\/v2\/media\/42676"}],"wp:attachment":[{"href":"https:\/\/elmexiquense.vip\/index.php?rest_route=%2Fwp%2Fv2%2Fmedia&parent=42674"}],"wp:term":[{"taxonomy":"category","embeddable":true,"href":"https:\/\/elmexiquense.vip\/index.php?rest_route=%2Fwp%2Fv2%2Fcategories&post=42674"},{"taxonomy":"post_tag","embeddable":true,"href":"https:\/\/elmexiquense.vip\/index.php?rest_route=%2Fwp%2Fv2%2Ftags&post=42674"}],"curies":[{"name":"wp","href":"https:\/\/api.w.org\/{rel}","templated":true}]}}